{"id":5363,"date":"2023-08-10T09:52:55","date_gmt":"2023-08-10T12:52:55","guid":{"rendered":"https:\/\/wp.ufpel.edu.br\/projetogama\/?p=5363"},"modified":"2023-08-16T18:59:05","modified_gmt":"2023-08-16T21:59:05","slug":"selecao-de-bolsistas-4","status":"publish","type":"post","link":"https:\/\/wp.ufpel.edu.br\/projetogama\/2023\/08\/10\/selecao-de-bolsistas-4\/","title":{"rendered":"Sele\u00e7\u00e3o de Bolsistas"},"content":{"rendered":"<p>O Projeto GAMA: Grupo de Apoio em Matem\u00e1tica divulga atrav\u00e9s deste a abertura de edital de sele\u00e7\u00e3o para 2 (dois) bolsistas, mais cadastro de reserva.<\/p>\n<p style=\"text-align: center;\"><strong>Descri\u00e7\u00e3o das atividades<\/strong><\/p>\n<p>As\u00a0<strong>Atividades de Revis\u00e3o em Matem\u00e1tica<\/strong>\u00a0s\u00e3o atividades de revis\u00e3o em C\u00e1lculo Diferencial e Integral, Matem\u00e1tica Elementar e ALGA \u2013 \u00c1lgebra Linear e Geometria Anal\u00edtica oferecidas pelo GAMA aos estudantes da UFPel e da comunidade escolar. As atividades s\u00e3o ministradas pelos bolsistas do projeto GAMA e acompanhadas presencialmente pelos professores colaboradores do projeto. Esta atividade proporciona uma excelente oportunidade de contato com a pr\u00e1tica docente para estudantes (de diversos cursos, n\u00e3o somente de licenciatura) que pretendem atuar futuramente como docentes. As atividades abordam conte\u00fados relacionados \u00e0 matem\u00e1tica b\u00e1sica, fun\u00e7\u00f5es, limites, derivadas e integrais de fun\u00e7\u00f5es reais de uma vari\u00e1vel real, geometria anal\u00edtica e \u00e1lgebra linear. A carga hor\u00e1ria total \u00e9 complementada tamb\u00e9m com horas em monitorias do GAMA.<\/p>\n<p>As\u00a0<strong>Monitorias de Matem\u00e1tica Elementar, C\u00e1lculo Diferencial e Integral e ALGA<\/strong>\u00a0s\u00e3o atividades destinadas ao apoio destas disciplinas oferecidas pelo GAMA aos estudantes da UFPel. Nas atividades de monitoria, o bolsista fica \u00e0 disposi\u00e7\u00e3o, em determinados locais e hor\u00e1rios pr\u00e9-definidos, para atender os estudantes e esclarecer diversas d\u00favidas em conte\u00fados relacionados \u00e0 matem\u00e1tica b\u00e1sica, fun\u00e7\u00f5es, limites, derivadas, integrais de fun\u00e7\u00f5es reais de uma vari\u00e1vel real, geometria anal\u00edtica e \u00e1lgebra linear. Os Encontros de C\u00e1lculo ser\u00e3o realizados aos s\u00e1bados, de acordo com uma agenda predeterminada pelos professores respons\u00e1veis por estas atividades.<\/p>\n<p>As <strong>Reuni\u00f5es semanais<\/strong> s\u00e3o momentos de aprendizagem com um professor colaborador do GAMA a respeito do conte\u00fado monitorado e avalia\u00e7\u00e3o das atividades do bolsista.<\/p>\n<p>A\u00a0<strong>Reuni\u00e3o geral <\/strong>\u00e9 um momento com o coordenador do projeto para avaliar o trabalho que vem sendo realizado.<\/p>\n<p>&nbsp;<\/p>\n<p><strong>Per\u00edodo de Inscri\u00e7\u00f5es:\u00a0<\/strong>de 10 de agosto de 2023 at\u00e9 \u00e0s 18hs do dia 16 de agosto de 2023.<\/p>\n<p><strong>Data das provas:<\/strong> 17\/08\/23 \u2013 prova escrita: 17h\u00a0 e 18\/08 \u2013 prova did\u00e1tica: 14h.<\/p>\n<p>Mais informa\u00e7\u00f5es no Edital abaixo.<\/p>\n<p>&nbsp;<\/p>\n<p><strong>Edital<\/strong><\/p>\n<p>Acesse o Edital_MONITORIAS_CALCULO_2023.<\/p>\n<p><strong>\u00a0<\/strong><\/p>\n<p><strong>Observa\u00e7\u00e3o Importante:<\/strong>\u00a0 Conforme informado no edital de sele\u00e7\u00e3o, o\u00a0 tempo total para realiza\u00e7\u00e3o da prova escrita ser\u00e1 de duas horas (das 17:00 \u00e0s 19:00), n\u00e3o sendo permitido tempo extra.<\/p>\n<p>No dia da prova, voc\u00ea dever\u00e1 apresentar um documento de identifica\u00e7\u00e3o com foto e entregar c\u00f3pia do Hist\u00f3rico Acad\u00eamico atualizado emitido pelo COBALTO.<\/p>\n<p><strong>Procedimentos para a inscri\u00e7\u00e3o<\/strong><\/p>\n<p>Realize a inscri\u00e7\u00e3o para o Edital \u00a0<strong>AQUI<\/strong>.<\/p>\n","protected":false},"excerpt":{"rendered":"<p>O Projeto GAMA: Grupo de Apoio em Matem\u00e1tica divulga atrav\u00e9s deste a abertura de edital de sele\u00e7\u00e3o para 2 (dois) bolsistas, mais cadastro de reserva. Descri\u00e7\u00e3o das atividades As\u00a0Atividades de [&hellip;]<\/p>\n","protected":false},"author":437,"featured_media":0,"comment_status":"closed","ping_status":"closed","sticky":false,"template":"","format":"standard","meta":{"jetpack_post_was_ever_published":false,"_jetpack_newsletter_access":"","_jetpack_dont_email_post_to_subs":false,"_jetpack_newsletter_tier_id":0,"_jetpack_memberships_contains_paywalled_content":false,"_jetpack_memberships_contains_paid_content":false,"footnotes":"","jetpack_publicize_message":"","jetpack_publicize_feature_enabled":true,"jetpack_social_post_already_shared":true,"jetpack_social_options":{"image_generator_settings":{"template":"highway","default_image_id":0,"font":"","enabled":false},"version":2}},"categories":[18],"tags":[],"class_list":["post-5363","post","type-post","status-publish","format-standard","hentry","category-inicio-inicio"],"jetpack_publicize_connections":[],"jetpack_featured_media_url":"","jetpack_sharing_enabled":true,"jetpack_shortlink":"https:\/\/wp.me\/p6Slop-1ov","_links":{"self":[{"href":"https:\/\/wp.ufpel.edu.br\/projetogama\/wp-json\/wp\/v2\/posts\/5363","targetHints":{"allow":["GET"]}}],"collection":[{"href":"https:\/\/wp.ufpel.edu.br\/projetogama\/wp-json\/wp\/v2\/posts"}],"about":[{"href":"https:\/\/wp.ufpel.edu.br\/projetogama\/wp-json\/wp\/v2\/types\/post"}],"author":[{"embeddable":true,"href":"https:\/\/wp.ufpel.edu.br\/projetogama\/wp-json\/wp\/v2\/users\/437"}],"replies":[{"embeddable":true,"href":"https:\/\/wp.ufpel.edu.br\/projetogama\/wp-json\/wp\/v2\/comments?post=5363"}],"version-history":[{"count":3,"href":"https:\/\/wp.ufpel.edu.br\/projetogama\/wp-json\/wp\/v2\/posts\/5363\/revisions"}],"predecessor-version":[{"id":5369,"href":"https:\/\/wp.ufpel.edu.br\/projetogama\/wp-json\/wp\/v2\/posts\/5363\/revisions\/5369"}],"wp:attachment":[{"href":"https:\/\/wp.ufpel.edu.br\/projetogama\/wp-json\/wp\/v2\/media?parent=5363"}],"wp:term":[{"taxonomy":"category","embeddable":true,"href":"https:\/\/wp.ufpel.edu.br\/projetogama\/wp-json\/wp\/v2\/categories?post=5363"},{"taxonomy":"post_tag","embeddable":true,"href":"https:\/\/wp.ufpel.edu.br\/projetogama\/wp-json\/wp\/v2\/tags?post=5363"}],"curies":[{"name":"wp","href":"https:\/\/api.w.org\/{rel}","templated":true}]}}