{"id":5355,"date":"2023-07-27T23:32:28","date_gmt":"2023-07-28T02:32:28","guid":{"rendered":"https:\/\/wp.ufpel.edu.br\/projetogama\/?p=5355"},"modified":"2023-07-28T18:13:39","modified_gmt":"2023-07-28T21:13:39","slug":"selecionados-para-a-turma-presencial-de-limites-2","status":"publish","type":"post","link":"https:\/\/wp.ufpel.edu.br\/projetogama\/2023\/07\/27\/selecionados-para-a-turma-presencial-de-limites-2\/","title":{"rendered":"Selecionados para a turma presencial de Limites"},"content":{"rendered":"<p>In\u00edcio em 05\/08\/23. Pela portaria n\u00ba46 da reitoria ficam suspensas as aulas em dias de jogos da sele\u00e7\u00e3o feminina de futebol. O curso ocorrer\u00e1 nos dias 05\/08, 12\/08 e 19\/08.<\/p>\n<p>Mais informa\u00e7\u00f5es ser\u00e3o enviadas pelo e-mail cadastrado no ato da inscri\u00e7\u00e3o.<\/p>\n<p style=\"text-align: center;\"><strong>Limites<\/strong><\/p>\n<table style=\"width: 470px;\" width=\"404\">\n<tbody>\n<tr>\n<td style=\"width: 470px;\" width=\"404\">ANA PAULA MARQUES DE OLIVEIRA<\/td>\n<\/tr>\n<tr>\n<td style=\"width: 470px;\">ANT\u00d4NIO RONILSON PEREIRA ALVES<\/td>\n<\/tr>\n<tr>\n<td style=\"width: 470px;\">CLEBER DOS SANTOS<\/td>\n<\/tr>\n<tr>\n<td style=\"width: 470px;\">DAISON OSWALDT REHBEIN<\/td>\n<\/tr>\n<tr>\n<td style=\"width: 470px;\">DIONATAN GARCIA SIQUEIRA DA SILVA<\/td>\n<\/tr>\n<tr>\n<td style=\"width: 470px;\">EDY MARIA VENTURINI MARTINEZ<\/td>\n<\/tr>\n<tr>\n<td style=\"width: 470px;\">GILBERTO OLIVEIRA DOS SANTOS<\/td>\n<\/tr>\n<tr>\n<td style=\"width: 470px;\">HIGOR AZEREDO VIEIRA<\/td>\n<\/tr>\n<tr>\n<td style=\"width: 470px;\">ISADORA SILVA SIMAS<\/td>\n<\/tr>\n<tr>\n<td style=\"width: 470px;\">JEAN NATANIEL RODRIGUES RODRIGUES<\/td>\n<\/tr>\n<tr>\n<td style=\"width: 470px;\">JO\u00c3O FARYDO DA SILVA SALOM\u00c3O<\/td>\n<\/tr>\n<tr>\n<td style=\"width: 470px;\">JO\u00c3O PEDRO RODRIGUES LINARES<\/td>\n<\/tr>\n<tr>\n<td style=\"width: 470px;\">JOSIANI ROQUE MENEZES<\/td>\n<\/tr>\n<tr>\n<td style=\"width: 470px;\">LUIS OTAVIO DA FONSECA DIAS<\/td>\n<\/tr>\n<tr>\n<td style=\"width: 470px;\">MAYARA DA SILVA DUARTE<\/td>\n<\/tr>\n<tr>\n<td style=\"width: 470px;\">NATAN LACERDA EINHARDT<\/td>\n<\/tr>\n<tr>\n<td style=\"width: 470px;\">NICOLI PORTO MENA<\/td>\n<\/tr>\n<tr>\n<td style=\"width: 470px;\">OLIVER DANIEL DA ROCHA BENITES<\/td>\n<\/tr>\n<tr>\n<td style=\"width: 470px;\">P\u00c2MELA CARVALHO DE CARVALHO<\/td>\n<\/tr>\n<tr>\n<td style=\"width: 470px;\">PEDRO HENRIQUE MOREIRA DE ANDRADE JACINTO<\/td>\n<\/tr>\n<tr>\n<td style=\"width: 470px;\">RENATO ALEIXO AZEVEDO<\/td>\n<\/tr>\n<tr>\n<td style=\"width: 470px;\">SIMONE MACEDO POERNER<\/td>\n<\/tr>\n<tr>\n<td style=\"width: 470px;\">THAYNA SILVA DE OLIVEIRA<\/td>\n<\/tr>\n<tr>\n<td style=\"width: 470px;\">VICTORIA BERGER V\u00d6LZ<\/td>\n<\/tr>\n<tr>\n<td style=\"width: 470px;\">VINICIO DA SILVA MARTINS JUNIOR<\/td>\n<\/tr>\n<tr>\n<td style=\"width: 470px;\">VIVIANE WINCK MEDEIROS<\/td>\n<\/tr>\n<\/tbody>\n<\/table>\n<p>&nbsp;<\/p>\n","protected":false},"excerpt":{"rendered":"<p>In\u00edcio em 05\/08\/23. Pela portaria n\u00ba46 da reitoria ficam suspensas as aulas em dias de jogos da sele\u00e7\u00e3o feminina de futebol. O curso ocorrer\u00e1 nos dias 05\/08, 12\/08 e 19\/08. [&hellip;]<\/p>\n","protected":false},"author":437,"featured_media":0,"comment_status":"closed","ping_status":"closed","sticky":false,"template":"","format":"standard","meta":{"jetpack_post_was_ever_published":false,"_jetpack_newsletter_access":"","_jetpack_dont_email_post_to_subs":false,"_jetpack_newsletter_tier_id":0,"_jetpack_memberships_contains_paywalled_content":false,"_jetpack_memberships_contains_paid_content":false,"footnotes":"","jetpack_publicize_message":"","jetpack_publicize_feature_enabled":true,"jetpack_social_post_already_shared":true,"jetpack_social_options":{"image_generator_settings":{"template":"highway","default_image_id":0,"font":"","enabled":false},"version":2}},"categories":[18],"tags":[],"class_list":["post-5355","post","type-post","status-publish","format-standard","hentry","category-inicio-inicio"],"jetpack_publicize_connections":[],"jetpack_featured_media_url":"","jetpack_sharing_enabled":true,"jetpack_shortlink":"https:\/\/wp.me\/p6Slop-1on","_links":{"self":[{"href":"https:\/\/wp.ufpel.edu.br\/projetogama\/wp-json\/wp\/v2\/posts\/5355","targetHints":{"allow":["GET"]}}],"collection":[{"href":"https:\/\/wp.ufpel.edu.br\/projetogama\/wp-json\/wp\/v2\/posts"}],"about":[{"href":"https:\/\/wp.ufpel.edu.br\/projetogama\/wp-json\/wp\/v2\/types\/post"}],"author":[{"embeddable":true,"href":"https:\/\/wp.ufpel.edu.br\/projetogama\/wp-json\/wp\/v2\/users\/437"}],"replies":[{"embeddable":true,"href":"https:\/\/wp.ufpel.edu.br\/projetogama\/wp-json\/wp\/v2\/comments?post=5355"}],"version-history":[{"count":3,"href":"https:\/\/wp.ufpel.edu.br\/projetogama\/wp-json\/wp\/v2\/posts\/5355\/revisions"}],"predecessor-version":[{"id":5361,"href":"https:\/\/wp.ufpel.edu.br\/projetogama\/wp-json\/wp\/v2\/posts\/5355\/revisions\/5361"}],"wp:attachment":[{"href":"https:\/\/wp.ufpel.edu.br\/projetogama\/wp-json\/wp\/v2\/media?parent=5355"}],"wp:term":[{"taxonomy":"category","embeddable":true,"href":"https:\/\/wp.ufpel.edu.br\/projetogama\/wp-json\/wp\/v2\/categories?post=5355"},{"taxonomy":"post_tag","embeddable":true,"href":"https:\/\/wp.ufpel.edu.br\/projetogama\/wp-json\/wp\/v2\/tags?post=5355"}],"curies":[{"name":"wp","href":"https:\/\/api.w.org\/{rel}","templated":true}]}}