{"id":5351,"date":"2023-07-27T23:32:09","date_gmt":"2023-07-28T02:32:09","guid":{"rendered":"https:\/\/wp.ufpel.edu.br\/projetogama\/?p=5351"},"modified":"2023-07-27T23:32:09","modified_gmt":"2023-07-28T02:32:09","slug":"selecionados-para-as-turmas-on-line-de-revisao-em-matematica-8","status":"publish","type":"post","link":"https:\/\/wp.ufpel.edu.br\/projetogama\/2023\/07\/27\/selecionados-para-as-turmas-on-line-de-revisao-em-matematica-8\/","title":{"rendered":"Selecionados para as turmas on-line de revis\u00e3o em matem\u00e1tica"},"content":{"rendered":"<p>In\u00edcio em 31\/07\/23.<\/p>\n<p>Mais informa\u00e7\u00f5es ser\u00e3o enviadas pelo e-mail cadastrado no ato da inscri\u00e7\u00e3o.<\/p>\n<p style=\"text-align: center;\"><strong>Matem\u00e1tica B\u00e1sica II<\/strong><\/p>\n<table style=\"width: 474px;\" width=\"303\">\n<tbody>\n<tr>\n<td style=\"width: 474px;\" width=\"303\">ALEXIA IOLANDA GON\u00c7ALVES DA SILVA<\/td>\n<\/tr>\n<tr>\n<td style=\"width: 474px;\">ANA PAULA TRAMPUSCH<\/td>\n<\/tr>\n<tr>\n<td style=\"width: 474px;\">ANDERSON COSTA MORAES<\/td>\n<\/tr>\n<tr>\n<td style=\"width: 474px;\">ANDR\u00c9IA M\u00dcLLER<\/td>\n<\/tr>\n<tr>\n<td style=\"width: 474px;\">ANDRESSA BLASKOSKI VON AHNT<\/td>\n<\/tr>\n<tr>\n<td style=\"width: 474px;\">CAROLINA IRIBARREM DE OLIVEIRA<\/td>\n<\/tr>\n<tr>\n<td style=\"width: 474px;\">CLAUBER MILOR ZITZMANN<\/td>\n<\/tr>\n<tr>\n<td style=\"width: 474px;\">FRANCISCO GOMES DELGADO<\/td>\n<\/tr>\n<tr>\n<td style=\"width: 474px;\">HEITOR SILVA AVILA<\/td>\n<\/tr>\n<tr>\n<td style=\"width: 474px;\">IAN PEDROSO DA SILVA<\/td>\n<\/tr>\n<tr>\n<td style=\"width: 474px;\">JANAINA ANTIQUEIRA DO NASCIMENTO<\/td>\n<\/tr>\n<tr>\n<td style=\"width: 474px;\">JO\u00c3O VITOR RADDATZ TIMM<\/td>\n<\/tr>\n<tr>\n<td style=\"width: 474px;\">JOS\u00c9 ARMANDO BRAGA DE SOUSA<\/td>\n<\/tr>\n<tr>\n<td style=\"width: 474px;\">JOSIANE FERREIRA SOARES<\/td>\n<\/tr>\n<tr>\n<td style=\"width: 474px;\">JOSU\u00c9 FORMIGA REHLING<\/td>\n<\/tr>\n<tr>\n<td style=\"width: 474px;\">J\u00daLIA BLANK HOLZ<\/td>\n<\/tr>\n<tr>\n<td style=\"width: 474px;\">KELY FERNANDA TRAMPUSCH<\/td>\n<\/tr>\n<tr>\n<td style=\"width: 474px;\">LAUREN TERRA PORTELA<\/td>\n<\/tr>\n<tr>\n<td style=\"width: 474px;\">LUCINEIA FABRI<\/td>\n<\/tr>\n<tr>\n<td style=\"width: 474px;\">LUIZA RODRIGUES DE AVILA<\/td>\n<\/tr>\n<tr>\n<td style=\"width: 474px;\">PATRICK SILVA DA ROSA<\/td>\n<\/tr>\n<tr>\n<td style=\"width: 474px;\">RAFAELLY DE PAULA OLIVEIRA DOS SANTOS<\/td>\n<\/tr>\n<tr>\n<td style=\"width: 474px;\">RAM\u00d3N VELASCO TAVARES<\/td>\n<\/tr>\n<tr>\n<td style=\"width: 474px;\">RAMONE FREIRE DE SOUSA<\/td>\n<\/tr>\n<tr>\n<td style=\"width: 474px;\">RODOLFO BERNARDES GROSSMANN<\/td>\n<\/tr>\n<tr>\n<td style=\"width: 474px;\">SERGIO HENRIQUE CORDOVA CUNHA<\/td>\n<\/tr>\n<tr>\n<td style=\"width: 474px;\">T\u00c1CILA BERGMANN<\/td>\n<\/tr>\n<tr>\n<td style=\"width: 474px;\">VANESSA LEMOS GUIMARAES<\/td>\n<\/tr>\n<tr>\n<td style=\"width: 474px;\">VINICIO DA SILVA MARTINS JUNIOR<\/td>\n<\/tr>\n<\/tbody>\n<\/table>\n<p style=\"text-align: center;\"><strong>Limites<\/strong><\/p>\n<table style=\"width: 467px;\" width=\"303\">\n<tbody>\n<tr>\n<td style=\"width: 467px;\" width=\"303\">ANA PAULA DO NASCIMENTO DE ANDRADE<\/td>\n<\/tr>\n<tr>\n<td style=\"width: 467px;\">ANA PAULA TRAMPUSCH<\/td>\n<\/tr>\n<tr>\n<td style=\"width: 467px;\">ANDREIA FERREIRA DA SILVA GARCIA<\/td>\n<\/tr>\n<tr>\n<td style=\"width: 467px;\">ANDR\u00c9IA M\u00dcLLER<\/td>\n<\/tr>\n<tr>\n<td style=\"width: 467px;\">CRISTIANE DOS SANTOS SILVEIRA<\/td>\n<\/tr>\n<tr>\n<td style=\"width: 467px;\">CRISTINA LEVIEN<\/td>\n<\/tr>\n<tr>\n<td style=\"width: 467px;\">DIENIFER NEY LISBOA<\/td>\n<\/tr>\n<tr>\n<td style=\"width: 467px;\">EDUARDA KLUG REICHOW<\/td>\n<\/tr>\n<tr>\n<td style=\"width: 467px;\">ERICK SODRE DE SOUZA<\/td>\n<\/tr>\n<tr>\n<td style=\"width: 467px;\">LISIANE KOHLS<\/td>\n<\/tr>\n<tr>\n<td style=\"width: 467px;\">ISADORA SILVA SIMAS<\/td>\n<\/tr>\n<tr>\n<td style=\"width: 467px;\">JENNIFER BONOW DUMMER<\/td>\n<\/tr>\n<tr>\n<td style=\"width: 467px;\">KELY FERNANDA TRAMPUSCH<\/td>\n<\/tr>\n<tr>\n<td style=\"width: 467px;\">LAILA VAL\u00c9RIO CONSTANTINO<\/td>\n<\/tr>\n<tr>\n<td style=\"width: 467px;\">LARISSA AFONSO DE MARE<\/td>\n<\/tr>\n<tr>\n<td style=\"width: 467px;\">LARISSA MUELLER DE ANDRADE<\/td>\n<\/tr>\n<tr>\n<td style=\"width: 467px;\">LAUREN TERRA PORTELA<\/td>\n<\/tr>\n<tr>\n<td style=\"width: 467px;\">LEANDRO EWALD TREPTOW ADAM<\/td>\n<\/tr>\n<tr>\n<td style=\"width: 467px;\">LIVIA TERRA DA SILVEIRA<\/td>\n<\/tr>\n<tr>\n<td style=\"width: 467px;\">LUCCA JACOBY DE OLIVEIRA<\/td>\n<\/tr>\n<tr>\n<td style=\"width: 467px;\">MARCELO ANSCHAU<\/td>\n<\/tr>\n<tr>\n<td style=\"width: 467px;\">MARCELO GUERRA MELLO<\/td>\n<\/tr>\n<tr>\n<td style=\"width: 467px;\">NATIELE RASEIRA GOMES<\/td>\n<\/tr>\n<tr>\n<td style=\"width: 467px;\">NAYARA SILVA DO NASCIMENTO<\/td>\n<\/tr>\n<tr>\n<td style=\"width: 467px;\">PATRICK SILVA DA ROSA<\/td>\n<\/tr>\n<tr>\n<td style=\"width: 467px;\">RAFAELLA DE OLIVEIRA ROSA<\/td>\n<\/tr>\n<tr>\n<td style=\"width: 467px;\">RODOLFO BERNARDES GROSSMANN<\/td>\n<\/tr>\n<tr>\n<td style=\"width: 467px;\">SARAH PEREIRA COLARES DA COSTA<\/td>\n<\/tr>\n<tr>\n<td style=\"width: 467px;\">SERGIO ROBERTO PRETTO DE OLIVEIRA<\/td>\n<\/tr>\n<tr>\n<td style=\"width: 467px;\">VANESSA LEMOS GUIMAR\u00c3ES<\/td>\n<\/tr>\n<tr>\n<td style=\"width: 467px;\">VINICIO DA SILVA MARTINS JUNIOR<\/td>\n<\/tr>\n<\/tbody>\n<\/table>\n<p>&nbsp;<\/p>\n","protected":false},"excerpt":{"rendered":"<p>In\u00edcio em 31\/07\/23. Mais informa\u00e7\u00f5es ser\u00e3o enviadas pelo e-mail cadastrado no ato da inscri\u00e7\u00e3o. Matem\u00e1tica B\u00e1sica II ALEXIA IOLANDA GON\u00c7ALVES DA SILVA ANA PAULA TRAMPUSCH ANDERSON COSTA MORAES ANDR\u00c9IA M\u00dcLLER [&hellip;]<\/p>\n","protected":false},"author":437,"featured_media":0,"comment_status":"closed","ping_status":"closed","sticky":false,"template":"","format":"standard","meta":{"jetpack_post_was_ever_published":false,"_jetpack_newsletter_access":"","_jetpack_dont_email_post_to_subs":false,"_jetpack_newsletter_tier_id":0,"_jetpack_memberships_contains_paywalled_content":false,"_jetpack_memberships_contains_paid_content":false,"footnotes":"","jetpack_publicize_message":"","jetpack_publicize_feature_enabled":true,"jetpack_social_post_already_shared":true,"jetpack_social_options":{"image_generator_settings":{"template":"highway","default_image_id":0,"font":"","enabled":false},"version":2}},"categories":[18],"tags":[],"class_list":["post-5351","post","type-post","status-publish","format-standard","hentry","category-inicio-inicio"],"jetpack_publicize_connections":[],"jetpack_featured_media_url":"","jetpack_sharing_enabled":true,"jetpack_shortlink":"https:\/\/wp.me\/p6Slop-1oj","_links":{"self":[{"href":"https:\/\/wp.ufpel.edu.br\/projetogama\/wp-json\/wp\/v2\/posts\/5351","targetHints":{"allow":["GET"]}}],"collection":[{"href":"https:\/\/wp.ufpel.edu.br\/projetogama\/wp-json\/wp\/v2\/posts"}],"about":[{"href":"https:\/\/wp.ufpel.edu.br\/projetogama\/wp-json\/wp\/v2\/types\/post"}],"author":[{"embeddable":true,"href":"https:\/\/wp.ufpel.edu.br\/projetogama\/wp-json\/wp\/v2\/users\/437"}],"replies":[{"embeddable":true,"href":"https:\/\/wp.ufpel.edu.br\/projetogama\/wp-json\/wp\/v2\/comments?post=5351"}],"version-history":[{"count":3,"href":"https:\/\/wp.ufpel.edu.br\/projetogama\/wp-json\/wp\/v2\/posts\/5351\/revisions"}],"predecessor-version":[{"id":5358,"href":"https:\/\/wp.ufpel.edu.br\/projetogama\/wp-json\/wp\/v2\/posts\/5351\/revisions\/5358"}],"wp:attachment":[{"href":"https:\/\/wp.ufpel.edu.br\/projetogama\/wp-json\/wp\/v2\/media?parent=5351"}],"wp:term":[{"taxonomy":"category","embeddable":true,"href":"https:\/\/wp.ufpel.edu.br\/projetogama\/wp-json\/wp\/v2\/categories?post=5351"},{"taxonomy":"post_tag","embeddable":true,"href":"https:\/\/wp.ufpel.edu.br\/projetogama\/wp-json\/wp\/v2\/tags?post=5351"}],"curies":[{"name":"wp","href":"https:\/\/api.w.org\/{rel}","templated":true}]}}