{"id":5293,"date":"2023-06-16T13:22:15","date_gmt":"2023-06-16T16:22:15","guid":{"rendered":"https:\/\/wp.ufpel.edu.br\/projetogama\/?p=5293"},"modified":"2023-06-16T13:43:53","modified_gmt":"2023-06-16T16:43:53","slug":"selecionados-para-a-turma-presencial-de-matematica-basica-i-2","status":"publish","type":"post","link":"https:\/\/wp.ufpel.edu.br\/projetogama\/2023\/06\/16\/selecionados-para-a-turma-presencial-de-matematica-basica-i-2\/","title":{"rendered":"Selecionados para a turma presencial de Matem\u00e1tica B\u00e1sica I"},"content":{"rendered":"<p>In\u00edcio em 17\/06.<\/p>\n<p>Mais informa\u00e7\u00f5es ser\u00e3o enviadas pelo e-mail cadastrado no ato da inscri\u00e7\u00e3o.<\/p>\n<p style=\"text-align: center;\"><strong>Matem\u00e1tica B\u00e1sica I<\/strong><\/p>\n<table width=\"404\">\n<tbody>\n<tr>\n<td width=\"404\">ANA LUIZA BARRAZ<\/td>\n<\/tr>\n<tr>\n<td>ANDRE LUIZ LIMA DA COSTA<\/td>\n<\/tr>\n<tr>\n<td>ARGEL HEBERLE DA ROSA<\/td>\n<\/tr>\n<tr>\n<td>B\u00c1RBARA SANTANA DE OLIVEIRA<\/td>\n<\/tr>\n<tr>\n<td>CAMILE BOHRER KLUG<\/td>\n<\/tr>\n<tr>\n<td>CARINA SINNOTT DUARTE<\/td>\n<\/tr>\n<tr>\n<td>CLAUDENIR LEITE DE SOUZA<\/td>\n<\/tr>\n<tr>\n<td>DAIANA CRIZEL RODRIGUES<\/td>\n<\/tr>\n<tr>\n<td>EDUARDA SODR\u00c9 BORGES<\/td>\n<\/tr>\n<tr>\n<td>ELCIO PEREIRA DA SILVA JUNIOR<\/td>\n<\/tr>\n<tr>\n<td>FELIPE MOURA GOULART<\/td>\n<\/tr>\n<tr>\n<td>GABRIELLA PETRY FREITAS<\/td>\n<\/tr>\n<tr>\n<td>GILBERTO OLIVEIRA DOS SANTOS<\/td>\n<\/tr>\n<tr>\n<td>HELENA FERREIRA ZIEBELL<\/td>\n<\/tr>\n<tr>\n<td>HENRICK HERTEL DE \u00c1VILA<\/td>\n<\/tr>\n<tr>\n<td>HENRIQUE BETEMPS BARBOSA<\/td>\n<\/tr>\n<tr>\n<td>IAGO RIBEIRO RODRIGUES<\/td>\n<\/tr>\n<tr>\n<td>ISADORA RASERA SILVEIRA<\/td>\n<\/tr>\n<tr>\n<td>ISRAEL SOARES DA SILVA<\/td>\n<\/tr>\n<tr>\n<td>ISRAEL SOARES DA SILVA<\/td>\n<\/tr>\n<tr>\n<td>JANAINA ANTIQUEIRA DO NASCIMENTO<\/td>\n<\/tr>\n<tr>\n<td>JENIFER ARENA BANDEIRA<\/td>\n<\/tr>\n<tr>\n<td>JOANA DOS SANTOS<\/td>\n<\/tr>\n<tr>\n<td>JO\u00c3O GABRIEL DA COSTA PEREIRA<\/td>\n<\/tr>\n<tr>\n<td>JO\u00c3O PEDRO MARTINS DA SILVA<\/td>\n<\/tr>\n<tr>\n<td>JULIA RUIZ MARTINS<\/td>\n<\/tr>\n<tr>\n<td>JULIANA BELLONI ROSSI DE FREITAS<\/td>\n<\/tr>\n<tr>\n<td>JULIANO DA COSTA MADEIRA<\/td>\n<\/tr>\n<tr>\n<td>LEONARDO BELARMINO SILVA<\/td>\n<\/tr>\n<tr>\n<td>LEONARDO JENSEN LOPES ESCALANTE BICA<\/td>\n<\/tr>\n<tr>\n<td>LUANA SOUZA RODRIGUES<\/td>\n<\/tr>\n<tr>\n<td>LUANY BORGES DE OLIVEIRA<\/td>\n<\/tr>\n<tr>\n<td>LUIZA MADEIRA DE OLIVEIRA<\/td>\n<\/tr>\n<tr>\n<td>LUIZA TAJES SOARES<\/td>\n<\/tr>\n<tr>\n<td>LUIZA VIT\u00d3RIA GULARTE BARBOSA<\/td>\n<\/tr>\n<tr>\n<td>MAGUIN\u00d3LIA FERNANDES FERNANDES<\/td>\n<\/tr>\n<tr>\n<td>MARIA DE F\u00c1TIMA ORTIZ PEDROSO<\/td>\n<\/tr>\n<tr>\n<td>MARIA FERNANDA DA SILVA BORGES<\/td>\n<\/tr>\n<tr>\n<td>MARIA GIR\u00c3O BERWALDT<\/td>\n<\/tr>\n<tr>\n<td>MMARTINA LOPES RADTKE<\/td>\n<\/tr>\n<tr>\n<td>MATHEUS COSTA ALVES<\/td>\n<\/tr>\n<tr>\n<td>MIGUEL DOS SANTOS GUIOT<\/td>\n<\/tr>\n<tr>\n<td>PABLO DE ALENCAR NESS SATTE ALAM<\/td>\n<\/tr>\n<tr>\n<td>PALOMA FERREIRA CASTRO DE LIMA<\/td>\n<\/tr>\n<tr>\n<td>RAFAELA DALBON DE QUADROS CARDOSO<\/td>\n<\/tr>\n<tr>\n<td>RAFAELA FERNANDES LARR\u00c9<\/td>\n<\/tr>\n<tr>\n<td>RAFAELA PINTO BRAGA<\/td>\n<\/tr>\n<tr>\n<td>REBECCA RODRIGUES DOTTO<\/td>\n<\/tr>\n<tr>\n<td>RONISE BASTOS DA PORCIUNCULA<\/td>\n<\/tr>\n<tr>\n<td>STELLA GARCIA FIGUEIREDO<\/td>\n<\/tr>\n<tr>\n<td>SUELEN GON\u00c7ALVES E SILVA<\/td>\n<\/tr>\n<tr>\n<td>TACIELI GOMES DE LACERDA<\/td>\n<\/tr>\n<tr>\n<td>THEO DOMINGUES FERRUGEM<\/td>\n<\/tr>\n<tr>\n<td>VAL\u00c9RIA NOBRE DE SOUZA<\/td>\n<\/tr>\n<tr>\n<td>VIN\u00cdCIUS PINEDA PRADO<\/td>\n<\/tr>\n<tr>\n<td>VITOR ARRIADA OLIVEIRA<\/td>\n<\/tr>\n<tr>\n<td>VITORIA DE QUADROS MEDEIROS<\/td>\n<\/tr>\n<tr>\n<td>WILLIAM DE ALMEIDA PAVINATO<\/td>\n<\/tr>\n<tr>\n<td>YSLAINE AMARAL SENA<\/td>\n<\/tr>\n<\/tbody>\n<\/table>\n<p>&nbsp;<\/p>\n","protected":false},"excerpt":{"rendered":"<p>In\u00edcio em 17\/06. Mais informa\u00e7\u00f5es ser\u00e3o enviadas pelo e-mail cadastrado no ato da inscri\u00e7\u00e3o. Matem\u00e1tica B\u00e1sica I ANA LUIZA BARRAZ ANDRE LUIZ LIMA DA COSTA ARGEL HEBERLE DA ROSA B\u00c1RBARA [&hellip;]<\/p>\n","protected":false},"author":437,"featured_media":0,"comment_status":"closed","ping_status":"closed","sticky":false,"template":"","format":"standard","meta":{"jetpack_post_was_ever_published":false,"_jetpack_newsletter_access":"","_jetpack_dont_email_post_to_subs":false,"_jetpack_newsletter_tier_id":0,"_jetpack_memberships_contains_paywalled_content":false,"_jetpack_memberships_contains_paid_content":false,"footnotes":"","jetpack_publicize_message":"","jetpack_publicize_feature_enabled":true,"jetpack_social_post_already_shared":true,"jetpack_social_options":{"image_generator_settings":{"template":"highway","default_image_id":0,"font":"","enabled":false},"version":2}},"categories":[18],"tags":[],"class_list":["post-5293","post","type-post","status-publish","format-standard","hentry","category-inicio-inicio"],"jetpack_publicize_connections":[],"jetpack_featured_media_url":"","jetpack_sharing_enabled":true,"jetpack_shortlink":"https:\/\/wp.me\/p6Slop-1nn","_links":{"self":[{"href":"https:\/\/wp.ufpel.edu.br\/projetogama\/wp-json\/wp\/v2\/posts\/5293","targetHints":{"allow":["GET"]}}],"collection":[{"href":"https:\/\/wp.ufpel.edu.br\/projetogama\/wp-json\/wp\/v2\/posts"}],"about":[{"href":"https:\/\/wp.ufpel.edu.br\/projetogama\/wp-json\/wp\/v2\/types\/post"}],"author":[{"embeddable":true,"href":"https:\/\/wp.ufpel.edu.br\/projetogama\/wp-json\/wp\/v2\/users\/437"}],"replies":[{"embeddable":true,"href":"https:\/\/wp.ufpel.edu.br\/projetogama\/wp-json\/wp\/v2\/comments?post=5293"}],"version-history":[{"count":3,"href":"https:\/\/wp.ufpel.edu.br\/projetogama\/wp-json\/wp\/v2\/posts\/5293\/revisions"}],"predecessor-version":[{"id":5297,"href":"https:\/\/wp.ufpel.edu.br\/projetogama\/wp-json\/wp\/v2\/posts\/5293\/revisions\/5297"}],"wp:attachment":[{"href":"https:\/\/wp.ufpel.edu.br\/projetogama\/wp-json\/wp\/v2\/media?parent=5293"}],"wp:term":[{"taxonomy":"category","embeddable":true,"href":"https:\/\/wp.ufpel.edu.br\/projetogama\/wp-json\/wp\/v2\/categories?post=5293"},{"taxonomy":"post_tag","embeddable":true,"href":"https:\/\/wp.ufpel.edu.br\/projetogama\/wp-json\/wp\/v2\/tags?post=5293"}],"curies":[{"name":"wp","href":"https:\/\/api.w.org\/{rel}","templated":true}]}}