{"id":5290,"date":"2023-06-16T13:47:04","date_gmt":"2023-06-16T16:47:04","guid":{"rendered":"https:\/\/wp.ufpel.edu.br\/projetogama\/?p=5290"},"modified":"2023-06-16T13:47:04","modified_gmt":"2023-06-16T16:47:04","slug":"selecionados-para-as-turmas-on-line-de-revisao-em-matematica-6","status":"publish","type":"post","link":"https:\/\/wp.ufpel.edu.br\/projetogama\/2023\/06\/16\/selecionados-para-as-turmas-on-line-de-revisao-em-matematica-6\/","title":{"rendered":"Selecionados para as turmas on-line de revis\u00e3o em matem\u00e1tica"},"content":{"rendered":"<p>In\u00edcio em 19\/06.<\/p>\n<p>Mais informa\u00e7\u00f5es ser\u00e3o enviadas pelo e-mail cadastrado no ato da inscri\u00e7\u00e3o.<\/p>\n<p style=\"text-align: center;\"><strong>Matem\u00e1tica B\u00e1sica I<\/strong><\/p>\n<table style=\"width: 383px;\" width=\"303\">\n<tbody>\n<tr>\n<td style=\"width: 383px;\" width=\"303\">ADRIANA DE F\u00c1TIMA CRUZ RODRIGUES<\/td>\n<\/tr>\n<tr>\n<td style=\"width: 383px;\">AGATHA CRISTINA SCARTON DOS SANTOS<\/td>\n<\/tr>\n<tr>\n<td style=\"width: 383px;\">ALINE MORAIS DA SILVEIRA<\/td>\n<\/tr>\n<tr>\n<td style=\"width: 383px;\">ANDERSON LUIZ VIEIRA DE BORBA<\/td>\n<\/tr>\n<tr>\n<td style=\"width: 383px;\">ANDREZA DE BRITTO TERRES<\/td>\n<\/tr>\n<tr>\n<td style=\"width: 383px;\">BIANCA COENTRO COUTINHO<\/td>\n<\/tr>\n<tr>\n<td style=\"width: 383px;\">BRENDA LEMOS LIMA<\/td>\n<\/tr>\n<tr>\n<td style=\"width: 383px;\">BRUNA TELES DE OLIVEIRA<\/td>\n<\/tr>\n<tr>\n<td style=\"width: 383px;\">CARLOS EDUARDO RODRIGUES DE LIMA<\/td>\n<\/tr>\n<tr>\n<td style=\"width: 383px;\">CHAIANI BATTISTI<\/td>\n<\/tr>\n<tr>\n<td style=\"width: 383px;\">CLAUDENIR LEITE DE SOUZA<\/td>\n<\/tr>\n<tr>\n<td style=\"width: 383px;\">CLEVER MARTINS LEITZKE<\/td>\n<\/tr>\n<tr>\n<td style=\"width: 383px;\">CRISTIAN ITAMAR HACKBARTH<\/td>\n<\/tr>\n<tr>\n<td style=\"width: 383px;\">CRISTIANO PERES PALMEIRA NUNES<\/td>\n<\/tr>\n<tr>\n<td style=\"width: 383px;\">DARIO JUNIOR CUNHA BORCHARDT<\/td>\n<\/tr>\n<tr>\n<td style=\"width: 383px;\">DIEGO FELIPE BORGES DE AMORIM<\/td>\n<\/tr>\n<tr>\n<td style=\"width: 383px;\">DIENIFER NEY LISB\u00d4A<\/td>\n<\/tr>\n<tr>\n<td style=\"width: 383px;\">DIONATAN GARCIA SIQUEIRA DA SILVA<\/td>\n<\/tr>\n<tr>\n<td style=\"width: 383px;\">D\u00d3RIS LIDIANE DE LEMOS RODRIGUES PACHECO<\/td>\n<\/tr>\n<tr>\n<td style=\"width: 383px;\">EDUARDO PEIXOTO ALVES DECKER<\/td>\n<\/tr>\n<tr>\n<td style=\"width: 383px;\">EPAMINONDAS DAMASCENO COSTA<\/td>\n<\/tr>\n<tr>\n<td style=\"width: 383px;\">FERNANDA PEREIRA FELSCHE<\/td>\n<\/tr>\n<tr>\n<td style=\"width: 383px;\">FRANCINE LEHR<\/td>\n<\/tr>\n<tr>\n<td style=\"width: 383px;\">GABRIEL REIS TOMKOWSKI<\/td>\n<\/tr>\n<tr>\n<td style=\"width: 383px;\">GABRIELLA COIMBRA DE AVILA<\/td>\n<\/tr>\n<tr>\n<td style=\"width: 383px;\">GIOVANNA SAMPAIO LAGUNA<\/td>\n<\/tr>\n<tr>\n<td style=\"width: 383px;\">GLAUCI MERI HOFFMAN DE ALMEIDA<\/td>\n<\/tr>\n<tr>\n<td style=\"width: 383px;\">HELENA SCHWARTZ DA SILVA<\/td>\n<\/tr>\n<tr>\n<td style=\"width: 383px;\">HERINTON DIEGO ROCHA FILGUEIRAS<\/td>\n<\/tr>\n<tr>\n<td style=\"width: 383px;\">ISABELA LAYDNER SOARES<\/td>\n<\/tr>\n<tr>\n<td style=\"width: 383px;\">ISADORA GOMES GIORGI GUIMAR\u00c3ES<\/td>\n<\/tr>\n<tr>\n<td style=\"width: 383px;\">\u00cdTHAN SOUZA MOTA<\/td>\n<\/tr>\n<tr>\n<td style=\"width: 383px;\">JAMILY CARDOSO COIMBRA<\/td>\n<\/tr>\n<tr>\n<td style=\"width: 383px;\">JANINE SALVARO<\/td>\n<\/tr>\n<tr>\n<td style=\"width: 383px;\">JENIFER ARENA BANDEIRA<\/td>\n<\/tr>\n<tr>\n<td style=\"width: 383px;\">JOEL ELIAS SPANIOL<\/td>\n<\/tr>\n<tr>\n<td style=\"width: 383px;\">JOSIELE SILVA CORR\u00caA<\/td>\n<\/tr>\n<tr>\n<td style=\"width: 383px;\">KAUE BILHALVA BOSEL<\/td>\n<\/tr>\n<tr>\n<td style=\"width: 383px;\">KEROLAINE ULGUIM MEDEIROS<\/td>\n<\/tr>\n<tr>\n<td style=\"width: 383px;\">LARISSA IVEN MIELKE<\/td>\n<\/tr>\n<tr>\n<td style=\"width: 383px;\">LARISSA MUELLER DE ANDRADE<\/td>\n<\/tr>\n<tr>\n<td style=\"width: 383px;\">LARISSA SCHONHOFEN DA SILVA<\/td>\n<\/tr>\n<tr>\n<td style=\"width: 383px;\">LAURA DA ROZA ZIEBELL<\/td>\n<\/tr>\n<tr>\n<td style=\"width: 383px;\">LAURA MENDON\u00c7A GOMES<\/td>\n<\/tr>\n<tr>\n<td style=\"width: 383px;\">LEANDRO EWALD TREPTOW ADAM<\/td>\n<\/tr>\n<tr>\n<td style=\"width: 383px;\">LET\u00cdCIA SAUERESSIG TONETTO<\/td>\n<\/tr>\n<tr>\n<td style=\"width: 383px;\">LUANA SOUZA RODRIGUES<\/td>\n<\/tr>\n<tr>\n<td style=\"width: 383px;\">LUCAS SERPA BRUM<\/td>\n<\/tr>\n<tr>\n<td style=\"width: 383px;\">LUCIANO PACHECO DA SILVA<\/td>\n<\/tr>\n<tr>\n<td style=\"width: 383px;\">MANUELA MACIEL DA SILVEIRA<\/td>\n<\/tr>\n<tr>\n<td style=\"width: 383px;\">MAQUERLY MATOS LINHARES OKRASZEWSKI<\/td>\n<\/tr>\n<tr>\n<td style=\"width: 383px;\">MARCELA DA ROSA ALVES<\/td>\n<\/tr>\n<tr>\n<td style=\"width: 383px;\">MARCIELI DIAS FURTADO<\/td>\n<\/tr>\n<tr>\n<td style=\"width: 383px;\">MARCIO LIMA SILVEIRA<\/td>\n<\/tr>\n<tr>\n<td style=\"width: 383px;\">MARCOS VIN\u00cdCIUS FERREIRA MARQUES<\/td>\n<\/tr>\n<tr>\n<td style=\"width: 383px;\">MARCOS VINICIUS SANTOS DIAS CRAVITO<\/td>\n<\/tr>\n<tr>\n<td style=\"width: 383px;\">MARIA ESTER DE JESUS RIBEIRO<\/td>\n<\/tr>\n<tr>\n<td style=\"width: 383px;\">MICHELE KICKHOFEL SCHILLER<\/td>\n<\/tr>\n<tr>\n<td style=\"width: 383px;\">MILENE BORCHARDT GONSALVES<\/td>\n<\/tr>\n<tr>\n<td style=\"width: 383px;\">MYLENI DE FARIAS ALVES<\/td>\n<\/tr>\n<tr>\n<td style=\"width: 383px;\">PALOMA FERREIRA CASTRO DE LIMA<\/td>\n<\/tr>\n<tr>\n<td style=\"width: 383px;\">RAFAELA PINTO BRAGA<\/td>\n<\/tr>\n<tr>\n<td style=\"width: 383px;\">RENATA ROPKE KLUG<\/td>\n<\/tr>\n<tr>\n<td style=\"width: 383px;\">ROBSON CESAR AVILA DOS SANTOS<\/td>\n<\/tr>\n<tr>\n<td style=\"width: 383px;\">RODRIGO DOS SANTOS MARTINEZ<\/td>\n<\/tr>\n<tr>\n<td style=\"width: 383px;\">ROSEANA FIGUEIREDO GIOZZA<\/td>\n<\/tr>\n<tr>\n<td style=\"width: 383px;\">SAMIRA DE CASTRO<\/td>\n<\/tr>\n<tr>\n<td style=\"width: 383px;\">SAMUEL IPIRANGA DE MELLO<\/td>\n<\/tr>\n<tr>\n<td style=\"width: 383px;\">SANDRO JAIR SOUZA BASTOS<\/td>\n<\/tr>\n<tr>\n<td style=\"width: 383px;\">SOLANGE MARIA FOSSA<\/td>\n<\/tr>\n<tr>\n<td style=\"width: 383px;\">SUELEN DOMINGUES MUNOZ<\/td>\n<\/tr>\n<tr>\n<td style=\"width: 383px;\">TAMIRES RIBEIRO SANCHES<\/td>\n<\/tr>\n<tr>\n<td style=\"width: 383px;\">VANESSA TEIXEIRA DE \u00c1VILA<\/td>\n<\/tr>\n<tr>\n<td style=\"width: 383px;\">VICTORIA VOIGT<\/td>\n<\/tr>\n<tr>\n<td style=\"width: 383px;\">WESLEY DUARTE DA SILVA<\/td>\n<\/tr>\n<tr>\n<td style=\"width: 383px;\">WILLIAN WEEGE FURTADO<\/td>\n<\/tr>\n<tr>\n<td style=\"width: 383px; text-align: left;\">YSLAINE AMARAL SENA<\/td>\n<\/tr>\n<\/tbody>\n<\/table>\n<p style=\"text-align: center;\"><strong>Geometria Anal\u00edtica<\/strong><\/p>\n<table style=\"width: 376px;\" width=\"303\">\n<tbody>\n<tr>\n<td style=\"width: 376px;\" width=\"303\">ALANA DE OLIVEIRA DE SOUZA<\/td>\n<\/tr>\n<tr>\n<td style=\"width: 376px;\">ARTHUR MULLER<\/td>\n<\/tr>\n<tr>\n<td style=\"width: 376px;\">BRUNO DE OLIVEIRA BENTOS<\/td>\n<\/tr>\n<tr>\n<td style=\"width: 376px;\">CAMILA REZENDE COUTINHO<\/td>\n<\/tr>\n<tr>\n<td style=\"width: 376px;\">CHAIANI BATTISTI<\/td>\n<\/tr>\n<tr>\n<td style=\"width: 376px;\">CLAUBER MILOR ZITZMANN<\/td>\n<\/tr>\n<tr>\n<td style=\"width: 376px;\">CLAUDENIR LEITE DE SOUZA<\/td>\n<\/tr>\n<tr>\n<td style=\"width: 376px;\">CLEVER MARTINS LEITZKE<\/td>\n<\/tr>\n<tr>\n<td style=\"width: 376px;\">ESTHER DA COSTA LESSA<\/td>\n<\/tr>\n<tr>\n<td style=\"width: 376px;\">JAKSIELI GON\u00c7ALVES DA COSTA<\/td>\n<\/tr>\n<tr>\n<td style=\"width: 376px;\">JARDEL MARTINS LOPES<\/td>\n<\/tr>\n<tr>\n<td style=\"width: 376px;\">JO\u00c3O MARCOS BATISTA CARVALHO<\/td>\n<\/tr>\n<tr>\n<td style=\"width: 376px;\">LARISSA IVEN MIELKE<\/td>\n<\/tr>\n<tr>\n<td style=\"width: 376px;\">LARISSA SCHONHOFEN DA SILVA<\/td>\n<\/tr>\n<tr>\n<td style=\"width: 376px;\">LAURA MENDON\u00c7A GOMES<\/td>\n<\/tr>\n<tr>\n<td style=\"width: 376px;\">LET\u00cdCIA BARROS DIAS SOARES<\/td>\n<\/tr>\n<tr>\n<td style=\"width: 376px;\">LUANA FREIRE RODRIGUES<\/td>\n<\/tr>\n<tr>\n<td style=\"width: 376px;\">LUCAS SERPA BRUM<\/td>\n<\/tr>\n<tr>\n<td style=\"width: 376px;\">MARCIELI DIAS FURTADO<\/td>\n<\/tr>\n<tr>\n<td style=\"width: 376px;\">MARIA ESTER DE JESUS RIBEIRO<\/td>\n<\/tr>\n<tr>\n<td style=\"width: 376px;\">MARINA PODEWILS JARDIM<\/td>\n<\/tr>\n<tr>\n<td style=\"width: 376px;\">PALOMA FERREIRA CASTRO DE LIMA<\/td>\n<\/tr>\n<tr>\n<td style=\"width: 376px;\">RAFAELA PINTO BRAGA<\/td>\n<\/tr>\n<tr>\n<td style=\"width: 376px;\">RODRIGO DOS SANTOS MARTINEZ<\/td>\n<\/tr>\n<tr>\n<td style=\"width: 376px;\">SAMANTHA ALVES LAMEIRO<\/td>\n<\/tr>\n<tr>\n<td style=\"width: 376px;\">SOLANGE MARIA FOSSA<\/td>\n<\/tr>\n<tr>\n<td style=\"width: 376px;\">VANESSA TEIXEIRA DE \u00c1VILA<\/td>\n<\/tr>\n<tr>\n<td style=\"width: 376px;\">VINICIUS ARMENDARIS LEAL<\/td>\n<\/tr>\n<\/tbody>\n<\/table>\n<p><\/p>\n","protected":false},"excerpt":{"rendered":"<p>In\u00edcio em 19\/06. Mais informa\u00e7\u00f5es ser\u00e3o enviadas pelo e-mail cadastrado no ato da inscri\u00e7\u00e3o. Matem\u00e1tica B\u00e1sica I ADRIANA DE F\u00c1TIMA CRUZ RODRIGUES AGATHA CRISTINA SCARTON DOS SANTOS ALINE MORAIS DA [&hellip;]<\/p>\n","protected":false},"author":437,"featured_media":0,"comment_status":"closed","ping_status":"closed","sticky":false,"template":"","format":"standard","meta":{"jetpack_post_was_ever_published":false,"_jetpack_newsletter_access":"","_jetpack_dont_email_post_to_subs":false,"_jetpack_newsletter_tier_id":0,"_jetpack_memberships_contains_paywalled_content":false,"_jetpack_memberships_contains_paid_content":false,"footnotes":"","jetpack_publicize_message":"","jetpack_publicize_feature_enabled":true,"jetpack_social_post_already_shared":true,"jetpack_social_options":{"image_generator_settings":{"template":"highway","default_image_id":0,"font":"","enabled":false},"version":2}},"categories":[18],"tags":[],"class_list":["post-5290","post","type-post","status-publish","format-standard","hentry","category-inicio-inicio"],"jetpack_publicize_connections":[],"jetpack_featured_media_url":"","jetpack_sharing_enabled":true,"jetpack_shortlink":"https:\/\/wp.me\/p6Slop-1nk","_links":{"self":[{"href":"https:\/\/wp.ufpel.edu.br\/projetogama\/wp-json\/wp\/v2\/posts\/5290","targetHints":{"allow":["GET"]}}],"collection":[{"href":"https:\/\/wp.ufpel.edu.br\/projetogama\/wp-json\/wp\/v2\/posts"}],"about":[{"href":"https:\/\/wp.ufpel.edu.br\/projetogama\/wp-json\/wp\/v2\/types\/post"}],"author":[{"embeddable":true,"href":"https:\/\/wp.ufpel.edu.br\/projetogama\/wp-json\/wp\/v2\/users\/437"}],"replies":[{"embeddable":true,"href":"https:\/\/wp.ufpel.edu.br\/projetogama\/wp-json\/wp\/v2\/comments?post=5290"}],"version-history":[{"count":2,"href":"https:\/\/wp.ufpel.edu.br\/projetogama\/wp-json\/wp\/v2\/posts\/5290\/revisions"}],"predecessor-version":[{"id":5298,"href":"https:\/\/wp.ufpel.edu.br\/projetogama\/wp-json\/wp\/v2\/posts\/5290\/revisions\/5298"}],"wp:attachment":[{"href":"https:\/\/wp.ufpel.edu.br\/projetogama\/wp-json\/wp\/v2\/media?parent=5290"}],"wp:term":[{"taxonomy":"category","embeddable":true,"href":"https:\/\/wp.ufpel.edu.br\/projetogama\/wp-json\/wp\/v2\/categories?post=5290"},{"taxonomy":"post_tag","embeddable":true,"href":"https:\/\/wp.ufpel.edu.br\/projetogama\/wp-json\/wp\/v2\/tags?post=5290"}],"curies":[{"name":"wp","href":"https:\/\/api.w.org\/{rel}","templated":true}]}}