{"id":5214,"date":"2023-04-27T11:35:02","date_gmt":"2023-04-27T14:35:02","guid":{"rendered":"https:\/\/wp.ufpel.edu.br\/projetogama\/?p=5214"},"modified":"2023-05-04T22:33:41","modified_gmt":"2023-05-05T01:33:41","slug":"inscricoes-para-a-turma-presencial-de-integrais","status":"publish","type":"post","link":"https:\/\/wp.ufpel.edu.br\/projetogama\/2023\/04\/27\/inscricoes-para-a-turma-presencial-de-integrais\/","title":{"rendered":"Inscri\u00e7\u00f5es para a turma presencial de Integrais"},"content":{"rendered":"<p style=\"text-align: justify;\">Ser\u00e1 oferecida uma turma do M\u00f3dulo de Integrais no formato presencial. S\u00e3o 6 aulas no total, desenvolvidas em tr\u00eas s\u00e1bados pela manh\u00e3, em campus central da UFPel.<\/p>\n<div style=\"text-align: justify;\">\n<p style=\"text-align: center;\"><strong>M\u00f3dulo de Integrais<\/strong><\/p>\n<p><strong>Conte\u00fados abordados no Curso (revis\u00e3o da teoria e exerc\u00edcios):<\/strong><\/p>\n<p>Integral definida. Antideriva\u00e7\u00e3o e integral indefinida. Propriedades da integral definida. O Teorema Fundamental do C\u00e1lculo. Integra\u00e7\u00e3o por substitui\u00e7\u00e3o e integra\u00e7\u00e3o por partes. C\u00e1lculo de \u00e1reas. Comprimento de arco. Volumes: m\u00e9todo dos discos, dos an\u00e9is e das cascas cil\u00edndricas. Integra\u00e7\u00e3o trigonom\u00e9trica e integra\u00e7\u00e3o por substitui\u00e7\u00e3o trigonom\u00e9trica.<\/p>\n<p><strong>Metodologia<\/strong>: A metodologia utilizada no curso presencial ser\u00e1 a exposi\u00e7\u00e3o de conte\u00fados, seguida da resolu\u00e7\u00e3o de exerc\u00edcios.\u00a0 A frequ\u00eancia ser\u00e1 contabilizada atrav\u00e9s de duas presen\u00e7as por aula (dia).<\/p>\n<div>\n<p><strong>Inscri\u00e7\u00f5es<\/strong>: de 27\/04\/2023 a 04\/05\/2023.<\/p>\n<p><strong>Divulga\u00e7\u00e3o das turmas<\/strong>: 05\/05\/2023.<\/p>\n<p><strong>Per\u00edodo do curso<\/strong>: S\u00e3o tr\u00eas s\u00e1bados pela manh\u00e3: 06\/05, 13\/05 e 20\/05.<\/p>\n<\/div>\n<p><strong>Hor\u00e1rio<\/strong>: das 8h \u00e0s 12h.<\/p>\n<p><strong>Carga-hor\u00e1ria do curso<\/strong>: 12 horas.<\/p>\n<\/div>\n<div><\/div>\n<div style=\"text-align: justify;\">\n<p><strong>Inscri\u00e7\u00f5es:<\/strong><\/p>\n<p>Se voc\u00ea \u00e9 estudante da UFPel, fa\u00e7a a sua inscri\u00e7\u00e3o\u00a0AQUI<\/p>\n<p>Se voc\u00ea n\u00e3o \u00e9 estudante da UFPel, fa\u00e7a a sua inscri\u00e7\u00e3o\u00a0AQUI<\/p>\n<p>N\u00famero de vagas: 60 &#8211; Existe previs\u00e3o de oferecimento de novas turmas posteriormente.<\/p>\n<p>Os crit\u00e9rios utilizados para o preenchimento das vagas ser\u00e3o:<\/p>\n<p>25 vagas priorit\u00e1rias para estudantes da UFPel matriculados em cursos que possuem disciplinas de matem\u00e1tica na grade curricular obrigat\u00f3ria, sendo 50% destas vagas priorit\u00e1rias para estudantes bolsistas da PRAE.<\/p>\n<p>15 vagas priorit\u00e1rias para estudantes da UFPel matriculados em cursos que n\u00e3o possuem disciplinas de matem\u00e1tica na grade curricular obrigat\u00f3ria, sendo 50% destas vagas priorit\u00e1rias para estudantes bolsistas da PRAE.<\/p>\n<\/div>\n<div><span style=\"text-align: justify;\">20 vagas priorit\u00e1rias para estudantes e professores da rede p\u00fablica de ensino.<\/span><\/div>\n<div style=\"text-align: justify;\">\n<p>Havendo mais inscritos que vagas, dentro de algum dos grupos listados acima, a ordem utilizada para o preenchimento das vagas ser\u00e1 a ordem de inscri\u00e7\u00e3o. Havendo menos inscritos do que vagas em algum grupo, as vagas remanescentes ser\u00e3o redistribu\u00eddas proporcionalmente para o outro grupo.<\/p>\n<\/div>\n","protected":false},"excerpt":{"rendered":"<p>Ser\u00e1 oferecida uma turma do M\u00f3dulo de Integrais no formato presencial. S\u00e3o 6 aulas no total, desenvolvidas em tr\u00eas s\u00e1bados pela manh\u00e3, em campus central da UFPel. M\u00f3dulo de Integrais [&hellip;]<\/p>\n","protected":false},"author":437,"featured_media":0,"comment_status":"closed","ping_status":"closed","sticky":false,"template":"","format":"standard","meta":{"jetpack_post_was_ever_published":false,"_jetpack_newsletter_access":"","_jetpack_dont_email_post_to_subs":false,"_jetpack_newsletter_tier_id":0,"_jetpack_memberships_contains_paywalled_content":false,"_jetpack_memberships_contains_paid_content":false,"footnotes":"","jetpack_publicize_message":"","jetpack_publicize_feature_enabled":true,"jetpack_social_post_already_shared":true,"jetpack_social_options":{"image_generator_settings":{"template":"highway","default_image_id":0,"font":"","enabled":false},"version":2}},"categories":[18],"tags":[],"class_list":["post-5214","post","type-post","status-publish","format-standard","hentry","category-inicio-inicio"],"jetpack_publicize_connections":[],"jetpack_featured_media_url":"","jetpack_sharing_enabled":true,"jetpack_shortlink":"https:\/\/wp.me\/p6Slop-1m6","_links":{"self":[{"href":"https:\/\/wp.ufpel.edu.br\/projetogama\/wp-json\/wp\/v2\/posts\/5214","targetHints":{"allow":["GET"]}}],"collection":[{"href":"https:\/\/wp.ufpel.edu.br\/projetogama\/wp-json\/wp\/v2\/posts"}],"about":[{"href":"https:\/\/wp.ufpel.edu.br\/projetogama\/wp-json\/wp\/v2\/types\/post"}],"author":[{"embeddable":true,"href":"https:\/\/wp.ufpel.edu.br\/projetogama\/wp-json\/wp\/v2\/users\/437"}],"replies":[{"embeddable":true,"href":"https:\/\/wp.ufpel.edu.br\/projetogama\/wp-json\/wp\/v2\/comments?post=5214"}],"version-history":[{"count":2,"href":"https:\/\/wp.ufpel.edu.br\/projetogama\/wp-json\/wp\/v2\/posts\/5214\/revisions"}],"predecessor-version":[{"id":5243,"href":"https:\/\/wp.ufpel.edu.br\/projetogama\/wp-json\/wp\/v2\/posts\/5214\/revisions\/5243"}],"wp:attachment":[{"href":"https:\/\/wp.ufpel.edu.br\/projetogama\/wp-json\/wp\/v2\/media?parent=5214"}],"wp:term":[{"taxonomy":"category","embeddable":true,"href":"https:\/\/wp.ufpel.edu.br\/projetogama\/wp-json\/wp\/v2\/categories?post=5214"},{"taxonomy":"post_tag","embeddable":true,"href":"https:\/\/wp.ufpel.edu.br\/projetogama\/wp-json\/wp\/v2\/tags?post=5214"}],"curies":[{"name":"wp","href":"https:\/\/api.w.org\/{rel}","templated":true}]}}