{"id":5113,"date":"2023-02-10T13:10:06","date_gmt":"2023-02-10T16:10:06","guid":{"rendered":"https:\/\/wp.ufpel.edu.br\/projetogama\/?p=5113"},"modified":"2023-02-10T13:10:44","modified_gmt":"2023-02-10T16:10:44","slug":"selecionados-para-as-turmas-on-line-de-revisao-em-matematica-3","status":"publish","type":"post","link":"https:\/\/wp.ufpel.edu.br\/projetogama\/2023\/02\/10\/selecionados-para-as-turmas-on-line-de-revisao-em-matematica-3\/","title":{"rendered":"Selecionados para as turmas on-line de revis\u00e3o em matem\u00e1tica"},"content":{"rendered":"<p>In\u00edcio em 13\/02\/2023.<\/p>\n<p>Mais informa\u00e7\u00f5es no email cadastrado no ato da inscri\u00e7\u00e3o.<\/p>\n<p style=\"text-align: center;\">FUN\u00c7\u00d5ES<\/p>\n<table style=\"width: 361px;\" width=\"303\">\n<tbody>\n<tr>\n<td style=\"width: 361px;\" width=\"303\">ALANA DE OLIVEIRA DE SOUZA<\/td>\n<\/tr>\n<tr>\n<td style=\"width: 361px;\">ALEXANDRE FILGUEIRA SOARES<\/td>\n<\/tr>\n<tr>\n<td style=\"width: 361px;\">ALISSON SOARES DE MORAIS<\/td>\n<\/tr>\n<tr>\n<td style=\"width: 361px;\">AMANDA VARGAS CORTEZ<\/td>\n<\/tr>\n<tr>\n<td style=\"width: 361px;\">ANA BEATRIZ SCHERDIEN GUTKNECHT<\/td>\n<\/tr>\n<tr>\n<td style=\"width: 361px;\">ANDIARA MACHADO LUIZ<\/td>\n<\/tr>\n<tr>\n<td style=\"width: 361px;\">BERENICE SOUZA DE MUNHOZ<\/td>\n<\/tr>\n<tr>\n<td style=\"width: 361px;\">BRUNA CAMILY DOMINGUES NOVACK<\/td>\n<\/tr>\n<tr>\n<td style=\"width: 361px;\">CECILIA DE TOLEDO PEREIRA<\/td>\n<\/tr>\n<tr>\n<td style=\"width: 361px;\">DAIANA CRIZEL RODRIGUES<\/td>\n<\/tr>\n<tr>\n<td style=\"width: 361px;\">ENTHONY GABRIEL RODRIGUES BOHM<\/td>\n<\/tr>\n<tr>\n<td style=\"width: 361px;\">ETHI\u00c9LI LEAL NUNES<\/td>\n<\/tr>\n<tr>\n<td style=\"width: 361px;\">FABIANE DIAS INZABRALDE<\/td>\n<\/tr>\n<tr>\n<td style=\"width: 361px;\">FILLIPE DE OLIVEIRA MARRERO<\/td>\n<\/tr>\n<tr>\n<td style=\"width: 361px;\">IZADORA SPERB FAGUNDES<\/td>\n<\/tr>\n<tr>\n<td style=\"width: 361px;\">JULIO CESAR MARQUES GON\u00c7ALVES<\/td>\n<\/tr>\n<tr>\n<td style=\"width: 361px;\">LUIS OTAVIO DA FONSECA DIAS<\/td>\n<\/tr>\n<tr>\n<td style=\"width: 361px;\">MARCELO CARVALHO DA SILVA<\/td>\n<\/tr>\n<tr>\n<td style=\"width: 361px;\">MARIA ANGELI SANTANA MOURA<\/td>\n<\/tr>\n<tr>\n<td style=\"width: 361px;\">MARISOL DE LIMA CAVALHEIRO<\/td>\n<\/tr>\n<tr>\n<td style=\"width: 361px;\">PAMELA CRISTINE KRONING<\/td>\n<\/tr>\n<tr>\n<td style=\"width: 361px;\">RAFAEL ZIEGLER BONILLA<\/td>\n<\/tr>\n<tr>\n<td style=\"width: 361px;\">RONALDO REIS CARDOSO JUNIOR<\/td>\n<\/tr>\n<tr>\n<td style=\"width: 361px;\">SANDRA BEATRIZ PEREIRA DA SILVA<\/td>\n<\/tr>\n<tr>\n<td style=\"width: 361px;\">THAMARA AQUINO DOS SANTOS<\/td>\n<\/tr>\n<tr>\n<td style=\"width: 361px;\">VIT\u00d3RIA KEGLES PORTO DE BITTENCOURT<\/td>\n<\/tr>\n<tr>\n<td style=\"width: 361px;\">WAGNER DOS SANTOS ROCHA<\/td>\n<\/tr>\n<\/tbody>\n<\/table>\n<p style=\"text-align: center;\">MATEM\u00c1TICA B\u00c1SICA II<\/p>\n<table style=\"width: 361px;\" width=\"303\">\n<tbody>\n<tr>\n<td style=\"width: 361px;\" width=\"303\">ADRIANA SCHMENGLER<\/td>\n<\/tr>\n<tr>\n<td style=\"width: 361px;\">ALANA DE OLIVEIRA DE SOUZA<\/td>\n<\/tr>\n<tr>\n<td style=\"width: 361px;\">ALESSANDRA ANDREIA CONCEICAO LANIUS<\/td>\n<\/tr>\n<tr>\n<td style=\"width: 361px;\">AMANDA VARGAS CORTEZ<\/td>\n<\/tr>\n<tr>\n<td style=\"width: 361px;\">ANDIARA MACHADO LUIZ<\/td>\n<\/tr>\n<tr>\n<td style=\"width: 361px;\">FABIANE DIAS INZABRALDE<\/td>\n<\/tr>\n<tr>\n<td style=\"width: 361px;\">GUSTAVO MARQUES LEHER<\/td>\n<\/tr>\n<tr>\n<td style=\"width: 361px;\">ILA YASMIM REIS AROUCHE DANTAS<\/td>\n<\/tr>\n<tr>\n<td style=\"width: 361px;\">IZADORA SPERB FAGUNDES<\/td>\n<\/tr>\n<tr>\n<td style=\"width: 361px;\">MARIA ANG\u00c9LI SANTANA MOURA<\/td>\n<\/tr>\n<tr>\n<td style=\"width: 361px;\">MARISOL DE LIMA CAVALHEIRO<\/td>\n<\/tr>\n<tr>\n<td style=\"width: 361px;\">OSVALDO FABIANI JUNIOR<\/td>\n<\/tr>\n<tr>\n<td style=\"width: 361px;\">RAFAEL ZIEGLER BONILLA<\/td>\n<\/tr>\n<tr>\n<td style=\"width: 361px;\">RAFAELA FERNANDES LARR\u00c9<\/td>\n<\/tr>\n<tr>\n<td style=\"width: 361px;\">ROGER BRUNO DE MENDON\u00c7A<\/td>\n<\/tr>\n<tr>\n<td style=\"width: 361px;\">SERGIO ROBERTO PRETTO DE OLIVEIRA<\/td>\n<\/tr>\n<tr>\n<td style=\"width: 361px;\">SOPHIA DA CRUZ HEINZE<\/td>\n<\/tr>\n<tr>\n<td style=\"width: 361px;\">WAGNER DOS SANTOS ROCHA<\/td>\n<\/tr>\n<\/tbody>\n<\/table>\n<p>&nbsp;<\/p>\n","protected":false},"excerpt":{"rendered":"<p>In\u00edcio em 13\/02\/2023. Mais informa\u00e7\u00f5es no email cadastrado no ato da inscri\u00e7\u00e3o. FUN\u00c7\u00d5ES ALANA DE OLIVEIRA DE SOUZA ALEXANDRE FILGUEIRA SOARES ALISSON SOARES DE MORAIS AMANDA VARGAS CORTEZ ANA BEATRIZ [&hellip;]<\/p>\n","protected":false},"author":437,"featured_media":0,"comment_status":"closed","ping_status":"closed","sticky":false,"template":"","format":"standard","meta":{"jetpack_post_was_ever_published":false,"_jetpack_newsletter_access":"","_jetpack_dont_email_post_to_subs":false,"_jetpack_newsletter_tier_id":0,"_jetpack_memberships_contains_paywalled_content":false,"_jetpack_memberships_contains_paid_content":false,"footnotes":"","jetpack_publicize_message":"","jetpack_publicize_feature_enabled":true,"jetpack_social_post_already_shared":true,"jetpack_social_options":{"image_generator_settings":{"template":"highway","default_image_id":0,"font":"","enabled":false},"version":2}},"categories":[18],"tags":[],"class_list":["post-5113","post","type-post","status-publish","format-standard","hentry","category-inicio-inicio"],"jetpack_publicize_connections":[],"jetpack_featured_media_url":"","jetpack_sharing_enabled":true,"jetpack_shortlink":"https:\/\/wp.me\/p6Slop-1kt","_links":{"self":[{"href":"https:\/\/wp.ufpel.edu.br\/projetogama\/wp-json\/wp\/v2\/posts\/5113","targetHints":{"allow":["GET"]}}],"collection":[{"href":"https:\/\/wp.ufpel.edu.br\/projetogama\/wp-json\/wp\/v2\/posts"}],"about":[{"href":"https:\/\/wp.ufpel.edu.br\/projetogama\/wp-json\/wp\/v2\/types\/post"}],"author":[{"embeddable":true,"href":"https:\/\/wp.ufpel.edu.br\/projetogama\/wp-json\/wp\/v2\/users\/437"}],"replies":[{"embeddable":true,"href":"https:\/\/wp.ufpel.edu.br\/projetogama\/wp-json\/wp\/v2\/comments?post=5113"}],"version-history":[{"count":3,"href":"https:\/\/wp.ufpel.edu.br\/projetogama\/wp-json\/wp\/v2\/posts\/5113\/revisions"}],"predecessor-version":[{"id":5120,"href":"https:\/\/wp.ufpel.edu.br\/projetogama\/wp-json\/wp\/v2\/posts\/5113\/revisions\/5120"}],"wp:attachment":[{"href":"https:\/\/wp.ufpel.edu.br\/projetogama\/wp-json\/wp\/v2\/media?parent=5113"}],"wp:term":[{"taxonomy":"category","embeddable":true,"href":"https:\/\/wp.ufpel.edu.br\/projetogama\/wp-json\/wp\/v2\/categories?post=5113"},{"taxonomy":"post_tag","embeddable":true,"href":"https:\/\/wp.ufpel.edu.br\/projetogama\/wp-json\/wp\/v2\/tags?post=5113"}],"curies":[{"name":"wp","href":"https:\/\/api.w.org\/{rel}","templated":true}]}}