{"id":5084,"date":"2023-01-20T10:25:42","date_gmt":"2023-01-20T13:25:42","guid":{"rendered":"https:\/\/wp.ufpel.edu.br\/projetogama\/?p=5084"},"modified":"2023-01-20T10:26:21","modified_gmt":"2023-01-20T13:26:21","slug":"selecionados-para-as-turmas-on-line-de-revisao-em-matematica-2","status":"publish","type":"post","link":"https:\/\/wp.ufpel.edu.br\/projetogama\/2023\/01\/20\/selecionados-para-as-turmas-on-line-de-revisao-em-matematica-2\/","title":{"rendered":"Selecionados para as turmas on-line de revis\u00e3o em matem\u00e1tica"},"content":{"rendered":"<p>In\u00edcio em 23\/01.<\/p>\n<p>Mais informa\u00e7\u00f5es pelo e-mail cadastrado no ato da inscri\u00e7\u00e3o.<\/p>\n<p style=\"text-align: center;\"><strong>Matem\u00e1tica B\u00e1sica I<\/strong><\/p>\n<table style=\"width: 468px;\" width=\"303\">\n<tbody>\n<tr>\n<td style=\"width: 468px;\" width=\"303\">ADRIANA SCHMENGLER<\/td>\n<\/tr>\n<tr>\n<td style=\"width: 468px;\">ALANA DE OLIVEIRA DE SOUZA<\/td>\n<\/tr>\n<tr>\n<td style=\"width: 468px;\">ALEXANDRE FILGUEIRA SOARES<\/td>\n<\/tr>\n<tr>\n<td style=\"width: 468px;\">ALEXIA DA SILVA BILINA<\/td>\n<\/tr>\n<tr>\n<td style=\"width: 468px;\">ANA LUIZA BARRAZ FERREIRA<\/td>\n<\/tr>\n<tr>\n<td style=\"width: 468px;\">ANDR\u00c9IA M\u00dcLLER<\/td>\n<\/tr>\n<tr>\n<td style=\"width: 468px;\">ANIELE MORAES FURTADO<\/td>\n<\/tr>\n<tr>\n<td style=\"width: 468px;\">ASSUCENA SALDANHA MAIA SILVANO<\/td>\n<\/tr>\n<tr>\n<td style=\"width: 468px;\">BIANCA COENTRO COUTINHO<\/td>\n<\/tr>\n<tr>\n<td style=\"width: 468px;\">BRUNO GABRIEL CASSOL RIZZI<\/td>\n<\/tr>\n<tr>\n<td style=\"width: 468px;\">C\u00c1SSIA FLORES DA SILVA<\/td>\n<\/tr>\n<tr>\n<td style=\"width: 468px;\">DIANA MARCELA HERNANDEZ HERNANDEZ<\/td>\n<\/tr>\n<tr>\n<td style=\"width: 468px;\">DOUGLAS SOUZA GOMES<\/td>\n<\/tr>\n<tr>\n<td style=\"width: 468px;\">EDERSON BUENO VETROMILE<\/td>\n<\/tr>\n<tr>\n<td style=\"width: 468px;\">EDMILSON DA ROCHA DUARTE<\/td>\n<\/tr>\n<tr>\n<td style=\"width: 468px;\">ELIZANE DA PORCIUNCULA PERES<\/td>\n<\/tr>\n<tr>\n<td style=\"width: 468px;\">ETHIELI LEAL NUNES<\/td>\n<\/tr>\n<tr>\n<td style=\"width: 468px;\">FERNANDA DA LUZ CARDOSO<\/td>\n<\/tr>\n<tr>\n<td style=\"width: 468px;\">G\u00c9RSON BREZOLA DA SILVA<\/td>\n<\/tr>\n<tr>\n<td style=\"width: 468px;\">ISABELA GUIMAR\u00c3ES MADEIRA<\/td>\n<\/tr>\n<tr>\n<td style=\"width: 468px;\">JESSICA CAROLINA OLIVEIRA ALMEIDA<\/td>\n<\/tr>\n<tr>\n<td style=\"width: 468px;\">JOANA ALINE MOREIRA SIM\u00d5ES<\/td>\n<\/tr>\n<tr>\n<td style=\"width: 468px;\">JULIO CESAR MARQUES GON\u00c7ALVES<\/td>\n<\/tr>\n<tr>\n<td style=\"width: 468px;\">LESSANDRA VILLELA SALDANHA<\/td>\n<\/tr>\n<tr>\n<td style=\"width: 468px;\">MARCELA RODRIGUES LINK<\/td>\n<\/tr>\n<tr>\n<td style=\"width: 468px;\">MARIANA JUNQUER GAYER MENDES<\/td>\n<\/tr>\n<tr>\n<td style=\"width: 468px;\">MARIO ABRAH\u00c3O CAMPELLO<\/td>\n<\/tr>\n<tr>\n<td style=\"width: 468px;\">MATHEUS CARDOSO SOARES<\/td>\n<\/tr>\n<tr>\n<td style=\"width: 468px;\">NATACHA CARDOSO CALDEIRA<\/td>\n<\/tr>\n<tr>\n<td style=\"width: 468px;\">NATANIELE ORTIZ DE AVILA<\/td>\n<\/tr>\n<tr>\n<td style=\"width: 468px;\">OTACILIA MARIA SARMENTO CORREA FILHA<\/td>\n<\/tr>\n<tr>\n<td style=\"width: 468px;\">RAFAEL CABEDA PACHECO<\/td>\n<\/tr>\n<tr>\n<td style=\"width: 468px;\">RAFAEL NUNES SIGALES<\/td>\n<\/tr>\n<tr>\n<td style=\"width: 468px;\">RAFAEL ZIEGLER BONILLA<\/td>\n<\/tr>\n<tr>\n<td style=\"width: 468px;\">RAILA GRACIELA FERRAZ SARAIVA<\/td>\n<\/tr>\n<tr>\n<td style=\"width: 468px;\">VALDIN\u00c9A OZAIRES DE SOUZA<\/td>\n<\/tr>\n<\/tbody>\n<\/table>\n<p style=\"text-align: center;\"><strong>Geometria Anal\u00edtica<\/strong><\/p>\n<table style=\"width: 461px;\" width=\"303\">\n<tbody>\n<tr>\n<td style=\"width: 461px;\" width=\"303\">ADRIANA SCHMENGLER<\/td>\n<\/tr>\n<tr>\n<td style=\"width: 461px;\">ALANA DE OLIVEIRA DE SOUZA<\/td>\n<\/tr>\n<tr>\n<td style=\"width: 461px;\">ALEXANDRE FILGUEIRA SOARES<\/td>\n<\/tr>\n<tr>\n<td style=\"width: 461px;\">ALEXIA DA SILVA BILINA<\/td>\n<\/tr>\n<tr>\n<td style=\"width: 461px;\">ANDR\u00c9IA M\u00dcLLER<\/td>\n<\/tr>\n<tr>\n<td style=\"width: 461px;\">ASSUCENA SALDANHA MAIA SILVANO<\/td>\n<\/tr>\n<tr>\n<td style=\"width: 461px;\">CELSO MOACIR RIBEIRO<\/td>\n<\/tr>\n<tr>\n<td style=\"width: 461px;\">D\u00c9BORA MARIA BOHM L\u00dcDTKE<\/td>\n<\/tr>\n<tr>\n<td style=\"width: 461px;\">DOUGLAS SOUZA GOMES<\/td>\n<\/tr>\n<tr>\n<td style=\"width: 461px;\">EDMILSON DA ROCHA DUARTE<\/td>\n<\/tr>\n<tr>\n<td style=\"width: 461px;\">ELIZANE DA PORCIUNCULA PERES<\/td>\n<\/tr>\n<tr>\n<td style=\"width: 461px;\">HECTOR HUDSON DINIZ FERNANDES<\/td>\n<\/tr>\n<tr>\n<td style=\"width: 461px;\">JOANA ALINE MOREIRA SIM\u00d5ES<\/td>\n<\/tr>\n<tr>\n<td style=\"width: 461px;\">JONATHA VIEGAS DA SILVA<\/td>\n<\/tr>\n<tr>\n<td style=\"width: 461px;\">MARCOS BARBOSA DIAD FERREIRAS<\/td>\n<\/tr>\n<tr>\n<td style=\"width: 461px;\">MARIA CASTILHOS DA ROSA<\/td>\n<\/tr>\n<tr>\n<td style=\"width: 461px;\">MARIANA JUNQUER GAYER MENDES<\/td>\n<\/tr>\n<tr>\n<td style=\"width: 461px;\">MATEUS HENRIQUE SCHR\u00d6PFER<\/td>\n<\/tr>\n<tr>\n<td style=\"width: 461px;\">MILENA BARBOZA DE OLIVEIRA<\/td>\n<\/tr>\n<tr>\n<td style=\"width: 461px;\">NATACHA CARDOSO CALDEIRA<\/td>\n<\/tr>\n<tr>\n<td style=\"width: 461px;\">NATANIELE ORTIZ DE AVILA<\/td>\n<\/tr>\n<tr>\n<td style=\"width: 461px;\">RAFAEL ZIEGLER BONILLA<\/td>\n<\/tr>\n<tr>\n<td style=\"width: 461px;\">RENAN MARQUES AZEVEDO DA MATA<\/td>\n<\/tr>\n<tr>\n<td style=\"width: 461px;\">RODRIGO DA COSTA CARDOSO<\/td>\n<\/tr>\n<\/tbody>\n<\/table>\n<p>&nbsp;<\/p>\n","protected":false},"excerpt":{"rendered":"<p>In\u00edcio em 23\/01. Mais informa\u00e7\u00f5es pelo e-mail cadastrado no ato da inscri\u00e7\u00e3o. Matem\u00e1tica B\u00e1sica I ADRIANA SCHMENGLER ALANA DE OLIVEIRA DE SOUZA ALEXANDRE FILGUEIRA SOARES ALEXIA DA SILVA BILINA ANA [&hellip;]<\/p>\n","protected":false},"author":437,"featured_media":0,"comment_status":"closed","ping_status":"closed","sticky":false,"template":"","format":"standard","meta":{"jetpack_post_was_ever_published":false,"_jetpack_newsletter_access":"","_jetpack_dont_email_post_to_subs":false,"_jetpack_newsletter_tier_id":0,"_jetpack_memberships_contains_paywalled_content":false,"_jetpack_memberships_contains_paid_content":false,"footnotes":"","jetpack_publicize_message":"","jetpack_publicize_feature_enabled":true,"jetpack_social_post_already_shared":true,"jetpack_social_options":{"image_generator_settings":{"template":"highway","default_image_id":0,"font":"","enabled":false},"version":2}},"categories":[18],"tags":[],"class_list":["post-5084","post","type-post","status-publish","format-standard","hentry","category-inicio-inicio"],"jetpack_publicize_connections":[],"jetpack_featured_media_url":"","jetpack_sharing_enabled":true,"jetpack_shortlink":"https:\/\/wp.me\/p6Slop-1k0","_links":{"self":[{"href":"https:\/\/wp.ufpel.edu.br\/projetogama\/wp-json\/wp\/v2\/posts\/5084","targetHints":{"allow":["GET"]}}],"collection":[{"href":"https:\/\/wp.ufpel.edu.br\/projetogama\/wp-json\/wp\/v2\/posts"}],"about":[{"href":"https:\/\/wp.ufpel.edu.br\/projetogama\/wp-json\/wp\/v2\/types\/post"}],"author":[{"embeddable":true,"href":"https:\/\/wp.ufpel.edu.br\/projetogama\/wp-json\/wp\/v2\/users\/437"}],"replies":[{"embeddable":true,"href":"https:\/\/wp.ufpel.edu.br\/projetogama\/wp-json\/wp\/v2\/comments?post=5084"}],"version-history":[{"count":3,"href":"https:\/\/wp.ufpel.edu.br\/projetogama\/wp-json\/wp\/v2\/posts\/5084\/revisions"}],"predecessor-version":[{"id":5088,"href":"https:\/\/wp.ufpel.edu.br\/projetogama\/wp-json\/wp\/v2\/posts\/5084\/revisions\/5088"}],"wp:attachment":[{"href":"https:\/\/wp.ufpel.edu.br\/projetogama\/wp-json\/wp\/v2\/media?parent=5084"}],"wp:term":[{"taxonomy":"category","embeddable":true,"href":"https:\/\/wp.ufpel.edu.br\/projetogama\/wp-json\/wp\/v2\/categories?post=5084"},{"taxonomy":"post_tag","embeddable":true,"href":"https:\/\/wp.ufpel.edu.br\/projetogama\/wp-json\/wp\/v2\/tags?post=5084"}],"curies":[{"name":"wp","href":"https:\/\/api.w.org\/{rel}","templated":true}]}}