{"id":5074,"date":"2023-01-12T15:40:15","date_gmt":"2023-01-12T18:40:15","guid":{"rendered":"https:\/\/wp.ufpel.edu.br\/projetogama\/?p=5074"},"modified":"2023-01-20T09:51:46","modified_gmt":"2023-01-20T12:51:46","slug":"inscricoes-para-o-curso-presencial-de-matematica-basica-i","status":"publish","type":"post","link":"https:\/\/wp.ufpel.edu.br\/projetogama\/2023\/01\/12\/inscricoes-para-o-curso-presencial-de-matematica-basica-i\/","title":{"rendered":"Inscri\u00e7\u00f5es para o curso presencial de Matem\u00e1tica B\u00e1sica I"},"content":{"rendered":"<p style=\"text-align: justify;\">Ser\u00e1 oferecida uma turma do M\u00f3dulo de Matem\u00e1tica B\u00e1sica I no formato presencial, no turno da manh\u00e3. S\u00e3o 6 aulas no total, de segunda a s\u00e1bado, em campus central da UFPel.<\/p>\n<div style=\"text-align: justify;\">\n<p style=\"text-align: center;\"><strong>M\u00f3dulo de Matem\u00e1tica B\u00e1sica I<\/strong><\/p>\n<p><strong>Conte\u00fados abordados no Curso (revis\u00e3o da teoria e exerc\u00edcios):<\/strong> Teoria b\u00e1sica dos conjuntos. Conjuntos num\u00e9ricos e intervalos. Opera\u00e7\u00f5es com fra\u00e7\u00f5es. Potencia\u00e7\u00e3o. Radicia\u00e7\u00e3o. Racionaliza\u00e7\u00e3o de denominadores. Fatora\u00e7\u00e3o e produtos not\u00e1veis. Opera\u00e7\u00f5es e simplifica\u00e7\u00e3o de fra\u00e7\u00f5es alg\u00e9bricas. Opera\u00e7\u00f5es com polin\u00f4mios.<\/p>\n<p><strong>Metodologia<\/strong>: A metodologia utilizada no curso presencial ser\u00e1 a exposi\u00e7\u00e3o de conte\u00fados, seguida da resolu\u00e7\u00e3o de exerc\u00edcios.\u00a0 A frequ\u00eancia ser\u00e1 contabilizada atrav\u00e9s de duas presen\u00e7as por aula (dia).<\/p>\n<p><strong>Inscri\u00e7\u00f5es<\/strong>: de 12\/01\/2023 a 19\/01\/2023.<\/p>\n<p><strong>Divulga\u00e7\u00e3o<\/strong>: 20\/01\/2023.<\/p>\n<p><strong>Per\u00edodo do curso<\/strong>: de 23\/01\/2023 a 28\/01\/2023.<\/p>\n<p><strong>Hor\u00e1rio<\/strong>: Manh\u00e3 &#8211; das 8h \u00e0s 12h.<\/p>\n<p><strong>Carga-hor\u00e1ria do curso<\/strong>: 12 horas.<\/p>\n<\/div>\n<div><\/div>\n<div style=\"text-align: justify;\">\n<p><strong>Inscri\u00e7\u00f5es:<\/strong><\/p>\n<p>Se voc\u00ea \u00e9 estudante da UFPel, fa\u00e7a a sua inscri\u00e7\u00e3o\u00a0AQUI<\/p>\n<p>Se voc\u00ea n\u00e3o \u00e9 estudante da UFPel, fa\u00e7a a sua inscri\u00e7\u00e3o\u00a0AQUI<\/p>\n<p>N\u00famero de vagas: 60 &#8211; Existe previs\u00e3o de oferecimento de novas turmas posteriormente.<\/p>\n<p>Os crit\u00e9rios utilizados para o preenchimento das vagas ser\u00e3o:<\/p>\n<p>25 vagas priorit\u00e1rias para estudantes da UFPel matriculados em cursos que possuem disciplinas de matem\u00e1tica na grade curricular obrigat\u00f3ria, sendo 50% destas vagas priorit\u00e1rias para estudantes bolsistas da PRAE.<\/p>\n<p>15 vagas priorit\u00e1rias para estudantes da UFPel matriculados em cursos que n\u00e3o possuem disciplinas de matem\u00e1tica na grade curricular obrigat\u00f3ria, sendo 50% destas vagas priorit\u00e1rias para estudantes bolsistas da PRAE.<\/p>\n<\/div>\n<div><\/div>\n<div style=\"text-align: justify;\">\n<p>20 vagas priorit\u00e1rias para estudantes e professores da rede p\u00fablica de ensino.<\/p>\n<p>Havendo mais inscritos que vagas, dentro de algum dos grupos listados acima, a ordem utilizada para o preenchimento das vagas ser\u00e1 a ordem de inscri\u00e7\u00e3o. Havendo menos inscritos do que vagas em algum grupo, as vagas remanescentes ser\u00e3o redistribu\u00eddas proporcionalmente para o outro grupo.<\/p>\n<\/div>\n","protected":false},"excerpt":{"rendered":"<p>Ser\u00e1 oferecida uma turma do M\u00f3dulo de Matem\u00e1tica B\u00e1sica I no formato presencial, no turno da manh\u00e3. S\u00e3o 6 aulas no total, de segunda a s\u00e1bado, em campus central da [&hellip;]<\/p>\n","protected":false},"author":437,"featured_media":0,"comment_status":"closed","ping_status":"closed","sticky":false,"template":"","format":"standard","meta":{"jetpack_post_was_ever_published":false,"_jetpack_newsletter_access":"","_jetpack_dont_email_post_to_subs":false,"_jetpack_newsletter_tier_id":0,"_jetpack_memberships_contains_paywalled_content":false,"_jetpack_memberships_contains_paid_content":false,"footnotes":"","jetpack_publicize_message":"","jetpack_publicize_feature_enabled":true,"jetpack_social_post_already_shared":true,"jetpack_social_options":{"image_generator_settings":{"template":"highway","default_image_id":0,"font":"","enabled":false},"version":2}},"categories":[18],"tags":[],"class_list":["post-5074","post","type-post","status-publish","format-standard","hentry","category-inicio-inicio"],"jetpack_publicize_connections":[],"jetpack_featured_media_url":"","jetpack_sharing_enabled":true,"jetpack_shortlink":"https:\/\/wp.me\/p6Slop-1jQ","_links":{"self":[{"href":"https:\/\/wp.ufpel.edu.br\/projetogama\/wp-json\/wp\/v2\/posts\/5074","targetHints":{"allow":["GET"]}}],"collection":[{"href":"https:\/\/wp.ufpel.edu.br\/projetogama\/wp-json\/wp\/v2\/posts"}],"about":[{"href":"https:\/\/wp.ufpel.edu.br\/projetogama\/wp-json\/wp\/v2\/types\/post"}],"author":[{"embeddable":true,"href":"https:\/\/wp.ufpel.edu.br\/projetogama\/wp-json\/wp\/v2\/users\/437"}],"replies":[{"embeddable":true,"href":"https:\/\/wp.ufpel.edu.br\/projetogama\/wp-json\/wp\/v2\/comments?post=5074"}],"version-history":[{"count":3,"href":"https:\/\/wp.ufpel.edu.br\/projetogama\/wp-json\/wp\/v2\/posts\/5074\/revisions"}],"predecessor-version":[{"id":5079,"href":"https:\/\/wp.ufpel.edu.br\/projetogama\/wp-json\/wp\/v2\/posts\/5074\/revisions\/5079"}],"wp:attachment":[{"href":"https:\/\/wp.ufpel.edu.br\/projetogama\/wp-json\/wp\/v2\/media?parent=5074"}],"wp:term":[{"taxonomy":"category","embeddable":true,"href":"https:\/\/wp.ufpel.edu.br\/projetogama\/wp-json\/wp\/v2\/categories?post=5074"},{"taxonomy":"post_tag","embeddable":true,"href":"https:\/\/wp.ufpel.edu.br\/projetogama\/wp-json\/wp\/v2\/tags?post=5074"}],"curies":[{"name":"wp","href":"https:\/\/api.w.org\/{rel}","templated":true}]}}