{"id":5042,"date":"2022-10-14T09:38:45","date_gmt":"2022-10-14T12:38:45","guid":{"rendered":"https:\/\/wp.ufpel.edu.br\/projetogama\/?p=5042"},"modified":"2022-10-14T09:38:45","modified_gmt":"2022-10-14T12:38:45","slug":"selecionados-para-as-turmas-on-line-de-revisao-de-matematica-3","status":"publish","type":"post","link":"https:\/\/wp.ufpel.edu.br\/projetogama\/2022\/10\/14\/selecionados-para-as-turmas-on-line-de-revisao-de-matematica-3\/","title":{"rendered":"Selecionados para as turmas on-line de revis\u00e3o de matem\u00e1tica"},"content":{"rendered":"<p>In\u00edcio em 17\/10.<\/p>\n<p>Mais informa\u00e7\u00f5es pelo e-mail cadastrado no ato da inscri\u00e7\u00e3o.<\/p>\n<p style=\"text-align: center;\"><strong>Matem\u00e1tica B\u00e1sica I<\/strong><\/p>\n<table style=\"width: 420px;\" width=\"251\">\n<tbody>\n<tr>\n<td style=\"width: 420px;\" width=\"251\">ADRIANA SCHMENGLER<\/td>\n<\/tr>\n<tr>\n<td style=\"width: 420px;\">AM\u00c1LIA GON\u00c7ALVES ALVES<\/td>\n<\/tr>\n<tr>\n<td style=\"width: 420px;\">ANNA NAJARA MULLER DA CRUZ<\/td>\n<\/tr>\n<tr>\n<td style=\"width: 420px;\">BRENDA DA COSTA FERREIRA<\/td>\n<\/tr>\n<tr>\n<td style=\"width: 420px;\">BRUNA DE MORAIS NUNES<\/td>\n<\/tr>\n<tr>\n<td style=\"width: 420px;\">CELOISA PEREIRA<\/td>\n<\/tr>\n<tr>\n<td style=\"width: 420px;\">DAIANA CRIZEL RODRIGUES<\/td>\n<\/tr>\n<tr>\n<td style=\"width: 420px;\">FRANCISCO QUIROGA BRUM<\/td>\n<\/tr>\n<tr>\n<td style=\"width: 420px;\">GABRIELE DA FONSECA MONKS<\/td>\n<\/tr>\n<tr>\n<td style=\"width: 420px;\">JOHN CASSIEL CARVALHO CARDOSO<\/td>\n<\/tr>\n<tr>\n<td style=\"width: 420px;\">JORDANA JORD\u00c3O PEREIRA<\/td>\n<\/tr>\n<tr>\n<td style=\"width: 420px;\">JULIANE MONTE NEGRO GON\u00c7ALVES<\/td>\n<\/tr>\n<tr>\n<td style=\"width: 420px;\">LARISSA OLIVEIRA DA SILVA<\/td>\n<\/tr>\n<tr>\n<td style=\"width: 420px;\">LEANDRO PIRES OLIVEIRA<\/td>\n<\/tr>\n<tr>\n<td style=\"width: 420px;\">LET\u00cdCIA RECH DA SILVEIRA<\/td>\n<\/tr>\n<tr>\n<td style=\"width: 420px;\">LISIANE KOHLS<\/td>\n<\/tr>\n<tr>\n<td style=\"width: 420px;\">LUCIANE MOURA VIEIRA<\/td>\n<\/tr>\n<tr>\n<td style=\"width: 420px;\">MARIA EDUARDA RAMOS VAZ<\/td>\n<\/tr>\n<tr>\n<td style=\"width: 420px;\">MARIANA DA SILVA SCHILLER<\/td>\n<\/tr>\n<tr>\n<td style=\"width: 420px;\">PABLO DO ESTREITO CORR\u00caA<\/td>\n<\/tr>\n<tr>\n<td style=\"width: 420px;\">RAFAEL ZIEGLER BONILLA<\/td>\n<\/tr>\n<tr>\n<td style=\"width: 420px;\">RODRIGO GUIMARAES MOTTA<\/td>\n<\/tr>\n<tr>\n<td style=\"width: 420px;\">SERGIO ROBERTO PRETTO DE OLIVEIRA<\/td>\n<\/tr>\n<tr>\n<td style=\"width: 420px;\">VANESSA PEREIRA BORGES<\/td>\n<\/tr>\n<tr>\n<td style=\"width: 420px;\">VITORIA LAVI DA CUNHA<\/td>\n<\/tr>\n<\/tbody>\n<\/table>\n<p style=\"text-align: center;\"><strong>Derivadas<\/strong><\/p>\n<table style=\"width: 418px;\" width=\"251\">\n<tbody>\n<tr>\n<td style=\"width: 418px;\" width=\"251\">GABRIEL FELIPE KIELING MOMBACH<\/td>\n<\/tr>\n<tr>\n<td style=\"width: 418px;\">HENRIQUE SGNORELLI KAPPAUN<\/td>\n<\/tr>\n<tr>\n<td style=\"width: 418px;\">JENNIFER ALMEIDA GARCIA<\/td>\n<\/tr>\n<tr>\n<td style=\"width: 418px;\">JONATHA VIEGAS DA SILVA<\/td>\n<\/tr>\n<tr>\n<td style=\"width: 418px;\">JORDANA JORD\u00c3O PEREIRA<\/td>\n<\/tr>\n<tr>\n<td style=\"width: 418px;\">J\u00daLIA JACQUES BITENCOURT<\/td>\n<\/tr>\n<tr>\n<td style=\"width: 418px;\">LEONARDO LEITE DE QUADROS<\/td>\n<\/tr>\n<tr>\n<td style=\"width: 418px;\">LET\u00cdCIA RECH DA SILVEIRA<\/td>\n<\/tr>\n<tr>\n<td style=\"width: 418px;\">MATEUS HENRIQUE SCHR\u00d6PFER<\/td>\n<\/tr>\n<tr>\n<td style=\"width: 418px;\">MATHEUS DIAS RIBEIRO KONDO<\/td>\n<\/tr>\n<tr>\n<td style=\"width: 418px;\">MICHELE DA CRUZ DOS SANTOS<\/td>\n<\/tr>\n<tr>\n<td style=\"width: 418px;\">POLIANE DA SILVA ABREU<\/td>\n<\/tr>\n<tr>\n<td style=\"width: 418px;\">RAFAEL CABEDA PACHECO<\/td>\n<\/tr>\n<tr>\n<td style=\"width: 418px;\">RAFAEL ZIEGLER BONILLA<\/td>\n<\/tr>\n<tr>\n<td style=\"width: 418px;\">SERGIO LUIZ PIEROBOM<\/td>\n<\/tr>\n<tr>\n<td style=\"width: 418px;\">SUELEN TIMM CASARIN<\/td>\n<\/tr>\n<\/tbody>\n<\/table>\n<p><\/p>\n","protected":false},"excerpt":{"rendered":"<p>In\u00edcio em 17\/10. Mais informa\u00e7\u00f5es pelo e-mail cadastrado no ato da inscri\u00e7\u00e3o. Matem\u00e1tica B\u00e1sica I ADRIANA SCHMENGLER AM\u00c1LIA GON\u00c7ALVES ALVES ANNA NAJARA MULLER DA CRUZ BRENDA DA COSTA FERREIRA BRUNA [&hellip;]<\/p>\n","protected":false},"author":437,"featured_media":0,"comment_status":"closed","ping_status":"closed","sticky":false,"template":"","format":"standard","meta":{"jetpack_post_was_ever_published":false,"_jetpack_newsletter_access":"","_jetpack_dont_email_post_to_subs":false,"_jetpack_newsletter_tier_id":0,"_jetpack_memberships_contains_paywalled_content":false,"_jetpack_memberships_contains_paid_content":false,"footnotes":"","jetpack_publicize_message":"","jetpack_publicize_feature_enabled":true,"jetpack_social_post_already_shared":true,"jetpack_social_options":{"image_generator_settings":{"template":"highway","default_image_id":0,"font":"","enabled":false},"version":2}},"categories":[18],"tags":[],"class_list":["post-5042","post","type-post","status-publish","format-standard","hentry","category-inicio-inicio"],"jetpack_publicize_connections":[],"jetpack_featured_media_url":"","jetpack_sharing_enabled":true,"jetpack_shortlink":"https:\/\/wp.me\/p6Slop-1jk","_links":{"self":[{"href":"https:\/\/wp.ufpel.edu.br\/projetogama\/wp-json\/wp\/v2\/posts\/5042","targetHints":{"allow":["GET"]}}],"collection":[{"href":"https:\/\/wp.ufpel.edu.br\/projetogama\/wp-json\/wp\/v2\/posts"}],"about":[{"href":"https:\/\/wp.ufpel.edu.br\/projetogama\/wp-json\/wp\/v2\/types\/post"}],"author":[{"embeddable":true,"href":"https:\/\/wp.ufpel.edu.br\/projetogama\/wp-json\/wp\/v2\/users\/437"}],"replies":[{"embeddable":true,"href":"https:\/\/wp.ufpel.edu.br\/projetogama\/wp-json\/wp\/v2\/comments?post=5042"}],"version-history":[{"count":1,"href":"https:\/\/wp.ufpel.edu.br\/projetogama\/wp-json\/wp\/v2\/posts\/5042\/revisions"}],"predecessor-version":[{"id":5044,"href":"https:\/\/wp.ufpel.edu.br\/projetogama\/wp-json\/wp\/v2\/posts\/5042\/revisions\/5044"}],"wp:attachment":[{"href":"https:\/\/wp.ufpel.edu.br\/projetogama\/wp-json\/wp\/v2\/media?parent=5042"}],"wp:term":[{"taxonomy":"category","embeddable":true,"href":"https:\/\/wp.ufpel.edu.br\/projetogama\/wp-json\/wp\/v2\/categories?post=5042"},{"taxonomy":"post_tag","embeddable":true,"href":"https:\/\/wp.ufpel.edu.br\/projetogama\/wp-json\/wp\/v2\/tags?post=5042"}],"curies":[{"name":"wp","href":"https:\/\/api.w.org\/{rel}","templated":true}]}}