{"id":4995,"date":"2022-09-08T22:29:01","date_gmt":"2022-09-09T01:29:01","guid":{"rendered":"https:\/\/wp.ufpel.edu.br\/projetogama\/?p=4995"},"modified":"2022-09-16T10:10:12","modified_gmt":"2022-09-16T13:10:12","slug":"inscricoes-para-novas-turmas-presenciais-de-revisao-de-matematica","status":"publish","type":"post","link":"https:\/\/wp.ufpel.edu.br\/projetogama\/2022\/09\/08\/inscricoes-para-novas-turmas-presenciais-de-revisao-de-matematica\/","title":{"rendered":"Inscri\u00e7\u00f5es para novas turmas presenciais de revis\u00e3o de matem\u00e1tica"},"content":{"rendered":"<p>Est\u00e3o abertas as inscri\u00e7\u00f5es para as pr\u00f3ximas turmas das Atividades de Revis\u00e3o em Matem\u00e1tica, oferecidas pelo Projeto GAMA: Grupo de Apoio em Matem\u00e1tica.<\/p>\n<p>Ser\u00e3o oferecidas duas turmas,\u00a0 Fun\u00e7\u00f5es e Integrais. \u00c9 poss\u00edvel realizar a inscri\u00e7\u00e3o nas duas turmas, uma com encontros presenciais aos s\u00e1bados pela manh\u00e3 e a outra, aos s\u00e1bados \u00e0 tarde.<\/p>\n<p>&nbsp;<\/p>\n<p><strong>Metodologia<\/strong>: A metodologia utilizada nos cursos presenciais ser\u00e1 a Sala de Aula Invertida \u2013 SAI. Os conte\u00fados ser\u00e3o disponibilizados em v\u00eddeo. Os estudantes tem autonomia para assistir as videoaulas nos hor\u00e1rios que se adaptem melhor a sua rotina de estudos, com a possibilidade de pausar, retroceder, assistir novamente, quantas vezes achar necess\u00e1rio. Ser\u00e3o duas aulas semanais. Em tr\u00eas s\u00e1bados, de forma presencial, ser\u00e3o discutidos brevemente os conte\u00fados e ser\u00e3o realizados os exerc\u00edcios. Espa\u00e7os para intera\u00e7\u00e3o virtual com bolsistas e professores do GAMA ser\u00e3o disponibilizados para esclarecimento de d\u00favidas. A frequ\u00eancia ser\u00e1 contabilizada atrav\u00e9s de question\u00e1rios enviados ao longo do curso e aulas presenciais aos s\u00e1bados.<\/p>\n<p>Inscri\u00e7\u00f5es: de 08\/09\/22 a 15\/09\/22.<\/p>\n<p>Divulga\u00e7\u00e3o das turmas: 16\/09\/2022.<\/p>\n<p>Per\u00edodo do curso: de 19\/09\/2022 a 08\/10\/2022.<\/p>\n<p>Aulas presenciais: 24\/09, 01\/10 e 08\/10.<\/p>\n<p>Hor\u00e1rio: Manh\u00e3 \u2013 das 9h \u00e0s 12:10h.<\/p>\n<p>Tarde \u2013 das 14h \u00e0s 17:10h.<\/p>\n<p>Carga-hor\u00e1ria do curso: 12 horas.<\/p>\n<p>N\u00famero de vagas: 40 em cada turma<\/p>\n<p><strong>Inscri\u00e7\u00f5es:<\/strong><\/p>\n<p>Se voc\u00ea \u00e9 estudante da UFPel, fa\u00e7a a sua inscri\u00e7\u00e3o AQUI<\/p>\n<p>Se voc\u00ea n\u00e3o \u00e9 estudante da UFPel, fa\u00e7a a sua inscri\u00e7\u00e3o AQUI<\/p>\n<p>O preenchimento das 40 vagas, em cada turma, se dar\u00e1 da seguinte forma:<\/p>\n<p>15 vagas priorit\u00e1rias para estudantes da UFPel matriculados em cursos que possuem disciplinas de matem\u00e1tica na grade curricular obrigat\u00f3ria, sendo 50% destas vagas priorit\u00e1rias para estudantes bolsistas da PRAE.<\/p>\n<p>10 vagas priorit\u00e1rias para estudantes da UFPel matriculados em cursos que n\u00e3o possuem disciplinas de matem\u00e1tica na grade curricular obrigat\u00f3ria, sendo 50% destas vagas priorit\u00e1rias para estudantes bolsistas da PRAE.<\/p>\n<p>15 vagas priorit\u00e1rias para estudantes e professores da rede p\u00fablica de ensino, n\u00e3o vinculados \u00e0 UFPel.<\/p>\n<p>Havendo mais inscritos que vagas, dentro de algum dos grupos listados acima, a ordem utilizada para o preenchimento das vagas ser\u00e1 a ordem de inscri\u00e7\u00e3o. Havendo menos inscritos do que vagas em algum grupo, as vagas remanescentes ser\u00e3o redistribu\u00eddas proporcionalmente para os outros grupos.<\/p>\n<p>Importante: Estudantes inscritos que n\u00e3o comparecerem \u00e0s aulas e n\u00e3o justificarem poder\u00e3o ter a inscri\u00e7\u00e3o cancelada, em eventuais inscri\u00e7\u00f5es futuras.<\/p>\n","protected":false},"excerpt":{"rendered":"<p>Est\u00e3o abertas as inscri\u00e7\u00f5es para as pr\u00f3ximas turmas das Atividades de Revis\u00e3o em Matem\u00e1tica, oferecidas pelo Projeto GAMA: Grupo de Apoio em Matem\u00e1tica. Ser\u00e3o oferecidas duas turmas,\u00a0 Fun\u00e7\u00f5es e Integrais. [&hellip;]<\/p>\n","protected":false},"author":437,"featured_media":0,"comment_status":"closed","ping_status":"closed","sticky":false,"template":"","format":"standard","meta":{"jetpack_post_was_ever_published":false,"_jetpack_newsletter_access":"","_jetpack_dont_email_post_to_subs":false,"_jetpack_newsletter_tier_id":0,"_jetpack_memberships_contains_paywalled_content":false,"_jetpack_memberships_contains_paid_content":false,"footnotes":"","jetpack_publicize_message":"","jetpack_publicize_feature_enabled":true,"jetpack_social_post_already_shared":true,"jetpack_social_options":{"image_generator_settings":{"template":"highway","default_image_id":0,"font":"","enabled":false},"version":2}},"categories":[18],"tags":[],"class_list":["post-4995","post","type-post","status-publish","format-standard","hentry","category-inicio-inicio"],"jetpack_publicize_connections":[],"jetpack_featured_media_url":"","jetpack_sharing_enabled":true,"jetpack_shortlink":"https:\/\/wp.me\/p6Slop-1iz","_links":{"self":[{"href":"https:\/\/wp.ufpel.edu.br\/projetogama\/wp-json\/wp\/v2\/posts\/4995","targetHints":{"allow":["GET"]}}],"collection":[{"href":"https:\/\/wp.ufpel.edu.br\/projetogama\/wp-json\/wp\/v2\/posts"}],"about":[{"href":"https:\/\/wp.ufpel.edu.br\/projetogama\/wp-json\/wp\/v2\/types\/post"}],"author":[{"embeddable":true,"href":"https:\/\/wp.ufpel.edu.br\/projetogama\/wp-json\/wp\/v2\/users\/437"}],"replies":[{"embeddable":true,"href":"https:\/\/wp.ufpel.edu.br\/projetogama\/wp-json\/wp\/v2\/comments?post=4995"}],"version-history":[{"count":6,"href":"https:\/\/wp.ufpel.edu.br\/projetogama\/wp-json\/wp\/v2\/posts\/4995\/revisions"}],"predecessor-version":[{"id":5014,"href":"https:\/\/wp.ufpel.edu.br\/projetogama\/wp-json\/wp\/v2\/posts\/4995\/revisions\/5014"}],"wp:attachment":[{"href":"https:\/\/wp.ufpel.edu.br\/projetogama\/wp-json\/wp\/v2\/media?parent=4995"}],"wp:term":[{"taxonomy":"category","embeddable":true,"href":"https:\/\/wp.ufpel.edu.br\/projetogama\/wp-json\/wp\/v2\/categories?post=4995"},{"taxonomy":"post_tag","embeddable":true,"href":"https:\/\/wp.ufpel.edu.br\/projetogama\/wp-json\/wp\/v2\/tags?post=4995"}],"curies":[{"name":"wp","href":"https:\/\/api.w.org\/{rel}","templated":true}]}}