{"id":4976,"date":"2022-08-26T07:02:54","date_gmt":"2022-08-26T10:02:54","guid":{"rendered":"https:\/\/wp.ufpel.edu.br\/projetogama\/?p=4976"},"modified":"2022-08-26T07:02:54","modified_gmt":"2022-08-26T10:02:54","slug":"selecionados-para-as-turmas-presenciais-de-revisao-em-matematica","status":"publish","type":"post","link":"https:\/\/wp.ufpel.edu.br\/projetogama\/2022\/08\/26\/selecionados-para-as-turmas-presenciais-de-revisao-em-matematica\/","title":{"rendered":"Selecionados para as turmas presenciais de revis\u00e3o em matem\u00e1tica"},"content":{"rendered":"<p>In\u00edcio em 29\/08.<\/p>\n<p>Mais informa\u00e7\u00f5es pelo e-mail cadastrado no ato da inscri\u00e7\u00e3o.<\/p>\n<p style=\"text-align: center;\">Matem\u00e1tica B\u00e1sica I &#8211; Manh\u00e3<\/p>\n<table style=\"width: 392px;\" width=\"255\">\n<tbody>\n<tr>\n<td style=\"width: 392px;\" width=\"255\">BERENICE SOUZA DE MUNHOZ<\/td>\n<\/tr>\n<tr>\n<td style=\"width: 392px;\">CAUAN BRITO SILVA<\/td>\n<\/tr>\n<tr>\n<td style=\"width: 392px;\">DAIANE MACHADO CORREA<\/td>\n<\/tr>\n<tr>\n<td style=\"width: 392px;\">DANIEL VICTOR DA SILVA SOUZA<\/td>\n<\/tr>\n<tr>\n<td style=\"width: 392px;\">DANIELA SCHMALFUSS DA ROSA<\/td>\n<\/tr>\n<tr>\n<td style=\"width: 392px;\">FERNANDA SILVEIRA DA ROSA<\/td>\n<\/tr>\n<tr>\n<td style=\"width: 392px;\">HELOISA SOUZA DOS SANTOS<\/td>\n<\/tr>\n<tr>\n<td style=\"width: 392px;\">HENRIQUE BRUM HAERTEL<\/td>\n<\/tr>\n<tr>\n<td style=\"width: 392px;\">JEAN NATANIEL RODRIGUES RODRIGUES<\/td>\n<\/tr>\n<tr>\n<td style=\"width: 392px;\">JENNIFER LEMKE SCHWARTZ<\/td>\n<\/tr>\n<tr>\n<td style=\"width: 392px;\">JO\u00c2O ARTHUR WINCK<\/td>\n<\/tr>\n<tr>\n<td style=\"width: 392px;\">JOAO MATHEUS FICK CASARIN<\/td>\n<\/tr>\n<tr>\n<td style=\"width: 392px;\">JULIA AVILA DOS SANTOS<\/td>\n<\/tr>\n<tr>\n<td style=\"width: 392px;\">J\u00daLIA LUCAS NEUMANN<\/td>\n<\/tr>\n<tr>\n<td style=\"width: 392px;\">JULIANA GON\u00c7ALVES RODRIGUES<\/td>\n<\/tr>\n<tr>\n<td style=\"width: 392px;\">LEONARDO LEITE DE QUADROS<\/td>\n<\/tr>\n<tr>\n<td style=\"width: 392px;\">LOREN BIERHALS DA CRUZ<\/td>\n<\/tr>\n<tr>\n<td style=\"width: 392px;\">LUIANA HUBNER PEGLOW<\/td>\n<\/tr>\n<tr>\n<td style=\"width: 392px;\">MAIARA ANDRESSA THUROW<\/td>\n<\/tr>\n<tr>\n<td style=\"width: 392px;\">MARCELO NASCIMENTO BEZERRA<\/td>\n<\/tr>\n<tr>\n<td style=\"width: 392px;\">MARCELO SOARES DA CRUZ<\/td>\n<\/tr>\n<tr>\n<td style=\"width: 392px;\">MARIA LUIZA DE ALMEIDA PONCE<\/td>\n<\/tr>\n<tr>\n<td style=\"width: 392px;\">SAMUEL IPIRANGA DE MELLO<\/td>\n<\/tr>\n<tr>\n<td style=\"width: 392px;\">TAIWANI RODRIGUES GARCIA<\/td>\n<\/tr>\n<tr>\n<td style=\"width: 392px;\">VITOR MIGUEL OLIVEIRA<\/td>\n<\/tr>\n<tr>\n<td style=\"width: 392px;\">WELESSON RAFAEL MIRITZ<\/td>\n<\/tr>\n<tr>\n<td style=\"width: 392px;\">YNARA AGUIAR CASTRO<\/td>\n<\/tr>\n<tr>\n<td style=\"width: 392px;\">ZAIMON PASTTORINO ROCHA<\/td>\n<\/tr>\n<\/tbody>\n<\/table>\n<p style=\"text-align: center;\">Derivadas &#8211; Manh\u00e3<\/p>\n<table style=\"width: 392px;\" width=\"255\">\n<tbody>\n<tr>\n<td style=\"width: 392px;\" width=\"255\">ALEXANDRE RUTZ DE AGUIAR<\/td>\n<\/tr>\n<tr>\n<td style=\"width: 392px;\">ANA PAULA SCHVINN<\/td>\n<\/tr>\n<tr>\n<td style=\"width: 392px;\">DIULIO PATRICK PEREIRA MACHADO<\/td>\n<\/tr>\n<tr>\n<td style=\"width: 392px;\">EMILY ALMERON FELIX<\/td>\n<\/tr>\n<tr>\n<td style=\"width: 392px;\">GABRIELE CHRISTINO MARQUES<\/td>\n<\/tr>\n<tr>\n<td style=\"width: 392px;\">HENRY MENDON\u00c7A LUZ PACINI RICCI<\/td>\n<\/tr>\n<tr>\n<td style=\"width: 392px;\">LIANE MOTA LOPES<\/td>\n<\/tr>\n<tr>\n<td style=\"width: 392px;\">LUIZA LAUREN ARCE LEIVAS<\/td>\n<\/tr>\n<tr>\n<td style=\"width: 392px;\">MARCELO AUGUSTO PEGORARO ETCHEVERRIA<\/td>\n<\/tr>\n<tr>\n<td style=\"width: 392px;\">MARIA EDUARDA MARQUES DE SOUSA MAROCOLO<\/td>\n<\/tr>\n<tr>\n<td style=\"width: 392px;\">MILENA NUNES CASTRO<\/td>\n<\/tr>\n<tr>\n<td style=\"width: 392px;\">PAULA LIDORIA DOMINGUES MELO<\/td>\n<\/tr>\n<tr>\n<td style=\"width: 392px;\">RAFAEL OLIVEIRA ALVES<\/td>\n<\/tr>\n<tr>\n<td style=\"width: 392px;\">RAIANNY DUR\u00c3O<\/td>\n<\/tr>\n<\/tbody>\n<\/table>\n<p style=\"text-align: center;\">Matem\u00e1tica B\u00e1sica I &#8211; Tarde<\/p>\n<table style=\"width: 392px;\" width=\"255\">\n<tbody>\n<tr>\n<td style=\"width: 392px;\" width=\"255\">ANA CAROLINA COSTA ARA\u00daJO<\/td>\n<\/tr>\n<tr>\n<td style=\"width: 392px;\">ANNY ISABELLA SOUSA<\/td>\n<\/tr>\n<tr>\n<td style=\"width: 392px;\">EDUARDO CASARA NUNES<\/td>\n<\/tr>\n<tr>\n<td style=\"width: 392px;\">GUILHERME PAULUS SILVEIRA<\/td>\n<\/tr>\n<tr>\n<td style=\"width: 392px;\">HILLARY VITORIA RODRIGUES PORTO<\/td>\n<\/tr>\n<tr>\n<td style=\"width: 392px;\">JEFERSON ANDREI HENTGES DE OLIVEIRA<\/td>\n<\/tr>\n<tr>\n<td style=\"width: 392px;\">JOSIELE SILVA CORREA<\/td>\n<\/tr>\n<tr>\n<td style=\"width: 392px;\">JULIANA BATISTA DOS SANTOS<\/td>\n<\/tr>\n<tr>\n<td style=\"width: 392px;\">KAIURY MATIAS PEREIRA<\/td>\n<\/tr>\n<tr>\n<td style=\"width: 392px;\">KAIURY MATIAS PEREIRA<\/td>\n<\/tr>\n<tr>\n<td style=\"width: 392px;\">KARINA PERALDO DA SILVA<\/td>\n<\/tr>\n<tr>\n<td style=\"width: 392px;\">LIANE MOTA LOPES<\/td>\n<\/tr>\n<tr>\n<td style=\"width: 392px;\">LUCAS ELLIANN SIEBENEICHLER FLOR<\/td>\n<\/tr>\n<\/tbody>\n<\/table>\n<p style=\"text-align: center;\">Derivadas &#8211; Tarde<\/p>\n<table style=\"width: 384px;\" width=\"255\">\n<tbody>\n<tr>\n<td style=\"width: 384px;\" width=\"255\">BIBIANA LAUZ TERRA MENDES<\/td>\n<\/tr>\n<tr>\n<td style=\"width: 384px;\">CAROLINA AIRES DE OLIVEIRA<\/td>\n<\/tr>\n<tr>\n<td style=\"width: 384px;\">MARCELO NASCIMENTO BEZERRA<\/td>\n<\/tr>\n<tr>\n<td style=\"width: 384px;\">MILENA NUNES CASTRO<\/td>\n<\/tr>\n<\/tbody>\n<\/table>\n<p><\/p>\n","protected":false},"excerpt":{"rendered":"<p>In\u00edcio em 29\/08. Mais informa\u00e7\u00f5es pelo e-mail cadastrado no ato da inscri\u00e7\u00e3o. Matem\u00e1tica B\u00e1sica I &#8211; Manh\u00e3 BERENICE SOUZA DE MUNHOZ CAUAN BRITO SILVA DAIANE MACHADO CORREA DANIEL VICTOR DA [&hellip;]<\/p>\n","protected":false},"author":437,"featured_media":0,"comment_status":"closed","ping_status":"closed","sticky":false,"template":"","format":"standard","meta":{"jetpack_post_was_ever_published":false,"_jetpack_newsletter_access":"","_jetpack_dont_email_post_to_subs":false,"_jetpack_newsletter_tier_id":0,"_jetpack_memberships_contains_paywalled_content":false,"_jetpack_memberships_contains_paid_content":false,"footnotes":"","jetpack_publicize_message":"","jetpack_publicize_feature_enabled":true,"jetpack_social_post_already_shared":true,"jetpack_social_options":{"image_generator_settings":{"template":"highway","default_image_id":0,"font":"","enabled":false},"version":2}},"categories":[18],"tags":[],"class_list":["post-4976","post","type-post","status-publish","format-standard","hentry","category-inicio-inicio"],"jetpack_publicize_connections":[],"jetpack_featured_media_url":"","jetpack_sharing_enabled":true,"jetpack_shortlink":"https:\/\/wp.me\/p6Slop-1ig","_links":{"self":[{"href":"https:\/\/wp.ufpel.edu.br\/projetogama\/wp-json\/wp\/v2\/posts\/4976","targetHints":{"allow":["GET"]}}],"collection":[{"href":"https:\/\/wp.ufpel.edu.br\/projetogama\/wp-json\/wp\/v2\/posts"}],"about":[{"href":"https:\/\/wp.ufpel.edu.br\/projetogama\/wp-json\/wp\/v2\/types\/post"}],"author":[{"embeddable":true,"href":"https:\/\/wp.ufpel.edu.br\/projetogama\/wp-json\/wp\/v2\/users\/437"}],"replies":[{"embeddable":true,"href":"https:\/\/wp.ufpel.edu.br\/projetogama\/wp-json\/wp\/v2\/comments?post=4976"}],"version-history":[{"count":1,"href":"https:\/\/wp.ufpel.edu.br\/projetogama\/wp-json\/wp\/v2\/posts\/4976\/revisions"}],"predecessor-version":[{"id":4978,"href":"https:\/\/wp.ufpel.edu.br\/projetogama\/wp-json\/wp\/v2\/posts\/4976\/revisions\/4978"}],"wp:attachment":[{"href":"https:\/\/wp.ufpel.edu.br\/projetogama\/wp-json\/wp\/v2\/media?parent=4976"}],"wp:term":[{"taxonomy":"category","embeddable":true,"href":"https:\/\/wp.ufpel.edu.br\/projetogama\/wp-json\/wp\/v2\/categories?post=4976"},{"taxonomy":"post_tag","embeddable":true,"href":"https:\/\/wp.ufpel.edu.br\/projetogama\/wp-json\/wp\/v2\/tags?post=4976"}],"curies":[{"name":"wp","href":"https:\/\/api.w.org\/{rel}","templated":true}]}}