{"id":4939,"date":"2022-08-05T11:10:24","date_gmt":"2022-08-05T14:10:24","guid":{"rendered":"https:\/\/wp.ufpel.edu.br\/projetogama\/?p=4939"},"modified":"2022-08-05T11:10:24","modified_gmt":"2022-08-05T14:10:24","slug":"selecionados-para-as-turmas-on-line-de-revisao-de-matematica-2","status":"publish","type":"post","link":"https:\/\/wp.ufpel.edu.br\/projetogama\/2022\/08\/05\/selecionados-para-as-turmas-on-line-de-revisao-de-matematica-2\/","title":{"rendered":"Selecionados para as turmas on-line de revis\u00e3o de matem\u00e1tica"},"content":{"rendered":"<p>In\u00edcio em 08\/08.<\/p>\n<p>Mais informa\u00e7\u00f5es pelo e-mail cadastrado no ato da inscri\u00e7\u00e3o.<\/p>\n<p style=\"text-align: center;\"><strong>Matem\u00e1tica B\u00e1sica I<\/strong><\/p>\n<table style=\"width: 483px;\" width=\"251\">\n<tbody>\n<tr>\n<td style=\"width: 483px;\" width=\"251\">ALAM DE FREITAS MACHADO JUNIOR<\/td>\n<\/tr>\n<tr>\n<td style=\"width: 483px;\">AMALIA GISLAINE PRATES HEBERLE<\/td>\n<\/tr>\n<tr>\n<td style=\"width: 483px;\">ANA REGINA GON\u00c7ALVES DE FREITAS<\/td>\n<\/tr>\n<tr>\n<td style=\"width: 483px;\">ANDREO BARCELOS DIAS<\/td>\n<\/tr>\n<tr>\n<td style=\"width: 483px;\">CAMILA DA SILVA TAVARES<\/td>\n<\/tr>\n<tr>\n<td style=\"width: 483px;\">DANIELLE BARTZ SODR\u00c9<\/td>\n<\/tr>\n<tr>\n<td style=\"width: 483px;\">ELLEN SHAIANE TREICHEL M\u00dcLLER<\/td>\n<\/tr>\n<tr>\n<td style=\"width: 483px;\">FELIPE WAGNER DA SILVA<\/td>\n<\/tr>\n<tr>\n<td style=\"width: 483px;\">GILBERTO OLIVEIRA DOS SANTOS<\/td>\n<\/tr>\n<tr>\n<td style=\"width: 483px;\">GIULIA CAMACHO EISFELD<\/td>\n<\/tr>\n<tr>\n<td style=\"width: 483px;\">JEAN CARLOS RAMOS PORTO<\/td>\n<\/tr>\n<tr>\n<td style=\"width: 483px;\">J\u00c9SSICA DA SILVA DIAS FURTADO<\/td>\n<\/tr>\n<tr>\n<td style=\"width: 483px;\">JOSEL ZANETTI SARAIVA<\/td>\n<\/tr>\n<tr>\n<td style=\"width: 483px;\">JOSIANE ILHA ISQUIERDO<\/td>\n<\/tr>\n<tr>\n<td style=\"width: 483px;\">KARINA LIMA NUNES DA SILVA<\/td>\n<\/tr>\n<tr>\n<td style=\"width: 483px;\">K\u00c9TELLIN DUARTE GON\u00c7ALVES<\/td>\n<\/tr>\n<tr>\n<td style=\"width: 483px;\">LEONARDO NUNES ROCHA<\/td>\n<\/tr>\n<tr>\n<td style=\"width: 483px;\">LUANA DE VARGAS CAVALHEIRO<\/td>\n<\/tr>\n<tr>\n<td style=\"width: 483px;\">LUCIANO CHAGAS TREIBER<\/td>\n<\/tr>\n<tr>\n<td style=\"width: 483px;\">MAIARA DA SILVA ROLDON<\/td>\n<\/tr>\n<tr>\n<td style=\"width: 483px;\">MANOEL JORDAN CAMPOS SANTOS<\/td>\n<\/tr>\n<tr>\n<td style=\"width: 483px;\">MARCOS BARBOSA DIAS FERREIRA<\/td>\n<\/tr>\n<tr>\n<td style=\"width: 483px;\">MARCOS DEJAIR OLIVEIRA LEAL<\/td>\n<\/tr>\n<tr>\n<td style=\"width: 483px;\">MARIA HELENA LOPES AFONSO<\/td>\n<\/tr>\n<tr>\n<td style=\"width: 483px;\">MARIANA DA SILVA MULLER<\/td>\n<\/tr>\n<tr>\n<td style=\"width: 483px;\">MIRIAM CRISTIANE NUNES AYRES<\/td>\n<\/tr>\n<tr>\n<td style=\"width: 483px;\">OT\u00c1VIO TREICHA DUARTE<\/td>\n<\/tr>\n<tr>\n<td style=\"width: 483px;\">RODRIGO DE CASTRO E SILVA<\/td>\n<\/tr>\n<tr>\n<td style=\"width: 483px;\">SANDRA BEATRIZ PEREIRA DA SILVA<\/td>\n<\/tr>\n<tr>\n<td style=\"width: 483px;\">SILVANA TA\u00cdS RECH<\/td>\n<\/tr>\n<tr>\n<td style=\"width: 483px;\">TUANE TUCHTENHAGEN PERES<\/td>\n<\/tr>\n<\/tbody>\n<\/table>\n<p style=\"text-align: center;\"><strong>Fun\u00e7\u00f5es<\/strong><\/p>\n<table style=\"width: 476px;\" width=\"251\">\n<tbody>\n<tr>\n<td style=\"width: 476px;\" width=\"251\">ALAM DE FREITAS MACHADO JUNIOR<\/td>\n<\/tr>\n<tr>\n<td style=\"width: 476px;\">ANDREO BARCELOS DIAS<\/td>\n<\/tr>\n<tr>\n<td style=\"width: 476px;\">ANTONIO AUGUSTO ANTUNES ANANA FILHO<\/td>\n<\/tr>\n<tr>\n<td style=\"width: 476px;\">DANIELLE BARTZ SODR\u00c9<\/td>\n<\/tr>\n<tr>\n<td style=\"width: 476px;\">ELLEN SHAIANE TREICHEL M\u00dcLLER<\/td>\n<\/tr>\n<tr>\n<td style=\"width: 476px;\">ESTEFANI RODEGHIERO ALDRIGHI<\/td>\n<\/tr>\n<tr>\n<td style=\"width: 476px;\">FELIPE WAGNER DA SILVA<\/td>\n<\/tr>\n<tr>\n<td style=\"width: 476px;\">GABRIELE DA FONSECA MONKS<\/td>\n<\/tr>\n<tr>\n<td style=\"width: 476px;\">GIULIA CAMACHO EISFELD<\/td>\n<\/tr>\n<tr>\n<td style=\"width: 476px;\">JEAN CARLOS RAMOS PORTO<\/td>\n<\/tr>\n<tr>\n<td style=\"width: 476px;\">LIVIA LORENA MONTEIRO FERNANDES<\/td>\n<\/tr>\n<tr>\n<td style=\"width: 476px;\">LUANA DE VARGAS CAVALHEIRO<\/td>\n<\/tr>\n<tr>\n<td style=\"width: 476px;\">MANOEL JORDAN CAMPOS SANTOS<\/td>\n<\/tr>\n<tr>\n<td style=\"width: 476px;\">MARCOS BARBOSA DIAS FERREIRA<\/td>\n<\/tr>\n<tr>\n<td style=\"width: 476px;\">MARCOS DEJAIR OLIVEIRA LEAL<\/td>\n<\/tr>\n<tr>\n<td style=\"width: 476px;\">MARCOS TAKASHI HIRANO LENTINI NETTO<\/td>\n<\/tr>\n<tr>\n<td style=\"width: 476px;\">MARIA HELENA LOPES AFONSO<\/td>\n<\/tr>\n<tr>\n<td style=\"width: 476px;\">MILENA BARBOZA DE OLIVEIRA<\/td>\n<\/tr>\n<tr>\n<td style=\"width: 476px;\">OT\u00c1VIO TREICHA DUARTE<\/td>\n<\/tr>\n<tr>\n<td style=\"width: 476px;\">RODRIGO DE CASTRO E SILVA<\/td>\n<\/tr>\n<tr>\n<td style=\"width: 476px;\">UILLIAM DA FONSECA ESCOUTO<\/td>\n<\/tr>\n<\/tbody>\n<\/table>\n<p><\/p>\n","protected":false},"excerpt":{"rendered":"<p>In\u00edcio em 08\/08. Mais informa\u00e7\u00f5es pelo e-mail cadastrado no ato da inscri\u00e7\u00e3o. Matem\u00e1tica B\u00e1sica I ALAM DE FREITAS MACHADO JUNIOR AMALIA GISLAINE PRATES HEBERLE ANA REGINA GON\u00c7ALVES DE FREITAS ANDREO [&hellip;]<\/p>\n","protected":false},"author":437,"featured_media":0,"comment_status":"closed","ping_status":"closed","sticky":false,"template":"","format":"standard","meta":{"jetpack_post_was_ever_published":false,"_jetpack_newsletter_access":"","_jetpack_dont_email_post_to_subs":false,"_jetpack_newsletter_tier_id":0,"_jetpack_memberships_contains_paywalled_content":false,"_jetpack_memberships_contains_paid_content":false,"footnotes":"","jetpack_publicize_message":"","jetpack_publicize_feature_enabled":true,"jetpack_social_post_already_shared":true,"jetpack_social_options":{"image_generator_settings":{"template":"highway","default_image_id":0,"font":"","enabled":false},"version":2}},"categories":[18],"tags":[],"class_list":["post-4939","post","type-post","status-publish","format-standard","hentry","category-inicio-inicio"],"jetpack_publicize_connections":[],"jetpack_featured_media_url":"","jetpack_sharing_enabled":true,"jetpack_shortlink":"https:\/\/wp.me\/p6Slop-1hF","_links":{"self":[{"href":"https:\/\/wp.ufpel.edu.br\/projetogama\/wp-json\/wp\/v2\/posts\/4939","targetHints":{"allow":["GET"]}}],"collection":[{"href":"https:\/\/wp.ufpel.edu.br\/projetogama\/wp-json\/wp\/v2\/posts"}],"about":[{"href":"https:\/\/wp.ufpel.edu.br\/projetogama\/wp-json\/wp\/v2\/types\/post"}],"author":[{"embeddable":true,"href":"https:\/\/wp.ufpel.edu.br\/projetogama\/wp-json\/wp\/v2\/users\/437"}],"replies":[{"embeddable":true,"href":"https:\/\/wp.ufpel.edu.br\/projetogama\/wp-json\/wp\/v2\/comments?post=4939"}],"version-history":[{"count":2,"href":"https:\/\/wp.ufpel.edu.br\/projetogama\/wp-json\/wp\/v2\/posts\/4939\/revisions"}],"predecessor-version":[{"id":4942,"href":"https:\/\/wp.ufpel.edu.br\/projetogama\/wp-json\/wp\/v2\/posts\/4939\/revisions\/4942"}],"wp:attachment":[{"href":"https:\/\/wp.ufpel.edu.br\/projetogama\/wp-json\/wp\/v2\/media?parent=4939"}],"wp:term":[{"taxonomy":"category","embeddable":true,"href":"https:\/\/wp.ufpel.edu.br\/projetogama\/wp-json\/wp\/v2\/categories?post=4939"},{"taxonomy":"post_tag","embeddable":true,"href":"https:\/\/wp.ufpel.edu.br\/projetogama\/wp-json\/wp\/v2\/tags?post=4939"}],"curies":[{"name":"wp","href":"https:\/\/api.w.org\/{rel}","templated":true}]}}