{"id":4935,"date":"2022-08-05T10:51:16","date_gmt":"2022-08-05T13:51:16","guid":{"rendered":"https:\/\/wp.ufpel.edu.br\/projetogama\/?p=4935"},"modified":"2022-08-05T10:51:16","modified_gmt":"2022-08-05T13:51:16","slug":"selecionados-para-as-turmas-hibridas-de-revisao-de-matematica","status":"publish","type":"post","link":"https:\/\/wp.ufpel.edu.br\/projetogama\/2022\/08\/05\/selecionados-para-as-turmas-hibridas-de-revisao-de-matematica\/","title":{"rendered":"Selecionados para as turmas h\u00edbridas de revis\u00e3o de matem\u00e1tica"},"content":{"rendered":"<p>In\u00edcio em 08\/08.<\/p>\n<p style=\"text-align: center;\">Mais informa\u00e7\u00f5es ser\u00e3o enviadas pelo e-mail cadastrado no ato da inscri\u00e7\u00e3o.<\/p>\n<p style=\"text-align: center;\"><strong>Matem\u00e1tica B\u00e1sica &#8211; Manh\u00e3<\/strong><\/p>\n<table style=\"width: 431px;\" width=\"132\">\n<tbody>\n<tr>\n<td style=\"width: 431px;\" width=\"132\">AMANDA DA PONTE BATISTA<\/td>\n<\/tr>\n<tr>\n<td style=\"width: 431px;\">DIONLENON ORTIZ PIRES<\/td>\n<\/tr>\n<tr>\n<td style=\"width: 431px;\">ELIZANE DA PORCIUNCULA PERES<\/td>\n<\/tr>\n<tr>\n<td style=\"width: 431px;\">JAQUELINE LEMOS GALV\u00c3O<\/td>\n<\/tr>\n<tr>\n<td style=\"width: 431px;\">JULIANO MACHADO DE VASCONCELOS<\/td>\n<\/tr>\n<tr>\n<td style=\"width: 431px;\">MARCELO NASCIMENTO BEZERRA<\/td>\n<\/tr>\n<tr>\n<td style=\"width: 431px;\"><\/td>\n<\/tr>\n<tr>\n<td style=\"width: 431px;\">MARCOS BARBOSA DIAS FERREIRA<\/td>\n<\/tr>\n<tr>\n<td style=\"width: 431px;\">NAOMI MIALICH<\/td>\n<\/tr>\n<tr>\n<td style=\"width: 431px;\">VINICIUS DA PAZ SILVA<\/td>\n<\/tr>\n<\/tbody>\n<\/table>\n<p style=\"text-align: center;\"><strong>Limites &#8211; Manh\u00e3<\/strong><\/p>\n<table style=\"width: 424px;\" width=\"132\">\n<tbody>\n<tr>\n<td style=\"width: 424px;\" width=\"132\">CAROLINA AIRES DE OLIVEIRA<\/td>\n<\/tr>\n<tr>\n<td style=\"width: 424px;\">DENISE GOMES BRAATZ<\/td>\n<\/tr>\n<tr>\n<td style=\"width: 424px;\">NELITIANE SOARES DOS SANTOS<\/td>\n<\/tr>\n<tr>\n<td style=\"width: 424px;\">ROBERTO CALDEIRA DO NASCIMENTO<\/td>\n<\/tr>\n<\/tbody>\n<\/table>\n<p style=\"text-align: center;\"><strong>Matem\u00e1tica B\u00e1sica II &#8211; Tarde<\/strong><\/p>\n<table style=\"width: 419px;\" width=\"132\">\n<tbody>\n<tr>\n<td style=\"width: 419px;\" width=\"132\">ANDREO BARCELOS DIAS<\/td>\n<\/tr>\n<tr>\n<td style=\"width: 419px;\">CRISTOPHER BORGES SILVEIRA<\/td>\n<\/tr>\n<tr>\n<td style=\"width: 419px;\">IARA CUNHA SILVA NETTO<\/td>\n<\/tr>\n<tr>\n<td style=\"width: 419px;\">LUCAS ECHEVERRIA COSTA<\/td>\n<\/tr>\n<tr>\n<td style=\"width: 419px;\">STEVEN BHEN YANNICK KIMBEMBE<\/td>\n<\/tr>\n<\/tbody>\n<\/table>\n<p style=\"text-align: center;\"><strong>Limites &#8211; Tarde<\/strong><\/p>\n<table style=\"width: 422px;\" width=\"132\">\n<tbody>\n<tr>\n<td style=\"width: 422px;\" width=\"132\">ANDREO BARCELOS DIAS<\/td>\n<\/tr>\n<tr>\n<td style=\"width: 422px;\">JANARA INDAIA LOBO CARVALHO<\/td>\n<\/tr>\n<tr>\n<td style=\"width: 422px;\">MARCELO NASCIMENTO BEZERRA<\/td>\n<\/tr>\n<tr>\n<td style=\"width: 422px;\">MARCOS BARBOSA DIAS FERREIRA<\/td>\n<\/tr>\n<tr>\n<td style=\"width: 422px;\">WESLEY DA SILVA VALENTE<\/td>\n<\/tr>\n<\/tbody>\n<\/table>\n<p><\/p>\n","protected":false},"excerpt":{"rendered":"<p>In\u00edcio em 08\/08. Mais informa\u00e7\u00f5es ser\u00e3o enviadas pelo e-mail cadastrado no ato da inscri\u00e7\u00e3o. Matem\u00e1tica B\u00e1sica &#8211; Manh\u00e3 AMANDA DA PONTE BATISTA DIONLENON ORTIZ PIRES ELIZANE DA PORCIUNCULA PERES JAQUELINE [&hellip;]<\/p>\n","protected":false},"author":437,"featured_media":0,"comment_status":"closed","ping_status":"closed","sticky":false,"template":"","format":"standard","meta":{"jetpack_post_was_ever_published":false,"_jetpack_newsletter_access":"","_jetpack_dont_email_post_to_subs":false,"_jetpack_newsletter_tier_id":0,"_jetpack_memberships_contains_paywalled_content":false,"_jetpack_memberships_contains_paid_content":false,"footnotes":"","jetpack_publicize_message":"","jetpack_publicize_feature_enabled":true,"jetpack_social_post_already_shared":true,"jetpack_social_options":{"image_generator_settings":{"template":"highway","default_image_id":0,"font":"","enabled":false},"version":2}},"categories":[18],"tags":[],"class_list":["post-4935","post","type-post","status-publish","format-standard","hentry","category-inicio-inicio"],"jetpack_publicize_connections":[],"jetpack_featured_media_url":"","jetpack_sharing_enabled":true,"jetpack_shortlink":"https:\/\/wp.me\/p6Slop-1hB","_links":{"self":[{"href":"https:\/\/wp.ufpel.edu.br\/projetogama\/wp-json\/wp\/v2\/posts\/4935","targetHints":{"allow":["GET"]}}],"collection":[{"href":"https:\/\/wp.ufpel.edu.br\/projetogama\/wp-json\/wp\/v2\/posts"}],"about":[{"href":"https:\/\/wp.ufpel.edu.br\/projetogama\/wp-json\/wp\/v2\/types\/post"}],"author":[{"embeddable":true,"href":"https:\/\/wp.ufpel.edu.br\/projetogama\/wp-json\/wp\/v2\/users\/437"}],"replies":[{"embeddable":true,"href":"https:\/\/wp.ufpel.edu.br\/projetogama\/wp-json\/wp\/v2\/comments?post=4935"}],"version-history":[{"count":2,"href":"https:\/\/wp.ufpel.edu.br\/projetogama\/wp-json\/wp\/v2\/posts\/4935\/revisions"}],"predecessor-version":[{"id":4938,"href":"https:\/\/wp.ufpel.edu.br\/projetogama\/wp-json\/wp\/v2\/posts\/4935\/revisions\/4938"}],"wp:attachment":[{"href":"https:\/\/wp.ufpel.edu.br\/projetogama\/wp-json\/wp\/v2\/media?parent=4935"}],"wp:term":[{"taxonomy":"category","embeddable":true,"href":"https:\/\/wp.ufpel.edu.br\/projetogama\/wp-json\/wp\/v2\/categories?post=4935"},{"taxonomy":"post_tag","embeddable":true,"href":"https:\/\/wp.ufpel.edu.br\/projetogama\/wp-json\/wp\/v2\/tags?post=4935"}],"curies":[{"name":"wp","href":"https:\/\/api.w.org\/{rel}","templated":true}]}}