{"id":4331,"date":"2020-10-15T10:02:45","date_gmt":"2020-10-15T13:02:45","guid":{"rendered":"https:\/\/wp.ufpel.edu.br\/projetogama\/?p=4331"},"modified":"2020-10-15T10:18:48","modified_gmt":"2020-10-15T13:18:48","slug":"novas-turmas-atividades-de-reforco-em-matematica","status":"publish","type":"post","link":"https:\/\/wp.ufpel.edu.br\/projetogama\/2020\/10\/15\/novas-turmas-atividades-de-reforco-em-matematica\/","title":{"rendered":"Novas turmas &#8211; Atividades de Refor\u00e7o em Matem\u00e1tica"},"content":{"rendered":"<p><span style=\"color: #000000\">In\u00edcio do curso: 19\/10\/20.<\/span><\/p>\n<p><span style=\"color: #000000\">Maiores informa\u00e7\u00f5es ser\u00e3o enviadas para o email cadastrado no ato da inscri\u00e7\u00e3o.<\/span><\/p>\n<p>&nbsp;<\/p>\n<p style=\"text-align: center\"><span style=\"color: #800000\"><strong>Turma para o M\u00f3dulo de Matem\u00e1tica B\u00e1sica (curso virtual)<\/strong><\/span><\/p>\n<table style=\"width: 549px\" width=\"308\">\n<tbody>\n<tr>\n<td style=\"width: 549px\" width=\"308\">ALICE VOLZ BOHM<\/td>\n<\/tr>\n<tr>\n<td style=\"width: 549px\">ANA CLARA UMPIERRE DE MORAES<\/td>\n<\/tr>\n<tr>\n<td style=\"width: 549px\">ANDREY ANDRETTI MENDES PRESTES<\/td>\n<\/tr>\n<tr>\n<td style=\"width: 549px\">ARITON NUNES RODRIGUES<\/td>\n<\/tr>\n<tr>\n<td style=\"width: 549px\">AUDREY JORDANA DE SOUZA DUARTE<\/td>\n<\/tr>\n<tr>\n<td style=\"width: 549px\">AUGUSTO TESSMANN RUSCH<\/td>\n<\/tr>\n<tr>\n<td style=\"width: 549px\">AYRAM ALEGRE BONHENXULTES<\/td>\n<\/tr>\n<tr>\n<td style=\"width: 549px\">DARLENE CRUZ DE OLIVEIRA<\/td>\n<\/tr>\n<tr>\n<td style=\"width: 549px\">DAVI HOLANDA VIEIRA<\/td>\n<\/tr>\n<tr>\n<td style=\"width: 549px\">EDUARDA DE BORBA LOTH<\/td>\n<\/tr>\n<tr>\n<td style=\"width: 549px\">EDUARDA ROSA BORBA<\/td>\n<\/tr>\n<tr>\n<td style=\"width: 549px\">ELENILTO DA SILVA E SILVA<\/td>\n<\/tr>\n<tr>\n<td style=\"width: 549px\">ELYSI\u00c9LLE NODA ALVES<\/td>\n<\/tr>\n<tr>\n<td style=\"width: 549px\">ERIKA RAFAELA SILVA KOWALSKI<\/td>\n<\/tr>\n<tr>\n<td style=\"width: 549px\">FERNANDA COSTA LOPES<\/td>\n<\/tr>\n<tr>\n<td style=\"width: 549px\">FILIPE HENRIQUE RAMOS<\/td>\n<\/tr>\n<tr>\n<td style=\"width: 549px\">FL\u00c1VIA RADMANN RAFFI<\/td>\n<\/tr>\n<tr>\n<td style=\"width: 549px\">FLAVIO EDUARDO ROSA DA SILVEIRA<\/td>\n<\/tr>\n<tr>\n<td style=\"width: 549px\">FRANCIELE SILVA SOARES<\/td>\n<\/tr>\n<tr>\n<td style=\"width: 549px\">GABRIEL MORALES VIANA<\/td>\n<\/tr>\n<tr>\n<td style=\"width: 549px\">GABRIEL SOUZA SEDREZ<\/td>\n<\/tr>\n<tr>\n<td style=\"width: 549px\">GIOVANA DIERONG ROMIG<\/td>\n<\/tr>\n<tr>\n<td style=\"width: 549px\">GUILHERME DE AVILA DE MOURA<\/td>\n<\/tr>\n<tr>\n<td style=\"width: 549px\">ICARO ALC\u00c2NTARA DO CARMO<\/td>\n<\/tr>\n<tr>\n<td style=\"width: 549px\">ISRAEL MORALES PINHEIRO<\/td>\n<\/tr>\n<tr>\n<td style=\"width: 549px\">JARDEL DA COSTA SANTOS<\/td>\n<\/tr>\n<tr>\n<td style=\"width: 549px\">JOS\u00c9 LUAN DA SILVA GONZALEZ<\/td>\n<\/tr>\n<tr>\n<td style=\"width: 549px\">KELLY MACHADO DA ROSA<\/td>\n<\/tr>\n<tr>\n<td style=\"width: 549px\">LETHICIA NICIOLI<\/td>\n<\/tr>\n<tr>\n<td style=\"width: 549px\">L\u00cdVIA GARCIA ROSA<\/td>\n<\/tr>\n<tr>\n<td style=\"width: 549px\">LUANA FERREIRA VIANA DOS REIS<\/td>\n<\/tr>\n<tr>\n<td style=\"width: 549px\">LUDMILA BARBOZA DA ROCHA<\/td>\n<\/tr>\n<tr>\n<td style=\"width: 549px\">MANUELLA PEREIRA DOMINGUES<\/td>\n<\/tr>\n<tr>\n<td style=\"width: 549px\">MARCELE SANTANA BOTELHO<\/td>\n<\/tr>\n<tr>\n<td style=\"width: 549px\">MARCELLY SOARES CARVALHO<\/td>\n<\/tr>\n<tr>\n<td style=\"width: 549px\">MARIANA HOLZ BARCELLOS<\/td>\n<\/tr>\n<tr>\n<td style=\"width: 549px\">MARIANA SORIA LOPES<\/td>\n<\/tr>\n<tr>\n<td style=\"width: 549px\">MATHEUS PEREIRA SALDANHA<\/td>\n<\/tr>\n<tr>\n<td style=\"width: 549px\">MELISSA RODRIGUES ALVES<\/td>\n<\/tr>\n<tr>\n<td style=\"width: 549px\">MOACIR MARTINS DOS SANTOS<\/td>\n<\/tr>\n<tr>\n<td style=\"width: 549px\">MURILO DE FREITAS SATTE ALAM<\/td>\n<\/tr>\n<tr>\n<td style=\"width: 549px\">NATALIA LINK BAHR<\/td>\n<\/tr>\n<tr>\n<td style=\"width: 549px\">PAOLA IMP\u00c9RIO CHIARA<\/td>\n<\/tr>\n<tr>\n<td style=\"width: 549px\">REBECA DIAS GOUVEA<\/td>\n<\/tr>\n<tr>\n<td style=\"width: 549px\">WESLEY FURTADO PIRES<\/td>\n<\/tr>\n<tr>\n<td style=\"width: 549px\">WILLIAN DA SILVA SILVA<\/td>\n<\/tr>\n<tr>\n<td style=\"width: 549px\">YURI OLIZ PEREIRA<\/td>\n<\/tr>\n<\/tbody>\n<\/table>\n<p style=\"text-align: center\"><span style=\"color: #800000\"><strong>Turma para o M\u00f3dulo de Fun\u00e7\u00f5es Trigonom\u00e9tricas, exponenciais e logar\u00edtmicas (curso virtual)<\/strong><\/span><\/p>\n<table style=\"width: 547px\" width=\"308\">\n<tbody>\n<tr>\n<td style=\"width: 547px\" width=\"308\">ALINE BILHALVA DE ANDRADE<\/td>\n<\/tr>\n<tr>\n<td style=\"width: 547px\">ANDRESSA DE LIMA FAL<\/td>\n<\/tr>\n<tr>\n<td style=\"width: 547px\">ANNA JULIA BUENO LONGARAY<\/td>\n<\/tr>\n<tr>\n<td style=\"width: 547px\">BIANCA ABEL LIMA<\/td>\n<\/tr>\n<tr>\n<td style=\"width: 547px\">BIANCA WEEGE MANETTI<\/td>\n<\/tr>\n<tr>\n<td style=\"width: 547px\">BRENDA DOS SANTOS NUNES<\/td>\n<\/tr>\n<tr>\n<td style=\"width: 547px\">BRUNA ESCOUTO VENCATO<\/td>\n<\/tr>\n<tr>\n<td style=\"width: 547px\">CARLOS EDUARDO AMARO TRINDADE FILHO<\/td>\n<\/tr>\n<tr>\n<td style=\"width: 547px\">CASSANDRA IRINA PEREIRA PEREIRA<\/td>\n<\/tr>\n<tr>\n<td style=\"width: 547px\">CL\u00c1UDIA NUNES DE S\u00c1<\/td>\n<\/tr>\n<tr>\n<td style=\"width: 547px\">CYRILLO ANDRIO SBARAINI VIEIRA<\/td>\n<\/tr>\n<tr>\n<td style=\"width: 547px\">DANIELE DE SOUZA FAGUNDES<\/td>\n<\/tr>\n<tr>\n<td style=\"width: 547px\">DARLENE CRUZ DE OLIVEIRA<\/td>\n<\/tr>\n<tr>\n<td style=\"width: 547px\">DIEGO LEITZKE SOUZA<\/td>\n<\/tr>\n<tr>\n<td style=\"width: 547px\">DULCENEIA LESSA RODRIGUES<\/td>\n<\/tr>\n<tr>\n<td style=\"width: 547px\">ESTHER RAMOS OLIVEIRA<\/td>\n<\/tr>\n<tr>\n<td style=\"width: 547px\">EZEQUIEL AZEVEDO SCHEMMFELNNIG<\/td>\n<\/tr>\n<tr>\n<td style=\"width: 547px\">GABRIEL SOUZA SEDREZ<\/td>\n<\/tr>\n<tr>\n<td style=\"width: 547px\">GABRIELA PEREIRA\u00a0 NOGUEIRA<\/td>\n<\/tr>\n<tr>\n<td style=\"width: 547px\">GABRIELE DE OLIVEIRA FRUHAUF<\/td>\n<\/tr>\n<tr>\n<td style=\"width: 547px\">GEOVANE DE SOUZA SILVA<\/td>\n<\/tr>\n<tr>\n<td style=\"width: 547px\">GUILHERME DE AVILA DE MOURA<\/td>\n<\/tr>\n<tr>\n<td style=\"width: 547px\">GUILHERME FRANCESCHI<\/td>\n<\/tr>\n<tr>\n<td style=\"width: 547px\">GUSTAVO SIEFERT DA ROCHA<\/td>\n<\/tr>\n<tr>\n<td style=\"width: 547px\">HORRANA COELHO KLAGENBERG<\/td>\n<\/tr>\n<tr>\n<td style=\"width: 547px\">\u00cdSIS PINHEIRO CORVELLO<\/td>\n<\/tr>\n<tr>\n<td style=\"width: 547px\">IURY GARCIA BORGES<\/td>\n<\/tr>\n<tr>\n<td style=\"width: 547px\">JARDEL DA COSTA SANTOS<\/td>\n<\/tr>\n<tr>\n<td style=\"width: 547px\">JENIFFER DE OLIVEIRA ARAUJO<\/td>\n<\/tr>\n<tr>\n<td style=\"width: 547px\">JOAO MATHEUS FURTADO DE LIMA<\/td>\n<\/tr>\n<tr>\n<td style=\"width: 547px\">JOS\u00c9 LUAN DA SILVA GONZALEZ<\/td>\n<\/tr>\n<tr>\n<td style=\"width: 547px\">KARYANE CHUANTES LOPES<\/td>\n<\/tr>\n<tr>\n<td style=\"width: 547px\">KELEN ROSSALES DA SILVA<\/td>\n<\/tr>\n<tr>\n<td style=\"width: 547px\">KETHELEN VIT\u00d3RIA SILVA DA SILVA<\/td>\n<\/tr>\n<tr>\n<td style=\"width: 547px\">KETHLYN DA ROSA OLIVEIRA<\/td>\n<\/tr>\n<tr>\n<td style=\"width: 547px\">KLAUS ROSA ZIELKE<\/td>\n<\/tr>\n<tr>\n<td style=\"width: 547px\">LARISSA MESQUITA DE ALMEIDA<\/td>\n<\/tr>\n<tr>\n<td style=\"width: 547px\">LAURA DA ROSA LEAL<\/td>\n<\/tr>\n<tr>\n<td style=\"width: 547px\">LETHICIA NICIOLI<\/td>\n<\/tr>\n<tr>\n<td style=\"width: 547px\">LET\u00cdCIA BARROS DIAS SOARES<\/td>\n<\/tr>\n<tr>\n<td style=\"width: 547px\">L\u00cdVIA GARCIA ROSA<\/td>\n<\/tr>\n<tr>\n<td style=\"width: 547px\">LUANA DA SILVA PORTUGAL<\/td>\n<\/tr>\n<tr>\n<td style=\"width: 547px\">LUANA FERREIRA VARGAS<\/td>\n<\/tr>\n<tr>\n<td style=\"width: 547px\">LUCAS FARIAS VILELA<\/td>\n<\/tr>\n<tr>\n<td style=\"width: 547px\">LUCAS RODENBUSCH DA COSTA<\/td>\n<\/tr>\n<tr>\n<td style=\"width: 547px\">LUCIANO BORGES BURGO JUNIOR<\/td>\n<\/tr>\n<tr>\n<td style=\"width: 547px\">LUIZA RAFFONE FERNANDEZ BOM<\/td>\n<\/tr>\n<tr>\n<td style=\"width: 547px\">MARA BOTELHO CHUANTES<\/td>\n<\/tr>\n<tr>\n<td style=\"width: 547px\">MARCELO M\u00dcLLER OTTO<\/td>\n<\/tr>\n<tr>\n<td style=\"width: 547px\">MARIA FERNANDA CAMPOS DE ALMEIDA<\/td>\n<\/tr>\n<tr>\n<td style=\"width: 547px\">MAYARA YASMIN DA SILVA<\/td>\n<\/tr>\n<tr>\n<td style=\"width: 547px\">MICHELE SOARES NETTO<\/td>\n<\/tr>\n<tr>\n<td style=\"width: 547px\">NAT\u00c1LIA LINK BAHR<\/td>\n<\/tr>\n<tr>\n<td style=\"width: 547px\">NATHALIA MACHADO LINS BRUM<\/td>\n<\/tr>\n<tr>\n<td style=\"width: 547px\">NIURA SILVA DE OLIVEIRA<\/td>\n<\/tr>\n<tr>\n<td style=\"width: 547px\">RODOLFO SILVA DINIZ<\/td>\n<\/tr>\n<tr>\n<td style=\"width: 547px\">SOFIA HARTWIG BEILFUSS<\/td>\n<\/tr>\n<tr>\n<td style=\"width: 547px\">THAIS VALAD\u00c3O AIRES<\/td>\n<\/tr>\n<tr>\n<td style=\"width: 547px\">VIN\u00cdCIUS JOS\u00c9 ROSA<\/td>\n<\/tr>\n<tr>\n<td style=\"width: 547px\">VITOR HELLWIG SPERLING<\/td>\n<\/tr>\n<\/tbody>\n<\/table>\n<p>&nbsp;<\/p>\n","protected":false},"excerpt":{"rendered":"<p>In\u00edcio do curso: 19\/10\/20. Maiores informa\u00e7\u00f5es ser\u00e3o enviadas para o email cadastrado no ato da inscri\u00e7\u00e3o. &nbsp; Turma para o M\u00f3dulo de Matem\u00e1tica B\u00e1sica (curso virtual) ALICE VOLZ BOHM ANA [&hellip;]<\/p>\n","protected":false},"author":437,"featured_media":0,"comment_status":"closed","ping_status":"closed","sticky":false,"template":"","format":"standard","meta":{"jetpack_post_was_ever_published":false,"_jetpack_newsletter_access":"","_jetpack_dont_email_post_to_subs":false,"_jetpack_newsletter_tier_id":0,"_jetpack_memberships_contains_paywalled_content":false,"_jetpack_memberships_contains_paid_content":false,"footnotes":"","jetpack_publicize_message":"","jetpack_publicize_feature_enabled":true,"jetpack_social_post_already_shared":true,"jetpack_social_options":{"image_generator_settings":{"template":"highway","default_image_id":0,"font":"","enabled":false},"version":2}},"categories":[18],"tags":[],"class_list":["post-4331","post","type-post","status-publish","format-standard","hentry","category-inicio-inicio"],"jetpack_publicize_connections":[],"jetpack_featured_media_url":"","jetpack_sharing_enabled":true,"jetpack_shortlink":"https:\/\/wp.me\/p6Slop-17R","_links":{"self":[{"href":"https:\/\/wp.ufpel.edu.br\/projetogama\/wp-json\/wp\/v2\/posts\/4331","targetHints":{"allow":["GET"]}}],"collection":[{"href":"https:\/\/wp.ufpel.edu.br\/projetogama\/wp-json\/wp\/v2\/posts"}],"about":[{"href":"https:\/\/wp.ufpel.edu.br\/projetogama\/wp-json\/wp\/v2\/types\/post"}],"author":[{"embeddable":true,"href":"https:\/\/wp.ufpel.edu.br\/projetogama\/wp-json\/wp\/v2\/users\/437"}],"replies":[{"embeddable":true,"href":"https:\/\/wp.ufpel.edu.br\/projetogama\/wp-json\/wp\/v2\/comments?post=4331"}],"version-history":[{"count":2,"href":"https:\/\/wp.ufpel.edu.br\/projetogama\/wp-json\/wp\/v2\/posts\/4331\/revisions"}],"predecessor-version":[{"id":4334,"href":"https:\/\/wp.ufpel.edu.br\/projetogama\/wp-json\/wp\/v2\/posts\/4331\/revisions\/4334"}],"wp:attachment":[{"href":"https:\/\/wp.ufpel.edu.br\/projetogama\/wp-json\/wp\/v2\/media?parent=4331"}],"wp:term":[{"taxonomy":"category","embeddable":true,"href":"https:\/\/wp.ufpel.edu.br\/projetogama\/wp-json\/wp\/v2\/categories?post=4331"},{"taxonomy":"post_tag","embeddable":true,"href":"https:\/\/wp.ufpel.edu.br\/projetogama\/wp-json\/wp\/v2\/tags?post=4331"}],"curies":[{"name":"wp","href":"https:\/\/api.w.org\/{rel}","templated":true}]}}