{"id":4317,"date":"2020-10-07T22:45:55","date_gmt":"2020-10-08T01:45:55","guid":{"rendered":"https:\/\/wp.ufpel.edu.br\/projetogama\/?p=4317"},"modified":"2020-10-15T17:25:23","modified_gmt":"2020-10-15T20:25:23","slug":"inscricoes-para-as-oficinas-de-aprendizagem-autorregulada","status":"publish","type":"post","link":"https:\/\/wp.ufpel.edu.br\/projetogama\/2020\/10\/07\/inscricoes-para-as-oficinas-de-aprendizagem-autorregulada\/","title":{"rendered":"Inscri\u00e7\u00f5es para as Oficinas de Aprendizagem Autorregulada"},"content":{"rendered":"<p>O projeto GAMA abre inscri\u00e7\u00f5es para a Oficina de Aprendizagem Autorregulada (modalidade virtual)<\/p>\n<p style=\"text-align: justify\"><strong><span style=\"color: #800000\">Proposta da oficina:<\/span> <\/strong>Oferecimento de atividades que visam propor reflex\u00f5es acerca do uso de estrat\u00e9gias de aprendizagem em matem\u00e1tica, a partir das experi\u00eancias dos estudantes participantes. Nos encontros, pretende-se abordar tamb\u00e9m alguns temas espec\u00edficos, tais como o estabelecimento de objetivos de aprendizagem, o planejamento de estudos, automonitoramento da aprendizagem, autovalia\u00e7\u00e3o da aprendizagem, a gest\u00e3o do tempo dispon\u00edvel, a organiza\u00e7\u00e3o e transforma\u00e7\u00e3o da informa\u00e7\u00e3o, a aten\u00e7\u00e3o e a concentra\u00e7\u00e3o na tarefa, procrastina\u00e7\u00e3o, o ambiente de estudo e procura por ajuda.<\/p>\n<p><strong><span style=\"color: #800000\">Metodologia:<\/span><\/strong> A oficina ocorrer\u00e1 atrav\u00e9s de encontros s\u00edncronos (reuni\u00f5es online) e realiza\u00e7\u00e3o de atividades extraclasse (tais como question\u00e1rios, leituras, v\u00eddeos, etc).<\/p>\n<p><strong><span style=\"color: #800000\">Inscri\u00e7\u00f5es:<\/span><\/strong> de 08\/10\/20 a 14\/10\/20.<\/p>\n<p><strong><span style=\"color: #800000\">Divulga\u00e7\u00e3o das turmas:<\/span><\/strong> 16\/10\/20.<\/p>\n<p><strong><span style=\"color: #800000\">Per\u00edodo do curso:<\/span> <\/strong>de 19\/10\/20 a 06\/11\/20.<\/p>\n<p><strong><span style=\"color: #800000\">Dia e hor\u00e1rio de desenvolvimento das reuni\u00f5es (atividades s\u00edncronas):<\/span><\/strong> Ter\u00e7as-feiras (20\/10, 27\/10 e 03\/11) das 8:30 \u00e0s 10:00.<\/p>\n<p><strong><span style=\"color: #800000\">Carga-hor\u00e1ria do curso:<\/span> <\/strong>12 horas.<\/p>\n<p><strong><span style=\"color: #800000\">N\u00famero de vagas para esta turma:<\/span><\/strong> 10 &#8211; Existe previs\u00e3o de oferecimento de novas turmas posteriormente.<\/p>\n<p style=\"text-align: center\"><span style=\"color: #000000\">Fa\u00e7a a sua inscri\u00e7\u00e3o<\/span>\u00a0<span style=\"color: #0000ff\">AQUI<\/span><\/p>\n<p>Observa\u00e7\u00f5es importantes (Leia atentamente antes de fazer sua inscri\u00e7\u00e3o):<\/p>\n<p>1) Ter\u00e1 direito a um comprovante de participa\u00e7\u00e3o, num total de 12hs, o estudante que enviar pelo menos 75% das atividades propostas e responder a todos os question\u00e1rios.<\/p>\n<p>2) A responsabilidade pelo preenchimento correto dos dados a seguir \u00e9 sua. Estas informa\u00e7\u00f5es ser\u00e3o utilizadas para emiss\u00e3o dos respectivos comprovantes de participa\u00e7\u00e3o.<\/p>\n<p>3) O n\u00famero m\u00ednimo de inscritos para a abertura de uma turma \u00e9 5 (cinco).<\/p>\n<p>Seja solid\u00e1rio para que todos interessados possam participar!!<br \/>\nComo o n\u00famero de vagas \u00e9 limitado, cada estudante que se inscreve e n\u00e3o comparece nas aulas pode estar deixando um(a) colega, interessado em participar, na lista de excedentes!<\/p>\n<p>Os crit\u00e9rios utilizados para o preenchimento das vagas em cada turma ser\u00e3o:<\/p>\n<p>50% das vagas priorit\u00e1rias para estudantes da UFPel matriculados em cursos que possuem disciplinas de matem\u00e1tica na grade curricular obrigat\u00f3ria e s\u00e3o bolsistas da PRAE.<\/p>\n<p>50% das vagas priorit\u00e1rias para estudantes da UFPel matriculados em cursos que possuem disciplinas de matem\u00e1tica na grade curricular obrigat\u00f3ria e n\u00e3o s\u00e3o bolsistas da PRAE.<\/p>\n<p>Havendo mais inscritos que vagas, dentro de algum dos grupos listados acima, a ordem utilizada para o preenchimento das vagas ser\u00e1 a ordem de inscri\u00e7\u00e3o. Havendo menos inscritos do que vagas em algum grupo, as vagas remanescentes ser\u00e3o redistribu\u00eddas proporcionalmente para o outro grupo.<\/p>\n<p>Se as vagas n\u00e3o forem preenchidas por estudantes que possuem disciplinas de matem\u00e1tica na grade curricular obrigat\u00f3ria, as mesmas ser\u00e3o disponibilizadas aos demais estudantes de da UFPel, de acordo com a ordem de inscri\u00e7\u00e3o.<\/p>\n","protected":false},"excerpt":{"rendered":"<p>O projeto GAMA abre inscri\u00e7\u00f5es para a Oficina de Aprendizagem Autorregulada (modalidade virtual) Proposta da oficina: Oferecimento de atividades que visam propor reflex\u00f5es acerca do uso de estrat\u00e9gias de aprendizagem [&hellip;]<\/p>\n","protected":false},"author":437,"featured_media":0,"comment_status":"closed","ping_status":"closed","sticky":false,"template":"","format":"standard","meta":{"jetpack_post_was_ever_published":false,"_jetpack_newsletter_access":"","_jetpack_dont_email_post_to_subs":false,"_jetpack_newsletter_tier_id":0,"_jetpack_memberships_contains_paywalled_content":false,"_jetpack_memberships_contains_paid_content":false,"footnotes":"","jetpack_publicize_message":"","jetpack_publicize_feature_enabled":true,"jetpack_social_post_already_shared":true,"jetpack_social_options":{"image_generator_settings":{"template":"highway","default_image_id":0,"font":"","enabled":false},"version":2}},"categories":[18],"tags":[],"class_list":["post-4317","post","type-post","status-publish","format-standard","hentry","category-inicio-inicio"],"jetpack_publicize_connections":[],"jetpack_featured_media_url":"","jetpack_sharing_enabled":true,"jetpack_shortlink":"https:\/\/wp.me\/p6Slop-17D","_links":{"self":[{"href":"https:\/\/wp.ufpel.edu.br\/projetogama\/wp-json\/wp\/v2\/posts\/4317","targetHints":{"allow":["GET"]}}],"collection":[{"href":"https:\/\/wp.ufpel.edu.br\/projetogama\/wp-json\/wp\/v2\/posts"}],"about":[{"href":"https:\/\/wp.ufpel.edu.br\/projetogama\/wp-json\/wp\/v2\/types\/post"}],"author":[{"embeddable":true,"href":"https:\/\/wp.ufpel.edu.br\/projetogama\/wp-json\/wp\/v2\/users\/437"}],"replies":[{"embeddable":true,"href":"https:\/\/wp.ufpel.edu.br\/projetogama\/wp-json\/wp\/v2\/comments?post=4317"}],"version-history":[{"count":6,"href":"https:\/\/wp.ufpel.edu.br\/projetogama\/wp-json\/wp\/v2\/posts\/4317\/revisions"}],"predecessor-version":[{"id":4340,"href":"https:\/\/wp.ufpel.edu.br\/projetogama\/wp-json\/wp\/v2\/posts\/4317\/revisions\/4340"}],"wp:attachment":[{"href":"https:\/\/wp.ufpel.edu.br\/projetogama\/wp-json\/wp\/v2\/media?parent=4317"}],"wp:term":[{"taxonomy":"category","embeddable":true,"href":"https:\/\/wp.ufpel.edu.br\/projetogama\/wp-json\/wp\/v2\/categories?post=4317"},{"taxonomy":"post_tag","embeddable":true,"href":"https:\/\/wp.ufpel.edu.br\/projetogama\/wp-json\/wp\/v2\/tags?post=4317"}],"curies":[{"name":"wp","href":"https:\/\/api.w.org\/{rel}","templated":true}]}}