{"id":4306,"date":"2020-09-24T08:04:07","date_gmt":"2020-09-24T11:04:07","guid":{"rendered":"https:\/\/wp.ufpel.edu.br\/projetogama\/?p=4306"},"modified":"2020-09-24T09:55:43","modified_gmt":"2020-09-24T12:55:43","slug":"novas-turmas-3","status":"publish","type":"post","link":"https:\/\/wp.ufpel.edu.br\/projetogama\/2020\/09\/24\/novas-turmas-3\/","title":{"rendered":"Novas turmas"},"content":{"rendered":"<p><span style=\"color: #000000\">In\u00edcio do curso: 31\/08\/20.<\/span><\/p>\n<p><span style=\"color: #000000\">Maiores informa\u00e7\u00f5es ser\u00e3o enviadas para o email cadastrado no ato da inscri\u00e7\u00e3o.<\/span><\/p>\n<p>&nbsp;<\/p>\n<p style=\"text-align: center\"><span style=\"color: #800000\"><strong>Turma para o M\u00f3dulo de Matem\u00e1tica B\u00e1sica (curso virtual)<\/strong><\/span><\/p>\n<table style=\"width: 502px\" width=\"330\">\n<tbody>\n<tr>\n<td style=\"width: 502px\" width=\"330\">ABIU VIEIRA GARCIA<\/td>\n<\/tr>\n<tr>\n<td style=\"width: 502px\">ANA CAROLINA CAMISA CONCEI\u00c7\u00c3O<\/td>\n<\/tr>\n<tr>\n<td style=\"width: 502px\">ANDREIA ORESTES LIMA<\/td>\n<\/tr>\n<tr>\n<td style=\"width: 502px\">CHRISTIAN DE FARIAS PEREIRA<\/td>\n<\/tr>\n<tr>\n<td style=\"width: 502px\">D\u00c9BORA PEREIRA DE OLIVEIRA<\/td>\n<\/tr>\n<tr>\n<td style=\"width: 502px\">DIANA MARCELA HERN\u00c1NDEZ HERN\u00c1NDEZ<\/td>\n<\/tr>\n<tr>\n<td style=\"width: 502px\">DIEGO NASCIMENTO DA COSTA<\/td>\n<\/tr>\n<tr>\n<td style=\"width: 502px\">ELIENAY RIBEIRO DA SILVA<\/td>\n<\/tr>\n<tr>\n<td style=\"width: 502px\">EZEQUIEL AZEVEDO SCHEMMFELNNIG<\/td>\n<\/tr>\n<tr>\n<td style=\"width: 502px\">EZEQUIEL DA SILVA TINS<\/td>\n<\/tr>\n<tr>\n<td style=\"width: 502px\">FELIPE AUGUSTO SILVA MARTINS<\/td>\n<\/tr>\n<tr>\n<td style=\"width: 502px\">FERNANDA DIAS JESUS<\/td>\n<\/tr>\n<tr>\n<td style=\"width: 502px\">FILIPE HENRIQUE RAMOS<\/td>\n<\/tr>\n<tr>\n<td style=\"width: 502px\">GABRIEL DA SILVA RIBEIRO<\/td>\n<\/tr>\n<tr>\n<td style=\"width: 502px\">GUILHERME HEMP OSTERBERG<\/td>\n<\/tr>\n<tr>\n<td style=\"width: 502px\">GUILHERME SOARES LULHIER DA ROSA<\/td>\n<\/tr>\n<tr>\n<td style=\"width: 502px\">JO\u00c3O PEDRO FONTOURA DA CRUZ<\/td>\n<\/tr>\n<tr>\n<td style=\"width: 502px\">JO\u00c3O PEDRO MONTANDON GARCEZ<\/td>\n<\/tr>\n<tr>\n<td style=\"width: 502px\">KATIA BECKER LORENTZ<\/td>\n<\/tr>\n<tr>\n<td style=\"width: 502px\">LAURA ADAMOLI BARBOSA<\/td>\n<\/tr>\n<tr>\n<td style=\"width: 502px\">LILLIAN JANAINA CHRISTMANN<\/td>\n<\/tr>\n<tr>\n<td style=\"width: 502px\">MARCELLY SOARES CARVALHO<\/td>\n<\/tr>\n<tr>\n<td style=\"width: 502px\">MATHEUS BUENO NASCIMENTO DA COSTA<\/td>\n<\/tr>\n<tr>\n<td style=\"width: 502px\">MAYARA YASMIN DA SILVA<\/td>\n<\/tr>\n<tr>\n<td style=\"width: 502px\">MILENA ANDRETTI PIANA<\/td>\n<\/tr>\n<tr>\n<td style=\"width: 502px\">MIRI\u00c3 COSTA DA SILVA<\/td>\n<\/tr>\n<tr>\n<td style=\"width: 502px\">MOIS\u00c9S RIBEIRO FERREIRA<\/td>\n<\/tr>\n<tr>\n<td style=\"width: 502px\">M\u00d4NICA ZANETTI FERREIRA<\/td>\n<\/tr>\n<tr>\n<td style=\"width: 502px\">NIURA SILVA DE OLIVEIRA<\/td>\n<\/tr>\n<tr>\n<td style=\"width: 502px\">PABLO DO AMARAL RAMALHO<\/td>\n<\/tr>\n<tr>\n<td style=\"width: 502px\">PEDRO BARBOSA ALVES<\/td>\n<\/tr>\n<tr>\n<td style=\"width: 502px\">RODRIGO MALINSKI VIEIRA<\/td>\n<\/tr>\n<tr>\n<td style=\"width: 502px\">RUBIANE BUCHWEITZ FICK<\/td>\n<\/tr>\n<tr>\n<td style=\"width: 502px\">TAMIRES DA SILVA DAS NEVES<\/td>\n<\/tr>\n<tr>\n<td style=\"width: 502px\">ULIAN GABRIEL ALFF RAMIRES<\/td>\n<\/tr>\n<tr>\n<td style=\"width: 502px\">VICTOR MATHEUS MERLEBERG CANEZ<\/td>\n<\/tr>\n<tr>\n<td style=\"width: 502px\">VICT\u00d3RIA ROSS SOARES<\/td>\n<\/tr>\n<tr>\n<td style=\"width: 502px\">WILLIAM ARROJO MACHADO<\/td>\n<\/tr>\n<tr>\n<td style=\"width: 502px\">YURI ALBUQUERQUE ANDRADE<\/td>\n<\/tr>\n<tr>\n<td style=\"width: 502px\">ZANI FURTADO DE BORBA<\/td>\n<\/tr>\n<\/tbody>\n<\/table>\n<p>&nbsp;<\/p>\n<p style=\"text-align: center\"><span style=\"color: #800000\"><strong>Turma para o M\u00f3dulo de Fun\u00e7\u00f5es (curso virtual)<\/strong><\/span><\/p>\n<table style=\"width: 501px\" width=\"330\">\n<tbody>\n<tr>\n<td style=\"width: 501px\" width=\"330\">ABDEL AZIZ SAMI YOUSEF BAKRI<\/td>\n<\/tr>\n<tr>\n<td style=\"width: 501px\">ANA CAROLINA CAMISA CONCEI\u00c7\u00c3O<\/td>\n<\/tr>\n<tr>\n<td style=\"width: 501px\">CARINA ALVES FERRI<\/td>\n<\/tr>\n<tr>\n<td style=\"width: 501px\">CARLA DENISE ROCHA DA SILVA<\/td>\n<\/tr>\n<tr>\n<td style=\"width: 501px\">D\u00c9BORA PEREIRA DE OLIVEIRA<\/td>\n<\/tr>\n<tr>\n<td style=\"width: 501px\">DIONES DA SILVA DAS NEVES<\/td>\n<\/tr>\n<tr>\n<td style=\"width: 501px\">EDUARDO ENRIQUE SILVA DA SILVA<\/td>\n<\/tr>\n<tr>\n<td style=\"width: 501px\">ERIK SILVEIRA BRAGA<\/td>\n<\/tr>\n<tr>\n<td style=\"width: 501px\">EZEQUIEL AZEVEDO SCHEMMFELNNIG<\/td>\n<\/tr>\n<tr>\n<td style=\"width: 501px\">EZEQUIEL DA SILVA TINS<\/td>\n<\/tr>\n<tr>\n<td style=\"width: 501px\">FELIPE AUGUSTO SILVA MARTINS<\/td>\n<\/tr>\n<tr>\n<td style=\"width: 501px\">FERNANDA SILVESTRE DE ALMEIDA<\/td>\n<\/tr>\n<tr>\n<td style=\"width: 501px\">FLAVIO VASCONCELLOS CORREA<\/td>\n<\/tr>\n<tr>\n<td style=\"width: 501px\">GABRIEL MONTIEL GARCIA<\/td>\n<\/tr>\n<tr>\n<td style=\"width: 501px\">GUILHERME NOVELINI PAGEL<\/td>\n<\/tr>\n<tr>\n<td style=\"width: 501px\">JO\u00c3O PEDRO MONTANDON GARCEZ<\/td>\n<\/tr>\n<tr>\n<td style=\"width: 501px\">JULIANA DA CUNHA MEDEIROS<\/td>\n<\/tr>\n<tr>\n<td style=\"width: 501px\">JULIANE VALIN NUNES<\/td>\n<\/tr>\n<tr>\n<td style=\"width: 501px\">KELEN ROSSALES DA SILVA<\/td>\n<\/tr>\n<tr>\n<td style=\"width: 501px\">LAILLA MANUELE DE MOURA GON\u00c7ALVES<\/td>\n<\/tr>\n<tr>\n<td style=\"width: 501px\">LAURA ADAMOLI BARBOSA<\/td>\n<\/tr>\n<tr>\n<td style=\"width: 501px\">LIANDRA DIAS RODRIGUES<\/td>\n<\/tr>\n<tr>\n<td style=\"width: 501px\">LOHANA PORTO DE ALMEIDA<\/td>\n<\/tr>\n<tr>\n<td style=\"width: 501px\">LUCAS BRUM SALOM\u00c3O<\/td>\n<\/tr>\n<tr>\n<td style=\"width: 501px\">LUKAS BORGES IEPSEN<\/td>\n<\/tr>\n<tr>\n<td style=\"width: 501px\">M\u00c1RCIA CRISTINA HENRIQUES DA CRUZ<\/td>\n<\/tr>\n<tr>\n<td style=\"width: 501px\">MARCO AURELIO JUSTINIANO ALKIMIM<\/td>\n<\/tr>\n<tr>\n<td style=\"width: 501px\">MARIA PAULA COCCI MUFFATO<\/td>\n<\/tr>\n<tr>\n<td style=\"width: 501px\">MATEUS FERREIRA SANTOS<\/td>\n<\/tr>\n<tr>\n<td style=\"width: 501px\">MELLINA MORAIS COSTA<\/td>\n<\/tr>\n<tr>\n<td style=\"width: 501px\">MOIS\u00c9S RIBEIRO FERREIRA<\/td>\n<\/tr>\n<tr>\n<td style=\"width: 501px\">NIURA SILVA DE OLIVEIRA<\/td>\n<\/tr>\n<tr>\n<td style=\"width: 501px\">PEDRO IVO KUHN<\/td>\n<\/tr>\n<tr>\n<td style=\"width: 501px\">QUEISE DA COSTA DOMINGUES<\/td>\n<\/tr>\n<tr>\n<td style=\"width: 501px\">RAFAELLA BORBA DOS SANTOS<\/td>\n<\/tr>\n<tr>\n<td style=\"width: 501px\">RODRIGO MALINSKI VIEIRA<\/td>\n<\/tr>\n<tr>\n<td style=\"width: 501px\">ULIAN GABRIEL ALFF RAMIRES<\/td>\n<\/tr>\n<tr>\n<td style=\"width: 501px\">VANESSA ANDERSON DA SILVA<\/td>\n<\/tr>\n<tr>\n<td style=\"width: 501px\">VITHORIO DA CONCEI\u00c7\u00c3O DUTRA<\/td>\n<\/tr>\n<tr>\n<td style=\"width: 501px\">WILLIAM ARROJO MACHADO<\/td>\n<\/tr>\n<\/tbody>\n<\/table>\n<p>&nbsp;<\/p>\n","protected":false},"excerpt":{"rendered":"<p>In\u00edcio do curso: 31\/08\/20. Maiores informa\u00e7\u00f5es ser\u00e3o enviadas para o email cadastrado no ato da inscri\u00e7\u00e3o. &nbsp; Turma para o M\u00f3dulo de Matem\u00e1tica B\u00e1sica (curso virtual) ABIU VIEIRA GARCIA ANA [&hellip;]<\/p>\n","protected":false},"author":437,"featured_media":0,"comment_status":"closed","ping_status":"closed","sticky":false,"template":"","format":"standard","meta":{"jetpack_post_was_ever_published":false,"_jetpack_newsletter_access":"","_jetpack_dont_email_post_to_subs":false,"_jetpack_newsletter_tier_id":0,"_jetpack_memberships_contains_paywalled_content":false,"_jetpack_memberships_contains_paid_content":false,"footnotes":"","jetpack_publicize_message":"","jetpack_publicize_feature_enabled":true,"jetpack_social_post_already_shared":true,"jetpack_social_options":{"image_generator_settings":{"template":"highway","default_image_id":0,"font":"","enabled":false},"version":2}},"categories":[18],"tags":[],"class_list":["post-4306","post","type-post","status-publish","format-standard","hentry","category-inicio-inicio"],"jetpack_publicize_connections":[],"jetpack_featured_media_url":"","jetpack_sharing_enabled":true,"jetpack_shortlink":"https:\/\/wp.me\/p6Slop-17s","_links":{"self":[{"href":"https:\/\/wp.ufpel.edu.br\/projetogama\/wp-json\/wp\/v2\/posts\/4306","targetHints":{"allow":["GET"]}}],"collection":[{"href":"https:\/\/wp.ufpel.edu.br\/projetogama\/wp-json\/wp\/v2\/posts"}],"about":[{"href":"https:\/\/wp.ufpel.edu.br\/projetogama\/wp-json\/wp\/v2\/types\/post"}],"author":[{"embeddable":true,"href":"https:\/\/wp.ufpel.edu.br\/projetogama\/wp-json\/wp\/v2\/users\/437"}],"replies":[{"embeddable":true,"href":"https:\/\/wp.ufpel.edu.br\/projetogama\/wp-json\/wp\/v2\/comments?post=4306"}],"version-history":[{"count":1,"href":"https:\/\/wp.ufpel.edu.br\/projetogama\/wp-json\/wp\/v2\/posts\/4306\/revisions"}],"predecessor-version":[{"id":4308,"href":"https:\/\/wp.ufpel.edu.br\/projetogama\/wp-json\/wp\/v2\/posts\/4306\/revisions\/4308"}],"wp:attachment":[{"href":"https:\/\/wp.ufpel.edu.br\/projetogama\/wp-json\/wp\/v2\/media?parent=4306"}],"wp:term":[{"taxonomy":"category","embeddable":true,"href":"https:\/\/wp.ufpel.edu.br\/projetogama\/wp-json\/wp\/v2\/categories?post=4306"},{"taxonomy":"post_tag","embeddable":true,"href":"https:\/\/wp.ufpel.edu.br\/projetogama\/wp-json\/wp\/v2\/tags?post=4306"}],"curies":[{"name":"wp","href":"https:\/\/api.w.org\/{rel}","templated":true}]}}