{"id":4295,"date":"2020-09-15T09:30:29","date_gmt":"2020-09-15T12:30:29","guid":{"rendered":"https:\/\/wp.ufpel.edu.br\/projetogama\/?p=4295"},"modified":"2020-09-24T07:59:48","modified_gmt":"2020-09-24T10:59:48","slug":"inscricoes-para-as-novas-turmas-de-matematica-basica-e-funcoes","status":"publish","type":"post","link":"https:\/\/wp.ufpel.edu.br\/projetogama\/2020\/09\/15\/inscricoes-para-as-novas-turmas-de-matematica-basica-e-funcoes\/","title":{"rendered":"Inscri\u00e7\u00f5es para as novas turmas de Matem\u00e1tica B\u00e1sica e Fun\u00e7\u00f5es"},"content":{"rendered":"<p><span style=\"color: #000000\">Est\u00e3o abertas as inscri\u00e7\u00f5es para as pr\u00f3ximas turmas das<\/span> <span style=\"color: #800000\"><b>Atividades de Refor\u00e7o em Matem\u00e1tica, <\/b><\/span><span style=\"color: #000000\">oferecidas pelo Projeto GAMA: Grupo de Apoio em Matem\u00e1tica.<\/span><\/p>\n<p>Ser\u00e3o oferecidas duas turmas, sendo uma para o m\u00f3dulo Matem\u00e1tica B\u00e1sica e uma para o m\u00f3dulo de Fun\u00e7\u00f5es.<\/p>\n<p>&nbsp;<\/p>\n<p style=\"text-align: center\"><span style=\"font-size: 14pt\"><strong><span style=\"color: #800000\"><b>M\u00f3dulo de Matem\u00e1tica B\u00e1sica<\/b><\/span><\/strong><\/span><\/p>\n<p style=\"text-align: justify\"><strong><span style=\"color: #800000\">Conte\u00fados abordados no Curso (revis\u00e3o da teoria e exerc\u00edcios):<\/span><\/strong> <span style=\"color: #000000\">Teoria b\u00e1sica dos conjuntos. Conjuntos num\u00e9ricos e intervalos. Opera\u00e7\u00f5es com fra\u00e7\u00f5es. Potencia\u00e7\u00e3o. Radicia\u00e7\u00e3o. Racionaliza\u00e7\u00e3o de denominadores. Fatora\u00e7\u00e3o e produtos not\u00e1veis. Opera\u00e7\u00f5es e simplifica\u00e7\u00e3o de fra\u00e7\u00f5es alg\u00e9bricas. Opera\u00e7\u00f5es com polin\u00f4mios.<\/span><\/p>\n<p>&nbsp;<\/p>\n<p style=\"text-align: center\"><span style=\"font-size: 14pt\"><strong><span style=\"color: #800000\"><b>M\u00f3dulo de Fun\u00e7\u00f5es<\/b><\/span><\/strong><\/span><\/p>\n<p style=\"text-align: justify\"><strong><span style=\"color: #800000\">Conte\u00fados abordados no Curso (revis\u00e3o da teoria e exerc\u00edcios):<\/span><\/strong> <span style=\"color: #000000\">Defini\u00e7\u00e3o de fun\u00e7\u00e3o; dom\u00ednio e imagem; lei de forma\u00e7\u00e3o; valor num\u00e9rico; esbo\u00e7o de gr\u00e1ficos; fun\u00e7\u00e3o do primeiro grau; fun\u00e7\u00e3o do segundo grau; fun\u00e7\u00f5es definidas por v\u00e1rias senten\u00e7as e fun\u00e7\u00e3o modular; fun\u00e7\u00e3o pot\u00eancia e fun\u00e7\u00e3o raiz; fun\u00e7\u00e3o composta; fun\u00e7\u00e3o inversa.<\/span><\/p>\n<p>&nbsp;<\/p>\n<p style=\"text-align: justify\"><strong><span style=\"color: #800000\">Metodologia:<\/span><\/strong> Os conte\u00fados ser\u00e3o disponibilizados em v\u00eddeo. Espa\u00e7os para intera\u00e7\u00e3o virtual com bolsistas e professores do GAMA ser\u00e3o disponibilizados.<\/p>\n<p><span style=\"color: #800000\"><strong>Inscri\u00e7\u00f5es:<\/strong> <\/span><span style=\"color: #000000\">de 15\/09\/20 a 23\/09\/20.<\/span><\/p>\n<p><span style=\"color: #800000\"><strong>Divulga\u00e7\u00e3o das turmas: <\/strong><span style=\"color: #000000\">25\/09\/20.<\/span><\/span><\/p>\n<p><span style=\"color: #800000\"><strong>Per\u00edodo do curso: <\/strong><span style=\"color: #000000\">de 28\/09\/20 a 16\/10\/20.<\/span><\/span><\/p>\n<p><span style=\"color: #800000\"><strong>Carga-hor\u00e1ria do curso: <\/strong><\/span><span style=\"color: #000000\">12 horas.<\/span><\/p>\n<p><span style=\"color: #800000\"><strong>N\u00famero de vagas: <\/strong><span style=\"color: #000000\">100 vagas para cada turma &#8211; Existe previs\u00e3o de oferecimento de novas turmas posteriormente.<\/span><\/span><\/p>\n<p>&nbsp;<\/p>\n<p style=\"text-align: center\"><span style=\"font-size: 14pt\"><strong><span style=\"color: #800000\">Inscri\u00e7\u00f5es:<\/span><\/strong><\/span><\/p>\n<p style=\"text-align: center\"><span style=\"color: #000000\">Se voc\u00ea \u00e9 estudante da UFPel, fa\u00e7a a sua inscri\u00e7\u00e3o<\/span>\u00a0<span style=\"color: #0000ff\">AQUI<\/span><\/p>\n<p style=\"text-align: center\"><span style=\"color: #000000\">Se voc\u00ea n\u00e3o \u00e9 estudante da UFPel, fa\u00e7a a sua inscri\u00e7\u00e3o<\/span>\u00a0<span style=\"color: #0000ff\">AQUI<\/span><\/p>\n<p>&nbsp;<\/p>\n<p><span style=\"color: #000000\">O preenchimento das 100 vagas, em cada turma, se dar\u00e1 da seguinte forma:<\/span><\/p>\n<p><strong><span style=\"color: #800000\">70 vagas<\/span><\/strong> <span style=\"color: #000000\">priorit\u00e1rias para estudantes da UFPel matriculados em cursos que possuem disciplinas de matem\u00e1tica na grade curricular obrigat\u00f3ria, sendo 50% destas vagas priorit\u00e1rias para estudantes bolsistas da PRAE.<\/span><\/p>\n<p><strong><span style=\"color: #800000\">10 vagas<\/span><\/strong> <span style=\"color: #000000\">priorit\u00e1rias para estudantes da UFPel matriculados em cursos que n\u00e3o possuem disciplinas de matem\u00e1tica na grade curricular obrigat\u00f3ria, sendo 50% destas vagas priorit\u00e1rias para estudantes bolsistas da PRAE.<\/span><\/p>\n<p><strong><span style=\"color: #800000\">20 vagas<\/span><\/strong> <span style=\"color: #000000\">priorit\u00e1rias para estudantes e professores da rede p\u00fablica de ensino, n\u00e3o vinculados \u00e0 UFPel.<\/span><\/p>\n<p><span style=\"color: #000000\">Havendo mais inscritos que vagas, dentro de algum dos grupos listados acima, a ordem utilizada para o preenchimento das vagas ser\u00e1 a ordem de inscri\u00e7\u00e3o. Havendo menos inscritos do que vagas em algum grupo, as vagas remanescentes ser\u00e3o redistribu\u00eddas proporcionalmente para os outros grupos.<\/span><\/p>\n<p style=\"text-align: center\"><span style=\"font-size: 12pt\"><strong><span style=\"color: #ff0000\">Importante: Estudantes inscritos que n\u00e3o comparecerem \u00e0s aulas e n\u00e3o justificarem poder\u00e3o ter a inscri\u00e7\u00e3o cancelada, em eventuais inscri\u00e7\u00f5es futuras.<\/span><\/strong><\/span><\/p>\n","protected":false},"excerpt":{"rendered":"<p>Est\u00e3o abertas as inscri\u00e7\u00f5es para as pr\u00f3ximas turmas das Atividades de Refor\u00e7o em Matem\u00e1tica, oferecidas pelo Projeto GAMA: Grupo de Apoio em Matem\u00e1tica. Ser\u00e3o oferecidas duas turmas, sendo uma para [&hellip;]<\/p>\n","protected":false},"author":437,"featured_media":0,"comment_status":"closed","ping_status":"closed","sticky":false,"template":"","format":"standard","meta":{"jetpack_post_was_ever_published":false,"_jetpack_newsletter_access":"","_jetpack_dont_email_post_to_subs":false,"_jetpack_newsletter_tier_id":0,"_jetpack_memberships_contains_paywalled_content":false,"_jetpack_memberships_contains_paid_content":false,"footnotes":"","jetpack_publicize_message":"","jetpack_publicize_feature_enabled":true,"jetpack_social_post_already_shared":true,"jetpack_social_options":{"image_generator_settings":{"template":"highway","default_image_id":0,"font":"","enabled":false},"version":2}},"categories":[18],"tags":[],"class_list":["post-4295","post","type-post","status-publish","format-standard","hentry","category-inicio-inicio"],"jetpack_publicize_connections":[],"jetpack_featured_media_url":"","jetpack_sharing_enabled":true,"jetpack_shortlink":"https:\/\/wp.me\/p6Slop-17h","_links":{"self":[{"href":"https:\/\/wp.ufpel.edu.br\/projetogama\/wp-json\/wp\/v2\/posts\/4295","targetHints":{"allow":["GET"]}}],"collection":[{"href":"https:\/\/wp.ufpel.edu.br\/projetogama\/wp-json\/wp\/v2\/posts"}],"about":[{"href":"https:\/\/wp.ufpel.edu.br\/projetogama\/wp-json\/wp\/v2\/types\/post"}],"author":[{"embeddable":true,"href":"https:\/\/wp.ufpel.edu.br\/projetogama\/wp-json\/wp\/v2\/users\/437"}],"replies":[{"embeddable":true,"href":"https:\/\/wp.ufpel.edu.br\/projetogama\/wp-json\/wp\/v2\/comments?post=4295"}],"version-history":[{"count":4,"href":"https:\/\/wp.ufpel.edu.br\/projetogama\/wp-json\/wp\/v2\/posts\/4295\/revisions"}],"predecessor-version":[{"id":4305,"href":"https:\/\/wp.ufpel.edu.br\/projetogama\/wp-json\/wp\/v2\/posts\/4295\/revisions\/4305"}],"wp:attachment":[{"href":"https:\/\/wp.ufpel.edu.br\/projetogama\/wp-json\/wp\/v2\/media?parent=4295"}],"wp:term":[{"taxonomy":"category","embeddable":true,"href":"https:\/\/wp.ufpel.edu.br\/projetogama\/wp-json\/wp\/v2\/categories?post=4295"},{"taxonomy":"post_tag","embeddable":true,"href":"https:\/\/wp.ufpel.edu.br\/projetogama\/wp-json\/wp\/v2\/tags?post=4295"}],"curies":[{"name":"wp","href":"https:\/\/api.w.org\/{rel}","templated":true}]}}