{"id":4149,"date":"2020-06-25T09:30:09","date_gmt":"2020-06-25T12:30:09","guid":{"rendered":"https:\/\/wp.ufpel.edu.br\/projetogama\/?p=4149"},"modified":"2020-06-25T09:46:57","modified_gmt":"2020-06-25T12:46:57","slug":"novas-turmas-do-gama","status":"publish","type":"post","link":"https:\/\/wp.ufpel.edu.br\/projetogama\/2020\/06\/25\/novas-turmas-do-gama\/","title":{"rendered":"Novas turmas do GAMA"},"content":{"rendered":"<p><span style=\"color: #000000\">In\u00edcio do curso: 29\/06\/20.<\/span><\/p>\n<p><span style=\"color: #000000\">Maiores informa\u00e7\u00f5es ser\u00e3o enviadas para o email cadastrado no ato da inscri\u00e7\u00e3o<\/span><\/p>\n<p>&nbsp;<\/p>\n<p style=\"text-align: center\"><span style=\"color: #800000\"><strong>Turma para o M\u00f3dulo de Matem\u00e1tica B\u00e1sica (curso virtual)<\/strong><\/span><\/p>\n<table style=\"width: 492px\" width=\"313\">\n<tbody>\n<tr>\n<td style=\"width: 492px\" width=\"313\">ALINE CRISTINA TEIXEIRA FARIAS<\/td>\n<\/tr>\n<tr>\n<td style=\"width: 492px\">ALINE DA CUNHA BITENCORT<\/td>\n<\/tr>\n<tr>\n<td style=\"width: 492px\">AMANDA CRISTINA MENDES DE CAMPOS<\/td>\n<\/tr>\n<tr>\n<td style=\"width: 492px\">ANA CAROLINA NUNES DA SILVA<\/td>\n<\/tr>\n<tr>\n<td style=\"width: 492px\">ANA PAULA GOMES<\/td>\n<\/tr>\n<tr>\n<td style=\"width: 492px\">ANA REGINA GON\u00c7ALVES DE FREITAS<\/td>\n<\/tr>\n<tr>\n<td style=\"width: 492px\">ANDRINY M\u00dcLLING TREPTOW<\/td>\n<\/tr>\n<tr>\n<td style=\"width: 492px\">ARLINDO SCHWANTZ NETO<\/td>\n<\/tr>\n<tr>\n<td style=\"width: 492px\">BRUNA NOLASCO DA LUZ<\/td>\n<\/tr>\n<tr>\n<td style=\"width: 492px\">BRUNA NUNES MENDES<\/td>\n<\/tr>\n<tr>\n<td style=\"width: 492px\">BRUNO DE JESUS RODRIGUES DA ROCHA<\/td>\n<\/tr>\n<tr>\n<td style=\"width: 492px\">CALINIDASILVACARAMEZ<\/td>\n<\/tr>\n<tr>\n<td style=\"width: 492px\">CAROLINA GARCIA CARDOSO<\/td>\n<\/tr>\n<tr>\n<td style=\"width: 492px\">CAROLINA GARCIA CARDOSO<\/td>\n<\/tr>\n<tr>\n<td style=\"width: 492px\">CAROLINE GHELLER<\/td>\n<\/tr>\n<tr>\n<td style=\"width: 492px\">CAROLINE VIEIRA DE MELLO<\/td>\n<\/tr>\n<tr>\n<td style=\"width: 492px\">CATIANE PEGLOW HOLZ<\/td>\n<\/tr>\n<tr>\n<td style=\"width: 492px\">CLAUDINI DA SILVA CARAMEZ<\/td>\n<\/tr>\n<tr>\n<td style=\"width: 492px\">CRISTIAN DOS SANTOS SOARES<\/td>\n<\/tr>\n<tr>\n<td style=\"width: 492px\">DANIELA MOTA MARQUES<\/td>\n<\/tr>\n<tr>\n<td style=\"width: 492px\">DANIELA ROSA DUTRA<\/td>\n<\/tr>\n<tr>\n<td style=\"width: 492px\">DANIELLE SILVA GASTALDO<\/td>\n<\/tr>\n<tr>\n<td style=\"width: 492px\">DANILDO SIDINEI DE OLIVEIRA<\/td>\n<\/tr>\n<tr>\n<td style=\"width: 492px\">DIANA ROBERTS LOUREN\u00c7O BARRETO<\/td>\n<\/tr>\n<tr>\n<td style=\"width: 492px\">DIEGO DE SOUZA CARDOSO<\/td>\n<\/tr>\n<tr>\n<td style=\"width: 492px\">DOUGLAS DUARTE DA SILVA<\/td>\n<\/tr>\n<tr>\n<td style=\"width: 492px\">DULCENEIA LESSA RODRIGUES<\/td>\n<\/tr>\n<tr>\n<td style=\"width: 492px\">EDSON GARCIA DE OLIVEIRA<\/td>\n<\/tr>\n<tr>\n<td style=\"width: 492px\">EDUARDA MACHADO KUTTER<\/td>\n<\/tr>\n<tr>\n<td style=\"width: 492px\">ENRIQUE CARVALHO BOHM<\/td>\n<\/tr>\n<tr>\n<td style=\"width: 492px\">\u00c9RICA DA COSTA CAMPOS<\/td>\n<\/tr>\n<tr>\n<td style=\"width: 492px\">FABIANE DIAS ESTEVES<\/td>\n<\/tr>\n<tr>\n<td style=\"width: 492px\">FERNANDA SILVESTRE DE ALMEIDA<\/td>\n<\/tr>\n<tr>\n<td style=\"width: 492px\">GABRIEL ALMEIDA DOS SANTOS<\/td>\n<\/tr>\n<tr>\n<td style=\"width: 492px\">GABRIEL HENRIQUE SILVA DOS SANTOS<\/td>\n<\/tr>\n<tr>\n<td style=\"width: 492px\">GABRIEL MONTIEL GARCIA<\/td>\n<\/tr>\n<tr>\n<td style=\"width: 492px\">GABRIEL XAVIER BRAYER<\/td>\n<\/tr>\n<tr>\n<td style=\"width: 492px\">GABRIELLY DA SILVEIRA DE \u00c1VILA<\/td>\n<\/tr>\n<tr>\n<td style=\"width: 492px\">GISELE ALVES DA SILVA<\/td>\n<\/tr>\n<tr>\n<td style=\"width: 492px\">HIAGO REGO ROCKEMBACH<\/td>\n<\/tr>\n<tr>\n<td style=\"width: 492px\">IN\u00caS BORGES DA SILVA<\/td>\n<\/tr>\n<tr>\n<td style=\"width: 492px\">JEFERSON DA SILVA RODRIGUES<\/td>\n<\/tr>\n<tr>\n<td style=\"width: 492px\">JENNIFER PACHECO DA FONSECA<\/td>\n<\/tr>\n<tr>\n<td style=\"width: 492px\">J\u00c9SSICA VIEGAS PEREIRA<\/td>\n<\/tr>\n<tr>\n<td style=\"width: 492px\">JORDANO CONTER PEREIRA<\/td>\n<\/tr>\n<tr>\n<td style=\"width: 492px\">JULIA MAIA FERREIRA<\/td>\n<\/tr>\n<tr>\n<td style=\"width: 492px\">JULIANA PORCIUNCULA DA SILVA<\/td>\n<\/tr>\n<tr>\n<td style=\"width: 492px\">JULIO ROBERTO MARCOS VIEIRA<\/td>\n<\/tr>\n<tr>\n<td style=\"width: 492px\">KATHSLAY DA SILVA NUNES<\/td>\n<\/tr>\n<tr>\n<td style=\"width: 492px\">KAUANE FERREIRA MARQUES<\/td>\n<\/tr>\n<tr>\n<td style=\"width: 492px\">KERLEN SANTOS RICARDO<\/td>\n<\/tr>\n<tr>\n<td style=\"width: 492px\">KEROLIN DA ROSA VEIGA<\/td>\n<\/tr>\n<tr>\n<td style=\"width: 492px\">LAIS RIBEIRO SOLER<\/td>\n<\/tr>\n<tr>\n<td style=\"width: 492px\">LARA GON\u00c7ALVES MARTINS<\/td>\n<\/tr>\n<tr>\n<td style=\"width: 492px\">L\u00d3REN FERREIRA DA CRUZ<\/td>\n<\/tr>\n<tr>\n<td style=\"width: 492px\">LU\u00c3 RODRIGUES SILVEIRA<\/td>\n<\/tr>\n<tr>\n<td style=\"width: 492px\">LUAI SAMI ABDEL AZIZ YOUSEF BAKRI<\/td>\n<\/tr>\n<tr>\n<td style=\"width: 492px\">LUAI SAMI ABDEL AZIZ YOUSEF BAKRI<\/td>\n<\/tr>\n<tr>\n<td style=\"width: 492px\">LUCAS CAMARGO MOTTA<\/td>\n<\/tr>\n<tr>\n<td style=\"width: 492px\">LUCAS DE FREITAS CARDOSO<\/td>\n<\/tr>\n<tr>\n<td style=\"width: 492px\">LUCAS FABRES BORGES<\/td>\n<\/tr>\n<tr>\n<td style=\"width: 492px\">LUCAS SILVEIRA RODRIGUES<\/td>\n<\/tr>\n<tr>\n<td style=\"width: 492px\">LUCIANA DE AVILA CASTRO<\/td>\n<\/tr>\n<tr>\n<td style=\"width: 492px\">MAIARA DUARTE TAVARES<\/td>\n<\/tr>\n<tr>\n<td style=\"width: 492px\">MAIARA SCHELLIN PIEPER<\/td>\n<\/tr>\n<tr>\n<td style=\"width: 492px\">MAICON OLIVEIRA LUIZ<\/td>\n<\/tr>\n<tr>\n<td style=\"width: 492px\">MARCELA PLAMER LARROSSA<\/td>\n<\/tr>\n<tr>\n<td style=\"width: 492px\">MARCOS VIEIRA DOS SANTOS<\/td>\n<\/tr>\n<tr>\n<td style=\"width: 492px\">MARIA EDUARDA PONTES DE MORAES<\/td>\n<\/tr>\n<tr>\n<td style=\"width: 492px\">MARIANA LACERDA CORREA<\/td>\n<\/tr>\n<tr>\n<td style=\"width: 492px\">MARINA DA SILVA JORGE<\/td>\n<\/tr>\n<tr>\n<td style=\"width: 492px\">MARINA DE OLIVEIRA ROSA<\/td>\n<\/tr>\n<tr>\n<td style=\"width: 492px\">MARIO ABRAH\u00c3O CAMPELLO<\/td>\n<\/tr>\n<tr>\n<td style=\"width: 492px\">MERI REJANE PUCCINELLI DUARTE<\/td>\n<\/tr>\n<tr>\n<td style=\"width: 492px\">MICAEL DE ARAUJO AFONSO<\/td>\n<\/tr>\n<tr>\n<td style=\"width: 492px\">NATAN CARDOSO DA SILVA<\/td>\n<\/tr>\n<tr>\n<td style=\"width: 492px\">NAYANI IANALLANA CHAVES DA CUNHA<\/td>\n<\/tr>\n<tr>\n<td style=\"width: 492px\">PAOLA VIEIRA MACHADO<\/td>\n<\/tr>\n<tr>\n<td style=\"width: 492px\">PATRICIA ROCHA MEDEIROS<\/td>\n<\/tr>\n<tr>\n<td style=\"width: 492px\">PAULO ADRIAN ALVES HOFFMAN<\/td>\n<\/tr>\n<tr>\n<td style=\"width: 492px\">PEDRO DE ALBUQUERQUE PIASENTIM<\/td>\n<\/tr>\n<tr>\n<td style=\"width: 492px\">PEDRO FERNANDO PRIBERNOW RIBEIRO<\/td>\n<\/tr>\n<tr>\n<td style=\"width: 492px\">RAILA GRACIELA FERRAZ SARAIVA<\/td>\n<\/tr>\n<tr>\n<td style=\"width: 492px\">RA\u00cdSSA DE ARAUJO SILVA FERRAZ<\/td>\n<\/tr>\n<tr>\n<td style=\"width: 492px\">RODRIGO FERREIRA RODRIGUES<\/td>\n<\/tr>\n<tr>\n<td style=\"width: 492px\">RUDIMAR SILVA DE MELO<\/td>\n<\/tr>\n<tr>\n<td style=\"width: 492px\">SARA LUIZA PETRY<\/td>\n<\/tr>\n<tr>\n<td style=\"width: 492px\">SCHAYANE BENDER OSTERBERG<\/td>\n<\/tr>\n<tr>\n<td style=\"width: 492px\">SIMONE PEREIRA CARPIN KABKE<\/td>\n<\/tr>\n<tr>\n<td style=\"width: 492px\">ST\u00c9FANIE DA COSTA DA LUZ<\/td>\n<\/tr>\n<tr>\n<td style=\"width: 492px\">TALISSON NATAN TOCHTENHAGEN<\/td>\n<\/tr>\n<tr>\n<td style=\"width: 492px\">TATIANA LUCKOW<\/td>\n<\/tr>\n<tr>\n<td style=\"width: 492px\">THA\u00cdS \u00c1VILA GARCIA<\/td>\n<\/tr>\n<tr>\n<td style=\"width: 492px\">VANESSA DE MEDEIROS CORREA<\/td>\n<\/tr>\n<tr>\n<td style=\"width: 492px\">YASMIN DUTRA VAZ<\/td>\n<\/tr>\n<\/tbody>\n<\/table>\n<p>&nbsp;<\/p>\n<p style=\"text-align: center\"><span style=\"color: #800000\"><strong>Turma para o M\u00f3dulo de Fun\u00e7\u00f5es (curso virtual)<\/strong><\/span><\/p>\n<table style=\"width: 492px\" width=\"313\">\n<tbody>\n<tr>\n<td style=\"width: 492px\" width=\"313\">ABOUBAKAR SADICK BODI<\/td>\n<\/tr>\n<tr>\n<td style=\"width: 492px\">ALEXANDRA DA ROSA LOUREN\u00c7O<\/td>\n<\/tr>\n<tr>\n<td style=\"width: 492px\">AMANDA CRISTINA MENDES DE CAMPOS<\/td>\n<\/tr>\n<tr>\n<td style=\"width: 492px\">B\u00c1RBARA \u00cdNGRID MUNIZ SILVA<\/td>\n<\/tr>\n<tr>\n<td style=\"width: 492px\">B\u00c1RBARA RAFAELA DA ROSA<\/td>\n<\/tr>\n<tr>\n<td style=\"width: 492px\">BRUNO DA SILVA VINHAS<\/td>\n<\/tr>\n<tr>\n<td style=\"width: 492px\">CRISTI\u00c9LY SCHUCH DALBEM<\/td>\n<\/tr>\n<tr>\n<td style=\"width: 492px\">FABIANA FERNANDES DOS SANTOS<\/td>\n<\/tr>\n<tr>\n<td style=\"width: 492px\">GABRIEL VASCONCELOS DA SILVA<\/td>\n<\/tr>\n<tr>\n<td style=\"width: 492px\">GABRIELE DE OLIVEIRA FR\u00dcHAUF<\/td>\n<\/tr>\n<tr>\n<td style=\"width: 492px\">GUSTAVO SILVA DA SILVA<\/td>\n<\/tr>\n<tr>\n<td style=\"width: 492px\">HENRIQUE TAVARES RUOSO<\/td>\n<\/tr>\n<tr>\n<td style=\"width: 492px\">ISABELLA ANDRADE DA SILVA<\/td>\n<\/tr>\n<tr>\n<td style=\"width: 492px\">JEFERSON DA SILVA RODRIGUES<\/td>\n<\/tr>\n<tr>\n<td style=\"width: 492px\">J\u00c9SSICA VIEGAS PEREIRA<\/td>\n<\/tr>\n<tr>\n<td style=\"width: 492px\">JESSIELE SILVA DUARTE<\/td>\n<\/tr>\n<tr>\n<td style=\"width: 492px\">JO\u00c3O VICTOR FERNANDES MARCOS<\/td>\n<\/tr>\n<tr>\n<td style=\"width: 492px\">JOSE ALISSON SILVA<\/td>\n<\/tr>\n<tr>\n<td style=\"width: 492px\">JOSEMANUELLUCASMARQUESGON\u00c7ALVES<\/td>\n<\/tr>\n<tr>\n<td style=\"width: 492px\">JUDELIN NORCIUS<\/td>\n<\/tr>\n<tr>\n<td style=\"width: 492px\">J\u00daLIA VEIGA DA SILVA<\/td>\n<\/tr>\n<tr>\n<td style=\"width: 492px\">JULIANA PERES XAVIER<\/td>\n<\/tr>\n<tr>\n<td style=\"width: 492px\">LARA DILELIO ALVES<\/td>\n<\/tr>\n<tr>\n<td style=\"width: 492px\">LAURO ARAUJO LEME<\/td>\n<\/tr>\n<tr>\n<td style=\"width: 492px\">LUCAS FERNANDO OLEIRO BOIJINK<\/td>\n<\/tr>\n<tr>\n<td style=\"width: 492px\">LUCAS TORRES KRUGER<\/td>\n<\/tr>\n<tr>\n<td style=\"width: 492px\">LUIS FELIPE BASSO<\/td>\n<\/tr>\n<tr>\n<td style=\"width: 492px\">LUIZA SILVA DE LUCAS<\/td>\n<\/tr>\n<tr>\n<td style=\"width: 492px\">MARCIO ALEXANDRE ANTUNES REINEHR<\/td>\n<\/tr>\n<tr>\n<td style=\"width: 492px\">NAREL CABRAL OLIVEIRA<\/td>\n<\/tr>\n<tr>\n<td style=\"width: 492px\">N\u00c1TALI DORNELLES PACHECO<\/td>\n<\/tr>\n<tr>\n<td style=\"width: 492px\">NATALY IANE ANJOS OLIVEIRA<\/td>\n<\/tr>\n<tr>\n<td style=\"width: 492px\">PAULA PINHEIRO CARDOSO<\/td>\n<\/tr>\n<tr>\n<td style=\"width: 492px\">PEDRO AUGUSTO DIAS DOLESKE<\/td>\n<\/tr>\n<tr>\n<td style=\"width: 492px\">RAIANA BORGES RODRIGUES<\/td>\n<\/tr>\n<tr>\n<td style=\"width: 492px\">RONYSSA DOS SANTOS RIBEIRO<\/td>\n<\/tr>\n<tr>\n<td style=\"width: 492px\">SANDRA GOMES GUARINO<\/td>\n<\/tr>\n<tr>\n<td style=\"width: 492px\">SHELDA MENDES RIBEIRO COSTA<\/td>\n<\/tr>\n<tr>\n<td style=\"width: 492px\">SIBELE FLORES ULGUIM PLAMER<\/td>\n<\/tr>\n<tr>\n<td style=\"width: 492px\">SUELEN RIOS OSWALDT<\/td>\n<\/tr>\n<tr>\n<td style=\"width: 492px\">TAIANE DA CRUZ ROLIM<\/td>\n<\/tr>\n<tr>\n<td style=\"width: 492px\">TAYNARA MADEIRA DIAS<\/td>\n<\/tr>\n<tr>\n<td style=\"width: 492px\">THAIS FERNANDES OSSANES<\/td>\n<\/tr>\n<tr>\n<td style=\"width: 492px\">THAIS PORTO DOS SANTOS<\/td>\n<\/tr>\n<tr>\n<td style=\"width: 492px\">THAIS RUTZ<\/td>\n<\/tr>\n<tr>\n<td style=\"width: 492px\">THIAGO VIEIRA MACHADO<\/td>\n<\/tr>\n<tr>\n<td style=\"width: 492px\">WILLIAM DIETRICH KLUG<\/td>\n<\/tr>\n<\/tbody>\n<\/table>\n<p>&nbsp;<\/p>\n<p>&nbsp;<\/p>\n<p style=\"text-align: center\"><span style=\"color: #800000\"><strong>Turma para o M\u00f3dulo de Fun\u00e7\u00f5es Trigonom\u00e9tricas, exponenciais e Logar\u00edtmicas (curso virtual)<\/strong><\/span><\/p>\n<table style=\"width: 493px\" width=\"313\">\n<tbody>\n<tr>\n<td style=\"width: 493px\" width=\"313\">ABIU VIEIRA GARCIA<\/td>\n<\/tr>\n<tr>\n<td style=\"width: 493px\">ADILSON CAMARGO PEREIRA<\/td>\n<\/tr>\n<tr>\n<td style=\"width: 493px\">ALINE DE SOUZA MUNIZ<\/td>\n<\/tr>\n<tr>\n<td style=\"width: 493px\">ALINE PROEN\u00c7A FIOL<\/td>\n<\/tr>\n<tr>\n<td style=\"width: 493px\">AMANDA CRISTINA MENDES DE CAMPOS<\/td>\n<\/tr>\n<tr>\n<td style=\"width: 493px\">ANA J\u00daLIA ARNDT<\/td>\n<\/tr>\n<tr>\n<td style=\"width: 493px\">ANA MICAELA RODRIGUES PINHEIRO<\/td>\n<\/tr>\n<tr>\n<td style=\"width: 493px\">ANDR\u00c9 FRANCISCO SANCHES ABRA\u00c3O JUNIOR<\/td>\n<\/tr>\n<tr>\n<td style=\"width: 493px\">ANG\u00c9LICA BUCHWEITZ JORGE<\/td>\n<\/tr>\n<tr>\n<td style=\"width: 493px\">ARTHUR ESCOBAR MADRUGA CARDOZO<\/td>\n<\/tr>\n<tr>\n<td style=\"width: 493px\">ARTHUR MARTINS DOS SANTOS<\/td>\n<\/tr>\n<tr>\n<td style=\"width: 493px\">ARTHUR RODRIGUES TAVARES<\/td>\n<\/tr>\n<tr>\n<td style=\"width: 493px\">BEATRIZ DOS SANTOS GOMES<\/td>\n<\/tr>\n<tr>\n<td style=\"width: 493px\">BERNARDO FURTADO ALVES<\/td>\n<\/tr>\n<tr>\n<td style=\"width: 493px\">BERNARDO GOMES RAMOS<\/td>\n<\/tr>\n<tr>\n<td style=\"width: 493px\">BIANCA WEEGE MANETTI<\/td>\n<\/tr>\n<tr>\n<td style=\"width: 493px\">BRUNA DOS SANTOS BLAAS<\/td>\n<\/tr>\n<tr>\n<td style=\"width: 493px\">BRUNO DUTRA BELHALVE<\/td>\n<\/tr>\n<tr>\n<td style=\"width: 493px\">CAROLINE XAVIER CAMARGO<\/td>\n<\/tr>\n<tr>\n<td style=\"width: 493px\">CELSO MOACIR RIBEIRO<\/td>\n<\/tr>\n<tr>\n<td style=\"width: 493px\">CLEITON DE JESUS ALMEIDA<\/td>\n<\/tr>\n<tr>\n<td style=\"width: 493px\">DANIEL BONOTTO BASSO<\/td>\n<\/tr>\n<tr>\n<td style=\"width: 493px\">DHAIARA NATSUMI DE CASTRO MACHIDA<\/td>\n<\/tr>\n<tr>\n<td style=\"width: 493px\">DIEGO LEMOS JESKE<\/td>\n<\/tr>\n<tr>\n<td style=\"width: 493px\">EDUARDA HARTWIG CENTENO<\/td>\n<\/tr>\n<tr>\n<td style=\"width: 493px\">EDUARDA MARQUES DA SILVA<\/td>\n<\/tr>\n<tr>\n<td style=\"width: 493px\">EDUARDO PEREIRA DURO<\/td>\n<\/tr>\n<tr>\n<td style=\"width: 493px\">FABIANE DA SILVA RODRIGUES<\/td>\n<\/tr>\n<tr>\n<td style=\"width: 493px\">F\u00c1BIO ACOSTA PERES<\/td>\n<\/tr>\n<tr>\n<td style=\"width: 493px\">GABRIEL CHAVIEL LHULLIER<\/td>\n<\/tr>\n<tr>\n<td style=\"width: 493px\">GABRIEL OLIVEIRA CARRILHOS<\/td>\n<\/tr>\n<tr>\n<td style=\"width: 493px\">GEOVANNA SOBRINHO PEREIRA<\/td>\n<\/tr>\n<tr>\n<td style=\"width: 493px\">GIOVANA PERGHER BOTTEGA<\/td>\n<\/tr>\n<tr>\n<td style=\"width: 493px\">GRACIELA BARBOSA VIANA<\/td>\n<\/tr>\n<tr>\n<td style=\"width: 493px\">GUSTAVO SILVEIRA DA SILVA<\/td>\n<\/tr>\n<tr>\n<td style=\"width: 493px\">HELENIZE CALDERIPE VELEDA DA SILVA<\/td>\n<\/tr>\n<tr>\n<td style=\"width: 493px\">HENRIQUE DUARTE CUNHA<\/td>\n<\/tr>\n<tr>\n<td style=\"width: 493px\">INGRID SANTOS CASTRO<\/td>\n<\/tr>\n<tr>\n<td style=\"width: 493px\">ISABEL CORDEIRO BORGES<\/td>\n<\/tr>\n<tr>\n<td style=\"width: 493px\">JO\u00c3O IGLESIAS FERRACINI DA SILVA<\/td>\n<\/tr>\n<tr>\n<td style=\"width: 493px\">JO\u00c3O PEDRO FERREIRA DOS SANTOS<\/td>\n<\/tr>\n<tr>\n<td style=\"width: 493px\">JOSE CARLOS MENDES GOMES<\/td>\n<\/tr>\n<tr>\n<td style=\"width: 493px\">KELLY ROMANO HUCKEMBECK<\/td>\n<\/tr>\n<tr>\n<td style=\"width: 493px\">LA\u00cdNE BENGO SOARES ROSALES<\/td>\n<\/tr>\n<tr>\n<td style=\"width: 493px\">LET\u00cdCIA OLIVEIRA MARTINS<\/td>\n<\/tr>\n<tr>\n<td style=\"width: 493px\">LIVIA CONCEI\u00c7\u00c3O LIMA VALENTE<\/td>\n<\/tr>\n<tr>\n<td style=\"width: 493px\">LIVIA SOFIA AMORIM<\/td>\n<\/tr>\n<tr>\n<td style=\"width: 493px\">LOUISE QUEIROZ DA SILVA BEZERRA<\/td>\n<\/tr>\n<tr>\n<td style=\"width: 493px\">MARCELO AUGUSTO PEGORARO ETCHEVERRIA<\/td>\n<\/tr>\n<tr>\n<td style=\"width: 493px\">MARIA LUIZA WACHHOLZ DA SILVA<\/td>\n<\/tr>\n<tr>\n<td style=\"width: 493px\">MARINA ARIAS DA SILVA<\/td>\n<\/tr>\n<tr>\n<td style=\"width: 493px\">MATEUS SILVEIRA XAVIER<\/td>\n<\/tr>\n<tr>\n<td style=\"width: 493px\">MAYARA YASMIN DA SILVA<\/td>\n<\/tr>\n<tr>\n<td style=\"width: 493px\">MILENA ANDRETTI PIANA<\/td>\n<\/tr>\n<tr>\n<td style=\"width: 493px\">MILENA DA SILVA E SILVA<\/td>\n<\/tr>\n<tr>\n<td style=\"width: 493px\">NELITIANE SOARES DOS SANTOS<\/td>\n<\/tr>\n<tr>\n<td style=\"width: 493px\">NOELY ROSA MARIA PEREZ BRITO<\/td>\n<\/tr>\n<tr>\n<td style=\"width: 493px\">PALOMA CARDOSO PEDROSO<\/td>\n<\/tr>\n<tr>\n<td style=\"width: 493px\">PEDRO MATTOS HABIB<\/td>\n<\/tr>\n<tr>\n<td style=\"width: 493px\">PRISCILA DA SILVEIRA MOREIRA<\/td>\n<\/tr>\n<tr>\n<td style=\"width: 493px\">RAFAEL OLIVEIRA ALVES<\/td>\n<\/tr>\n<tr>\n<td style=\"width: 493px\">RAYANE RIBEIRO VIEIRA<\/td>\n<\/tr>\n<tr>\n<td style=\"width: 493px\">RODRIGO DOS SANTOS MARTINEZ<\/td>\n<\/tr>\n<tr>\n<td style=\"width: 493px\">SUELEN VIEIRA DA ROSA<\/td>\n<\/tr>\n<tr>\n<td style=\"width: 493px\">TARCIS SUSO DORNELAS<\/td>\n<\/tr>\n<tr>\n<td style=\"width: 493px\">TH\u00c1BATA PA\u00d4LA IDIART BRUM<\/td>\n<\/tr>\n<tr>\n<td style=\"width: 493px\">THIAGO DA SILVA RODRIGUES<\/td>\n<\/tr>\n<tr>\n<td style=\"width: 493px\">TIELEN ESLAB\u00c3O MORAES<\/td>\n<\/tr>\n<tr>\n<td style=\"width: 493px\">VICTOR TIMM RODRIGUES<\/td>\n<\/tr>\n<tr>\n<td style=\"width: 493px\">VINICIUS AVILA EICHENBERG<\/td>\n<\/tr>\n<tr>\n<td style=\"width: 493px\">VIN\u00cdCIUS JOS\u00c9 ROSA<\/td>\n<\/tr>\n<tr>\n<td style=\"width: 493px\">WILLIAM AIRES PETERS<\/td>\n<\/tr>\n<tr>\n<td style=\"width: 493px\">WILLIAN BOTTIN PAGNONCELLI<\/td>\n<\/tr>\n<tr>\n<td style=\"width: 493px\">YASMIN RIBEIRO BARBOSA<\/td>\n<\/tr>\n<\/tbody>\n<\/table>\n<p>&nbsp;<\/p>\n","protected":false},"excerpt":{"rendered":"<p>In\u00edcio do curso: 29\/06\/20. Maiores informa\u00e7\u00f5es ser\u00e3o enviadas para o email cadastrado no ato da inscri\u00e7\u00e3o &nbsp; Turma para o M\u00f3dulo de Matem\u00e1tica B\u00e1sica (curso virtual) ALINE CRISTINA TEIXEIRA FARIAS [&hellip;]<\/p>\n","protected":false},"author":437,"featured_media":0,"comment_status":"closed","ping_status":"closed","sticky":false,"template":"","format":"standard","meta":{"jetpack_post_was_ever_published":false,"_jetpack_newsletter_access":"","_jetpack_dont_email_post_to_subs":false,"_jetpack_newsletter_tier_id":0,"_jetpack_memberships_contains_paywalled_content":false,"_jetpack_memberships_contains_paid_content":false,"footnotes":"","jetpack_publicize_message":"","jetpack_publicize_feature_enabled":true,"jetpack_social_post_already_shared":true,"jetpack_social_options":{"image_generator_settings":{"template":"highway","default_image_id":0,"font":"","enabled":false},"version":2}},"categories":[18],"tags":[],"class_list":["post-4149","post","type-post","status-publish","format-standard","hentry","category-inicio-inicio"],"jetpack_publicize_connections":[],"jetpack_featured_media_url":"","jetpack_sharing_enabled":true,"jetpack_shortlink":"https:\/\/wp.me\/p6Slop-14V","_links":{"self":[{"href":"https:\/\/wp.ufpel.edu.br\/projetogama\/wp-json\/wp\/v2\/posts\/4149","targetHints":{"allow":["GET"]}}],"collection":[{"href":"https:\/\/wp.ufpel.edu.br\/projetogama\/wp-json\/wp\/v2\/posts"}],"about":[{"href":"https:\/\/wp.ufpel.edu.br\/projetogama\/wp-json\/wp\/v2\/types\/post"}],"author":[{"embeddable":true,"href":"https:\/\/wp.ufpel.edu.br\/projetogama\/wp-json\/wp\/v2\/users\/437"}],"replies":[{"embeddable":true,"href":"https:\/\/wp.ufpel.edu.br\/projetogama\/wp-json\/wp\/v2\/comments?post=4149"}],"version-history":[{"count":3,"href":"https:\/\/wp.ufpel.edu.br\/projetogama\/wp-json\/wp\/v2\/posts\/4149\/revisions"}],"predecessor-version":[{"id":4153,"href":"https:\/\/wp.ufpel.edu.br\/projetogama\/wp-json\/wp\/v2\/posts\/4149\/revisions\/4153"}],"wp:attachment":[{"href":"https:\/\/wp.ufpel.edu.br\/projetogama\/wp-json\/wp\/v2\/media?parent=4149"}],"wp:term":[{"taxonomy":"category","embeddable":true,"href":"https:\/\/wp.ufpel.edu.br\/projetogama\/wp-json\/wp\/v2\/categories?post=4149"},{"taxonomy":"post_tag","embeddable":true,"href":"https:\/\/wp.ufpel.edu.br\/projetogama\/wp-json\/wp\/v2\/tags?post=4149"}],"curies":[{"name":"wp","href":"https:\/\/api.w.org\/{rel}","templated":true}]}}