{"id":4120,"date":"2020-06-11T10:26:27","date_gmt":"2020-06-11T13:26:27","guid":{"rendered":"https:\/\/wp.ufpel.edu.br\/projetogama\/?p=4120"},"modified":"2020-06-11T11:24:29","modified_gmt":"2020-06-11T14:24:29","slug":"turmas-de-matematica-basica-e-funcoes","status":"publish","type":"post","link":"https:\/\/wp.ufpel.edu.br\/projetogama\/2020\/06\/11\/turmas-de-matematica-basica-e-funcoes\/","title":{"rendered":"Turmas de Matem\u00e1tica B\u00e1sica e Fun\u00e7\u00f5es"},"content":{"rendered":"<p><span style=\"color: #000000\">In\u00edcio do curso: 15\/06\/20.<\/span><\/p>\n<p><span style=\"color: #000000\">Maiores informa\u00e7\u00f5es ser\u00e3o enviadas para o email cadastrado no ato da inscri\u00e7\u00e3o<\/span><\/p>\n<p>&nbsp;<\/p>\n<p style=\"text-align: center\"><span style=\"color: #800000\"><strong>Turma para o M\u00f3dulo de Matem\u00e1tica B\u00e1sica (curso virtual)<\/strong><\/span><\/p>\n<table style=\"width: 481px\" width=\"340\">\n<tbody>\n<tr>\n<td style=\"width: 481px\" width=\"340\">ADRIAN NEI RODRIGUES DOS SANTOS<\/td>\n<\/tr>\n<tr>\n<td style=\"width: 481px\">ALEX SANDRO LEITES AGUIAR<\/td>\n<\/tr>\n<tr>\n<td style=\"width: 481px\">ALICE COUSEN<\/td>\n<\/tr>\n<tr>\n<td style=\"width: 481px\">ALINE SCHWANZ RUTZ<\/td>\n<\/tr>\n<tr>\n<td style=\"width: 481px\">AMANDA DA SILVA BELMIRO<\/td>\n<\/tr>\n<tr>\n<td style=\"width: 481px\">ANDREA CLASEN GIMENES<\/td>\n<\/tr>\n<tr>\n<td style=\"width: 481px\">AVILA FERREIRA DE SOUSA<\/td>\n<\/tr>\n<tr>\n<td style=\"width: 481px\">BEATRIZ DE LIMA MIRAPALHETE<\/td>\n<\/tr>\n<tr>\n<td style=\"width: 481px\">BRUNA TAVARES DE SOUZA<\/td>\n<\/tr>\n<tr>\n<td style=\"width: 481px\">BRUNN AVILA DO NASCIMENTO<\/td>\n<\/tr>\n<tr>\n<td style=\"width: 481px\">BRUNO DE JESUS RODRIGUES DA ROCHA<\/td>\n<\/tr>\n<tr>\n<td style=\"width: 481px\">CARLA DENISE ROCHA DA SILVA<\/td>\n<\/tr>\n<tr>\n<td style=\"width: 481px\">CARLOS EDUARDO CAMPOS DE FREITAS<\/td>\n<\/tr>\n<tr>\n<td style=\"width: 481px\">CARLOS EDUARDO MOURA MACHADO<\/td>\n<\/tr>\n<tr>\n<td style=\"width: 481px\">CAROLINA NUNES KRUGER<\/td>\n<\/tr>\n<tr>\n<td style=\"width: 481px\">CAROLINE AUGUSTA HAAG<\/td>\n<\/tr>\n<tr>\n<td style=\"width: 481px\">CAROLINE GARCIA CASTRO<\/td>\n<\/tr>\n<tr>\n<td style=\"width: 481px\">CLARA PEIXOTO COSTA<\/td>\n<\/tr>\n<tr>\n<td style=\"width: 481px\">CLAUDIA DE JESUS AZAMBUJA<\/td>\n<\/tr>\n<tr>\n<td style=\"width: 481px\">CLAUDIONOR BITELLO<\/td>\n<\/tr>\n<tr>\n<td style=\"width: 481px\">CRISTI\u00c9LY SCHUCH DALBEM<\/td>\n<\/tr>\n<tr>\n<td style=\"width: 481px\">DANIEL VARELA LEZICA JUNIOR<\/td>\n<\/tr>\n<tr>\n<td style=\"width: 481px\">DANIELA DA SILVA XAVIER<\/td>\n<\/tr>\n<tr>\n<td style=\"width: 481px\">DANIELA RIBES<\/td>\n<\/tr>\n<tr>\n<td style=\"width: 481px\">D\u00c9BORA SILENE COSTA VIEIRA<\/td>\n<\/tr>\n<tr>\n<td style=\"width: 481px\">DIULIANA FONSECA DA FONSECA<\/td>\n<\/tr>\n<tr>\n<td style=\"width: 481px\">DYONATAN RICHER GALHO LIMA<\/td>\n<\/tr>\n<tr>\n<td style=\"width: 481px\">EDEGAR MATEUS BORTOWSKI<\/td>\n<\/tr>\n<tr>\n<td style=\"width: 481px\">EDUARDA ABREU CARVALHO<\/td>\n<\/tr>\n<tr>\n<td style=\"width: 481px\">EDUARDO PEREIRA DURO<\/td>\n<\/tr>\n<tr>\n<td style=\"width: 481px\">ELIANI LUDWIG<\/td>\n<\/tr>\n<tr>\n<td style=\"width: 481px\">ELLEN VANESSA HEINEMANN<\/td>\n<\/tr>\n<tr>\n<td style=\"width: 481px\">EMANUELE MORALES RHODEN<\/td>\n<\/tr>\n<tr>\n<td style=\"width: 481px\">ESTEPHANY FERREIRA BOTELHO<\/td>\n<\/tr>\n<tr>\n<td style=\"width: 481px\">FABIANA BRAGA DA SILVA<\/td>\n<\/tr>\n<tr>\n<td style=\"width: 481px\">FABIANA FERNANDES DOS SANTOS<\/td>\n<\/tr>\n<tr>\n<td style=\"width: 481px\">FABIANE LEROY DOS SANTOS<\/td>\n<\/tr>\n<tr>\n<td style=\"width: 481px\">FILIPE HENRIQUE RAMOS<\/td>\n<\/tr>\n<tr>\n<td style=\"width: 481px\">GABRIEL DE CASTRO BARRETO<\/td>\n<\/tr>\n<tr>\n<td style=\"width: 481px\">GABRIELA BANDEIRA ORTIZ<\/td>\n<\/tr>\n<tr>\n<td style=\"width: 481px\">GLAUBER NODA VIEIRA<\/td>\n<\/tr>\n<tr>\n<td style=\"width: 481px\">GLAUCO SOARES PANTONI<\/td>\n<\/tr>\n<tr>\n<td style=\"width: 481px\">HELEN QUEVEDO NOVO TEIXEIRA<\/td>\n<\/tr>\n<tr>\n<td style=\"width: 481px\">HELENA R\u00d6PKE<\/td>\n<\/tr>\n<tr>\n<td style=\"width: 481px\">IGOR BARBOSA DA COSTA<\/td>\n<\/tr>\n<tr>\n<td style=\"width: 481px\">JANATAN VALAD\u00c3O SILVEIRA<\/td>\n<\/tr>\n<tr>\n<td style=\"width: 481px\">JEREMIAS ASAF DOS SANTOS BASSO<\/td>\n<\/tr>\n<tr>\n<td style=\"width: 481px\">JOSE ALISSON SILVA<\/td>\n<\/tr>\n<tr>\n<td style=\"width: 481px\">J\u00daLIA VEIGA DA SILVA<\/td>\n<\/tr>\n<tr>\n<td style=\"width: 481px\">JULIANA CORREA FERRO<\/td>\n<\/tr>\n<tr>\n<td style=\"width: 481px\">KAREN TAIANE MACHADO VARGAS<\/td>\n<\/tr>\n<tr>\n<td style=\"width: 481px\">LARISSA THA\u00cdS PREDIGER<\/td>\n<\/tr>\n<tr>\n<td style=\"width: 481px\">LARISSA TOMASCHEWSKI<\/td>\n<\/tr>\n<tr>\n<td style=\"width: 481px\">LOUISE QUEIROZ DA SILVA BEZERRA<\/td>\n<\/tr>\n<tr>\n<td style=\"width: 481px\">LUAI SAMI ABDEL AZIZ YOUSEF BAKRI<\/td>\n<\/tr>\n<tr>\n<td style=\"width: 481px\">LUCI MARA FABRES BORGES<\/td>\n<\/tr>\n<tr>\n<td style=\"width: 481px\">LUIS FELIPE BASSO<\/td>\n<\/tr>\n<tr>\n<td style=\"width: 481px\">LU\u00cdS FELIPE DIETRICH<\/td>\n<\/tr>\n<tr>\n<td style=\"width: 481px\">MAICON XAVIER SOARES<\/td>\n<\/tr>\n<tr>\n<td style=\"width: 481px\">MARCELO DOS SANTOS MULLET<\/td>\n<\/tr>\n<tr>\n<td style=\"width: 481px\">MARCO ANTONIO ALVES MONTEIRO FILHO<\/td>\n<\/tr>\n<tr>\n<td style=\"width: 481px\">MARIANA BACELO<\/td>\n<\/tr>\n<tr>\n<td style=\"width: 481px\">MARIANA PEREIRA MARQUES<\/td>\n<\/tr>\n<tr>\n<td style=\"width: 481px\">MATHEUS DUARTE QUADROS<\/td>\n<\/tr>\n<tr>\n<td style=\"width: 481px\">MATHEUS NAVA DOS SANTOS<\/td>\n<\/tr>\n<tr>\n<td style=\"width: 481px\">MATHEUS QUEVEDO DA SILVEIRA<\/td>\n<\/tr>\n<tr>\n<td style=\"width: 481px\">MAURICIO DOMINGUES OSORIO<\/td>\n<\/tr>\n<tr>\n<td style=\"width: 481px\">MAXIMILIAN CANEZ FERNANDES<\/td>\n<\/tr>\n<tr>\n<td style=\"width: 481px\">MICHELE VITORIA BASSI<\/td>\n<\/tr>\n<tr>\n<td style=\"width: 481px\">NAREL CABRAL OLIVEIRA<\/td>\n<\/tr>\n<tr>\n<td style=\"width: 481px\">NAT\u00c1LIA MESQUITA GOMES SILVEIRA<\/td>\n<\/tr>\n<tr>\n<td style=\"width: 481px\">NATALY IANE ANJOS OLIVEIRA<\/td>\n<\/tr>\n<tr>\n<td style=\"width: 481px\">NOEMI GIORGIANNI<\/td>\n<\/tr>\n<tr>\n<td style=\"width: 481px\">PABLO CRISTIAN VICONDO JUNIOR<\/td>\n<\/tr>\n<tr>\n<td style=\"width: 481px\">PEDRO AM\u00c9RICO PASSOS SERPA<\/td>\n<\/tr>\n<tr>\n<td style=\"width: 481px\">RAFAELA LEMES PORTO<\/td>\n<\/tr>\n<tr>\n<td style=\"width: 481px\">RODRIGO DE LAFORET PADILHA RAUPP<\/td>\n<\/tr>\n<tr>\n<td style=\"width: 481px\">SANDRA GOMES GUARINO<\/td>\n<\/tr>\n<tr>\n<td style=\"width: 481px\">SARAH MENDES LEDEBUHR<\/td>\n<\/tr>\n<tr>\n<td style=\"width: 481px\">SILVANA MANSKE NUNES<\/td>\n<\/tr>\n<tr>\n<td style=\"width: 481px\">SUELEN VIEIRA DA ROSA<\/td>\n<\/tr>\n<tr>\n<td style=\"width: 481px\">TAIANE DA CRUZ ROLIM<\/td>\n<\/tr>\n<tr>\n<td style=\"width: 481px\">TAYNARA MADEIRA DIAS<\/td>\n<\/tr>\n<tr>\n<td style=\"width: 481px\">THALIA DUARTE VASCONCELOS DA SILVA<\/td>\n<\/tr>\n<tr>\n<td style=\"width: 481px\">THALIA SILVA DE SOUZA<\/td>\n<\/tr>\n<tr>\n<td style=\"width: 481px\">THIAGO VIEIRA MACHADO<\/td>\n<\/tr>\n<tr>\n<td style=\"width: 481px\">WELINTON RAFAEL DA SILVA AMARAL<\/td>\n<\/tr>\n<tr>\n<td style=\"width: 481px\">WESLEY DA SILVA FERREIRA<\/td>\n<\/tr>\n<tr>\n<td style=\"width: 481px\">WILLIAM DIETRICH KLUG<\/td>\n<\/tr>\n<tr>\n<td style=\"width: 481px\">YASMIN TEREZA GLENZEL DE LIMA<\/td>\n<\/tr>\n<tr>\n<td style=\"width: 481px\">YULE SILVEIRA CARDOSO<\/td>\n<\/tr>\n<\/tbody>\n<\/table>\n<p>&nbsp;<\/p>\n<p><span style=\"color: #800000\"><strong>Turma para o M\u00f3dulo de Fun\u00e7\u00f5es (curso virtual)<\/strong><\/span><\/p>\n<table style=\"width: 485px\" width=\"340\">\n<tbody>\n<tr>\n<td style=\"width: 485px\" width=\"340\">ABIU VIEIRA GARCIA<\/td>\n<\/tr>\n<tr>\n<td style=\"width: 485px\">ADILSON CAMARGO PEREIRA<\/td>\n<\/tr>\n<tr>\n<td style=\"width: 485px\">ALEJANDRO TOMAS REYES ALBERONI<\/td>\n<\/tr>\n<tr>\n<td style=\"width: 485px\">ALESSANDRA MARTINS DE OLIVEIRA<\/td>\n<\/tr>\n<tr>\n<td style=\"width: 485px\">ALINE DE SOUZA MUNIZ<\/td>\n<\/tr>\n<tr>\n<td style=\"width: 485px\">ANA CAROLINA NUNES DA SILVA<\/td>\n<\/tr>\n<tr>\n<td style=\"width: 485px\">ANA MICAELA RODRIGUES PINHEIRO<\/td>\n<\/tr>\n<tr>\n<td style=\"width: 485px\">ANDRESSA DA COSTA TAVARES<\/td>\n<\/tr>\n<tr>\n<td style=\"width: 485px\">ANGELICA BUCHWEITZ JORGE<\/td>\n<\/tr>\n<tr>\n<td style=\"width: 485px\">BEATRIZ DOS SANTOS GOMES<\/td>\n<\/tr>\n<tr>\n<td style=\"width: 485px\">BERNARDO CASTRO SILVA<\/td>\n<\/tr>\n<tr>\n<td style=\"width: 485px\">BRUNA GABRIELLE LINS DE SOUZA UG\u00c1<\/td>\n<\/tr>\n<tr>\n<td style=\"width: 485px\">CARLOS EDUARDO OGLIARI PINTO<\/td>\n<\/tr>\n<tr>\n<td style=\"width: 485px\">CL\u00c1UDIO JOS\u00c9 BRAGA DE BITTENCOURT<\/td>\n<\/tr>\n<tr>\n<td style=\"width: 485px\">DANDARA IZABEL BAPTISTA COSTA<\/td>\n<\/tr>\n<tr>\n<td style=\"width: 485px\">DANIEL MARQUES DA SILVEIRA<\/td>\n<\/tr>\n<tr>\n<td style=\"width: 485px\">DANUBIA DUMMER DOS SANTOS<\/td>\n<\/tr>\n<tr>\n<td style=\"width: 485px\">DHAIARA NATSUMI DE CASTRO MACHIDA<\/td>\n<\/tr>\n<tr>\n<td style=\"width: 485px\">DIANA ROBERTS LOUREN\u00c7O BARRETO<\/td>\n<\/tr>\n<tr>\n<td style=\"width: 485px\">DIULIANA FONSECA DA FONSECA<\/td>\n<\/tr>\n<tr>\n<td style=\"width: 485px\">EDUARDA CAMEIS FREDA<\/td>\n<\/tr>\n<tr>\n<td style=\"width: 485px\">EDUARDA HARTWIG CENTENO<\/td>\n<\/tr>\n<tr>\n<td style=\"width: 485px\">ESTHER DA COSTA LESSA<\/td>\n<\/tr>\n<tr>\n<td style=\"width: 485px\">FABIO ACOSTA PERES<\/td>\n<\/tr>\n<tr>\n<td style=\"width: 485px\">FABIO DA SILVA IRIART<\/td>\n<\/tr>\n<tr>\n<td style=\"width: 485px\">FRANCIELLY LYRA SILVA<\/td>\n<\/tr>\n<tr>\n<td style=\"width: 485px\">FRANKLIN SALES DE OLIVEIRA<\/td>\n<\/tr>\n<tr>\n<td style=\"width: 485px\">GABRIELA RIBEIRO SILVEIRA DA SILVA<\/td>\n<\/tr>\n<tr>\n<td style=\"width: 485px\">GEOVANNA SOBRINHO PEREIRA<\/td>\n<\/tr>\n<tr>\n<td style=\"width: 485px\">GIOVANA PERGHER BOTTEGA<\/td>\n<\/tr>\n<tr>\n<td style=\"width: 485px\">GRACIELA BARBOSA VIANA<\/td>\n<\/tr>\n<tr>\n<td style=\"width: 485px\">GUSTAVO PERES BUZNELLO<\/td>\n<\/tr>\n<tr>\n<td style=\"width: 485px\">HELENIZE CALDERIPE VELEDA DA SILVA<\/td>\n<\/tr>\n<tr>\n<td style=\"width: 485px\">INGRID SANTOS CASTRO<\/td>\n<\/tr>\n<tr>\n<td style=\"width: 485px\">JO\u00c3O GUILHERME TREVISAN SPAGNOLLO<\/td>\n<\/tr>\n<tr>\n<td style=\"width: 485px\">JULIANA PINTO VILELA<\/td>\n<\/tr>\n<tr>\n<td style=\"width: 485px\">JULIANA PORCIUNCULA DA SILVA<\/td>\n<\/tr>\n<tr>\n<td style=\"width: 485px\">KAWE HENRIQUE ANDRADE HILARIO<\/td>\n<\/tr>\n<tr>\n<td style=\"width: 485px\">KEIMILLY MAKIELLY DA SILVA ROSA<\/td>\n<\/tr>\n<tr>\n<td style=\"width: 485px\">LARISSA DE LIMA MATEUS<\/td>\n<\/tr>\n<tr>\n<td style=\"width: 485px\">LORENZO CONCEI\u00c7\u00c3O LIMA VALENTR<\/td>\n<\/tr>\n<tr>\n<td style=\"width: 485px\">LUCIANO LOPES KABKE<\/td>\n<\/tr>\n<tr>\n<td style=\"width: 485px\">MARCELO AUGUSTO PEGORARO ETCHEVERRIA<\/td>\n<\/tr>\n<tr>\n<td style=\"width: 485px\">MARCIO ALEXANDRE ANTUNES REINEHR<\/td>\n<\/tr>\n<tr>\n<td style=\"width: 485px\">MARIA CAROLINE FERNANDES NACHTIGALL<\/td>\n<\/tr>\n<tr>\n<td style=\"width: 485px\">MILENA ANDRETTI PIANA<\/td>\n<\/tr>\n<tr>\n<td style=\"width: 485px\">MILENA DA SILVA E SILVA<\/td>\n<\/tr>\n<tr>\n<td style=\"width: 485px\">NELITIANE SOARES DOS SANTOS<\/td>\n<\/tr>\n<tr>\n<td style=\"width: 485px\">NOELY ROSA MARIA PEREZ DE<\/td>\n<\/tr>\n<tr>\n<td style=\"width: 485px\">PABLO DE OLIVEIRA PEREIRA<\/td>\n<\/tr>\n<tr>\n<td style=\"width: 485px\">PALOMA CARDOSO PEDROSO<\/td>\n<\/tr>\n<tr>\n<td style=\"width: 485px\">PRISCILA DA SILVEIRA MOREIRA<\/td>\n<\/tr>\n<tr>\n<td style=\"width: 485px\">RAFAEL OLIVEIRA ALVES<\/td>\n<\/tr>\n<tr>\n<td style=\"width: 485px\">RAFAELA DE FREITAS RODRIGUES MENGUE DIMER<\/td>\n<\/tr>\n<tr>\n<td style=\"width: 485px\">STEFANI LOUISE DE ALVARENGA COSTATO<\/td>\n<\/tr>\n<tr>\n<td style=\"width: 485px\">STELA MARI MENEGHELLO GHELLER<\/td>\n<\/tr>\n<tr>\n<td style=\"width: 485px\">STEVEN BHEN YANNICK KIMBEMBE<\/td>\n<\/tr>\n<tr>\n<td style=\"width: 485px\">TALIANA TRONCO<\/td>\n<\/tr>\n<tr>\n<td style=\"width: 485px\">TIAGO FERREIRA MACHADO<\/td>\n<\/tr>\n<tr>\n<td style=\"width: 485px\">TIELEN ESLAB\u00c3O MORAES<\/td>\n<\/tr>\n<tr>\n<td style=\"width: 485px\">UILLIAM DA FONSECA ESCOUTO<\/td>\n<\/tr>\n<tr>\n<td style=\"width: 485px\">VICTORIA CAROLINE DOS SANTOS OLIVEIRA<\/td>\n<\/tr>\n<tr>\n<td style=\"width: 485px\">VITOR DA CRUZ FUENTES<\/td>\n<\/tr>\n<tr>\n<td style=\"width: 485px\">VIT\u00d3RIA COSTA TRINDADE<\/td>\n<\/tr>\n<tr>\n<td style=\"width: 485px\">VIT\u00d3RIA RIBEIRO BARBOSA<\/td>\n<\/tr>\n<tr>\n<td style=\"width: 485px\">VITORIO GRIEP MANCINI KNEIP<\/td>\n<\/tr>\n<tr>\n<td style=\"width: 485px\">WILLIAM AIRES PETERS<\/td>\n<\/tr>\n<tr>\n<td style=\"width: 485px\">WILLIAM BIERHALS<\/td>\n<\/tr>\n<tr>\n<td style=\"width: 485px\">YASMIN RIBEIRO BARBOSA<\/td>\n<\/tr>\n<tr>\n<td style=\"width: 485px\">YURE RODRIGUES NUNES<\/td>\n<\/tr>\n<\/tbody>\n<\/table>\n<p>&nbsp;<\/p>\n","protected":false},"excerpt":{"rendered":"<p>In\u00edcio do curso: 15\/06\/20. Maiores informa\u00e7\u00f5es ser\u00e3o enviadas para o email cadastrado no ato da inscri\u00e7\u00e3o &nbsp; Turma para o M\u00f3dulo de Matem\u00e1tica B\u00e1sica (curso virtual) ADRIAN NEI RODRIGUES DOS [&hellip;]<\/p>\n","protected":false},"author":437,"featured_media":0,"comment_status":"closed","ping_status":"closed","sticky":false,"template":"","format":"standard","meta":{"jetpack_post_was_ever_published":false,"_jetpack_newsletter_access":"","_jetpack_dont_email_post_to_subs":false,"_jetpack_newsletter_tier_id":0,"_jetpack_memberships_contains_paywalled_content":false,"_jetpack_memberships_contains_paid_content":false,"footnotes":"","jetpack_publicize_message":"","jetpack_publicize_feature_enabled":true,"jetpack_social_post_already_shared":true,"jetpack_social_options":{"image_generator_settings":{"template":"highway","default_image_id":0,"font":"","enabled":false},"version":2}},"categories":[18],"tags":[],"class_list":["post-4120","post","type-post","status-publish","format-standard","hentry","category-inicio-inicio"],"jetpack_publicize_connections":[],"jetpack_featured_media_url":"","jetpack_sharing_enabled":true,"jetpack_shortlink":"https:\/\/wp.me\/p6Slop-14s","_links":{"self":[{"href":"https:\/\/wp.ufpel.edu.br\/projetogama\/wp-json\/wp\/v2\/posts\/4120","targetHints":{"allow":["GET"]}}],"collection":[{"href":"https:\/\/wp.ufpel.edu.br\/projetogama\/wp-json\/wp\/v2\/posts"}],"about":[{"href":"https:\/\/wp.ufpel.edu.br\/projetogama\/wp-json\/wp\/v2\/types\/post"}],"author":[{"embeddable":true,"href":"https:\/\/wp.ufpel.edu.br\/projetogama\/wp-json\/wp\/v2\/users\/437"}],"replies":[{"embeddable":true,"href":"https:\/\/wp.ufpel.edu.br\/projetogama\/wp-json\/wp\/v2\/comments?post=4120"}],"version-history":[{"count":2,"href":"https:\/\/wp.ufpel.edu.br\/projetogama\/wp-json\/wp\/v2\/posts\/4120\/revisions"}],"predecessor-version":[{"id":4123,"href":"https:\/\/wp.ufpel.edu.br\/projetogama\/wp-json\/wp\/v2\/posts\/4120\/revisions\/4123"}],"wp:attachment":[{"href":"https:\/\/wp.ufpel.edu.br\/projetogama\/wp-json\/wp\/v2\/media?parent=4120"}],"wp:term":[{"taxonomy":"category","embeddable":true,"href":"https:\/\/wp.ufpel.edu.br\/projetogama\/wp-json\/wp\/v2\/categories?post=4120"},{"taxonomy":"post_tag","embeddable":true,"href":"https:\/\/wp.ufpel.edu.br\/projetogama\/wp-json\/wp\/v2\/tags?post=4120"}],"curies":[{"name":"wp","href":"https:\/\/api.w.org\/{rel}","templated":true}]}}