{"id":4005,"date":"2020-03-12T15:20:42","date_gmt":"2020-03-12T18:20:42","guid":{"rendered":"https:\/\/wp.ufpel.edu.br\/projetogama\/?p=4005"},"modified":"2020-05-26T09:09:27","modified_gmt":"2020-05-26T12:09:27","slug":"novas-turmas-do-projeto-gama-2","status":"publish","type":"post","link":"https:\/\/wp.ufpel.edu.br\/projetogama\/2020\/03\/12\/novas-turmas-do-projeto-gama-2\/","title":{"rendered":"Novas turmas do projeto GAMA"},"content":{"rendered":"<p style=\"text-align: center\"><span style=\"color: #800000\"><b>\u00a0Rela\u00e7\u00e3o de turmas<\/b><\/span><\/p>\n<p><span style=\"color: #800000\"><strong>Local das aulas: <\/strong><\/span><span style=\"color: #000000\">IFSUL &#8211; Campus Pelotas (a sala para cada turma ser\u00e1 informada na portaria).<\/span><\/p>\n<p><span style=\"color: #800000\"><strong>Dias das aulas:<\/strong> <span style=\"color: #000000\">14\/03, 21\/03 e 28\/03.<\/span><\/span><\/p>\n<p><strong><span style=\"color: #800000\">Aten\u00e7\u00e3o:<\/span> <\/strong><\/p>\n<p>1) Leve um documento de identifica\u00e7\u00e3o com foto.<\/p>\n<p>&nbsp;<\/p>\n<p style=\"text-align: center\"><span style=\"color: #800000\"><strong>M\u00f3dulo de Matem\u00e1tica B\u00e1sica<\/strong><\/span><\/p>\n<p><strong><span style=\"color: #800000\">Turma 01<\/span><\/strong> &#8211; <span style=\"color: #000000\">das 08:00 \u00e0s 12:00<\/span><\/p>\n<table width=\"712\">\n<tbody>\n<tr>\n<td width=\"308\"><strong>NOME<\/strong><\/td>\n<\/tr>\n<tr>\n<td width=\"308\">ABDEL AZIZ SAMI YOUSEF BAKRI<\/td>\n<\/tr>\n<tr>\n<td width=\"308\">ADRIANE VIEIRA GRIMM<\/td>\n<\/tr>\n<tr>\n<td width=\"308\">Ana Camila larroza Pedrozzo<\/td>\n<\/tr>\n<tr>\n<td width=\"308\">ANA CLAUDIA ROSSAL CARDOSO<\/td>\n<\/tr>\n<tr>\n<td width=\"308\">ANG\u00c9LICA BUCHWEITZ JORGE<\/td>\n<\/tr>\n<tr>\n<td width=\"308\">Anita Dutra Vieira<\/td>\n<\/tr>\n<tr>\n<td width=\"308\">Brenda Mendes De Ara\u00fajo<\/td>\n<\/tr>\n<tr>\n<td width=\"308\">Brunn Avila do Nascimento<\/td>\n<\/tr>\n<tr>\n<td width=\"308\">BRUNO DE JESUS RODRIGUES DA ROCHA<\/td>\n<\/tr>\n<tr>\n<td width=\"308\">CAROLINA GARCIA CARDOSO<\/td>\n<\/tr>\n<tr>\n<td width=\"308\">CIBELE GON\u00c7ALVES MORALES<\/td>\n<\/tr>\n<tr>\n<td width=\"308\">Claudia dos Santos Claudio<\/td>\n<\/tr>\n<tr>\n<td width=\"308\">DANIEL MARQUES DA SILVEIRA<\/td>\n<\/tr>\n<tr>\n<td width=\"308\">DIEGO EBERSOL DE CARVALHO<\/td>\n<\/tr>\n<tr>\n<td width=\"308\">Diego nascimento da Costa<\/td>\n<\/tr>\n<tr>\n<td width=\"308\">Fabiana Fernandes dos Santos<\/td>\n<\/tr>\n<tr>\n<td width=\"308\">FERNANDA SOUZA BORGES<\/td>\n<\/tr>\n<tr>\n<td width=\"308\">flavio alessandro silveira do carmo<\/td>\n<\/tr>\n<tr>\n<td width=\"308\">GABRIEL DA SILVA PASSOS<\/td>\n<\/tr>\n<tr>\n<td width=\"308\">Gabriel Delgado<\/td>\n<\/tr>\n<tr>\n<td width=\"308\">GABRIEL MEIRELES SCHUG<\/td>\n<\/tr>\n<tr>\n<td width=\"308\">Gabriele Olivia Cursino<\/td>\n<\/tr>\n<tr>\n<td width=\"308\">Gabrielly Campelo Garcia<\/td>\n<\/tr>\n<tr>\n<td width=\"308\">Gr\u00e9gory Johnsonn Kolosque Pl\u00e1<\/td>\n<\/tr>\n<tr>\n<td width=\"308\">GUILHERME GARCIA MENDES<\/td>\n<\/tr>\n<tr>\n<td width=\"308\">Helen Quevedo Novo Teixeira<\/td>\n<\/tr>\n<tr>\n<td width=\"308\">Henrique Borba Ferro<\/td>\n<\/tr>\n<tr>\n<td width=\"308\">HENRIQUE V\u00d6LZ<\/td>\n<\/tr>\n<tr>\n<td width=\"308\">Isabela de Lima Oliveira<\/td>\n<\/tr>\n<tr>\n<td width=\"308\">Jo\u00e3o Iglesias Ferracini da Silva<\/td>\n<\/tr>\n<tr>\n<td width=\"308\">JOAQUIM GUILHERME STRELOW FERREIRA DA SILVA<\/td>\n<\/tr>\n<tr>\n<td width=\"308\">Juliana Crizel Lima<\/td>\n<\/tr>\n<tr>\n<td width=\"308\">JULIANO SOUZA MENDES<\/td>\n<\/tr>\n<tr>\n<td width=\"308\">Lana Borges Castro<\/td>\n<\/tr>\n<tr>\n<td width=\"308\">LARA ZANETTI PATELLA<\/td>\n<\/tr>\n<tr>\n<td width=\"308\">LARISSA R\u00d6PKE DUARTE<\/td>\n<\/tr>\n<tr>\n<td width=\"308\">LAURA SEVERO SILVEIRA<\/td>\n<\/tr>\n<tr>\n<td width=\"308\">LU\u00c3 RODRIGUES SILVEIRA<\/td>\n<\/tr>\n<tr>\n<td width=\"308\">luai sami abdel aziz yousef bakri<\/td>\n<\/tr>\n<tr>\n<td width=\"308\">Luana Cristina Hornke<\/td>\n<\/tr>\n<tr>\n<td width=\"308\">Luciana De Avila Castro<\/td>\n<\/tr>\n<tr>\n<td width=\"308\">Luciana De Avila Castro<\/td>\n<\/tr>\n<tr>\n<td width=\"308\">LURIAN CARDOSO DA SILVA<\/td>\n<\/tr>\n<tr>\n<td width=\"308\">Maicon Xavier Soares<\/td>\n<\/tr>\n<tr>\n<td width=\"308\">Marcela Plamer Larrossa<\/td>\n<\/tr>\n<tr>\n<td width=\"308\">MARCELO DOS SANTOS MULLET<\/td>\n<\/tr>\n<tr>\n<td width=\"308\">Marcio Alexandre Antunes Reinehr<\/td>\n<\/tr>\n<tr>\n<td width=\"308\">MARIA ADRIANE FERNANDES GARCIA<\/td>\n<\/tr>\n<tr>\n<td width=\"308\">Mariana dos Santos Borges<\/td>\n<\/tr>\n<tr>\n<td width=\"308\">Mariana Martins de Oliveira<\/td>\n<\/tr>\n<tr>\n<td width=\"308\">MATHEUS CALVI GUSI<\/td>\n<\/tr>\n<tr>\n<td width=\"308\">Matheus oliveira gomes<\/td>\n<\/tr>\n<tr>\n<td width=\"308\">MATHEUS PEREIRA SALDANHA<\/td>\n<\/tr>\n<tr>\n<td width=\"308\">Misael Botelho Lima<\/td>\n<\/tr>\n<tr>\n<td width=\"308\">Monique Klumb<\/td>\n<\/tr>\n<tr>\n<td width=\"308\">PEDRO VESTENA ZILLMER<\/td>\n<\/tr>\n<tr>\n<td width=\"308\">priscila dos santos silva da silva<\/td>\n<\/tr>\n<tr>\n<td width=\"308\">Rafael Rodrigues Bitencourte<\/td>\n<\/tr>\n<tr>\n<td width=\"308\">RAFAELA CAMINHA LUCHE<\/td>\n<\/tr>\n<tr>\n<td width=\"308\">RICELYEISFELDNUNES<\/td>\n<\/tr>\n<tr>\n<td width=\"308\">SAMANTA DE OLIVEIRA<\/td>\n<\/tr>\n<tr>\n<td width=\"308\">Sandro Marion avila de Lima<\/td>\n<\/tr>\n<tr>\n<td width=\"308\">SARAH VIEIRA DA SILVA<\/td>\n<\/tr>\n<tr>\n<td width=\"308\">Schayane Bender Osterberg<\/td>\n<\/tr>\n<tr>\n<td width=\"308\">Tairo Silveira Gomes<\/td>\n<\/tr>\n<tr>\n<td width=\"308\">TALIANA TRONCO<\/td>\n<\/tr>\n<tr>\n<td width=\"308\">TAYNARA MADEIRA DIAS<\/td>\n<\/tr>\n<tr>\n<td width=\"308\">THAIS MARINI DA ROSA<\/td>\n<\/tr>\n<tr>\n<td width=\"308\">Tielen Moraes<\/td>\n<\/tr>\n<tr>\n<td width=\"308\">Valentina da Silva Fernandes<\/td>\n<\/tr>\n<tr>\n<td width=\"308\">vandrei salvador<\/td>\n<\/tr>\n<tr>\n<td width=\"308\">Victor da Costa Teixeira<\/td>\n<\/tr>\n<tr>\n<td width=\"308\">Vinicius Pereira Dias<\/td>\n<\/tr>\n<tr>\n<td width=\"308\">VIT\u00d3RIA RODRIGUES DA SILVA<\/td>\n<\/tr>\n<tr>\n<td width=\"308\">William claker novo<\/td>\n<\/tr>\n<\/tbody>\n<\/table>\n<p>&nbsp;<\/p>\n<p><strong><span style=\"color: #800000\">Turma 02<\/span><\/strong>\u00a0&#8211; <span style=\"color: #000000\">das 14:00 \u00e0s 18:00<\/span><\/p>\n<table width=\"712\">\n<tbody>\n<tr>\n<td width=\"308\"><strong>NOME<\/strong><\/td>\n<\/tr>\n<tr>\n<td width=\"308\">AVILA FERREIRA DE SOUSA<\/td>\n<\/tr>\n<tr>\n<td width=\"308\">Brenda Soares Dias<\/td>\n<\/tr>\n<tr>\n<td width=\"308\">Bruno Santos Noguez<\/td>\n<\/tr>\n<tr>\n<td width=\"308\">CLAITON SARAIVA DORNELES<\/td>\n<\/tr>\n<tr>\n<td width=\"308\">Claudia de Jesus Azambuja<\/td>\n<\/tr>\n<tr>\n<td width=\"308\">Claudia dos Santos Claudio<\/td>\n<\/tr>\n<tr>\n<td width=\"308\">DAIANE DA FONSECA ROMER<\/td>\n<\/tr>\n<tr>\n<td width=\"308\">Daniel Varela Lezica Junior<\/td>\n<\/tr>\n<tr>\n<td width=\"308\">DIANE TAVEIRA ANDRADE FIGUEIREDO<\/td>\n<\/tr>\n<tr>\n<td width=\"308\">ELISABETE SILVA DE LIMA<\/td>\n<\/tr>\n<tr>\n<td width=\"308\">Felipe Roschildt Baz<\/td>\n<\/tr>\n<tr>\n<td width=\"308\">Fernando Ribeiro Oll\u00e9<\/td>\n<\/tr>\n<tr>\n<td width=\"308\">FRANCIELE PEDROSO NUNES<\/td>\n<\/tr>\n<tr>\n<td width=\"308\">Franciele Silva de Jesus<\/td>\n<\/tr>\n<tr>\n<td width=\"308\">GABRIEL DA SILVA PASSOS<\/td>\n<\/tr>\n<tr>\n<td width=\"308\">HENRIQUE DA CRUZ DE ANDRADES<\/td>\n<\/tr>\n<tr>\n<td width=\"308\">JEFFERSON HENRIQUE FIGUEIREDO<\/td>\n<\/tr>\n<tr>\n<td width=\"308\">LARISSA MAIA SCHMIDT<\/td>\n<\/tr>\n<tr>\n<td width=\"308\">LENARA CARVALHO DE OLIVEIRA<\/td>\n<\/tr>\n<tr>\n<td width=\"308\">LET\u00cdCIA GOMES PORTO<\/td>\n<\/tr>\n<tr>\n<td width=\"308\">LU\u00c3 RODRIGUES SILVEIRA<\/td>\n<\/tr>\n<tr>\n<td width=\"308\">MARCO ANTONIO ALVES MONTEIRO FILHO<\/td>\n<\/tr>\n<tr>\n<td width=\"308\">MARIA CRISTINA PEREIRA DOS SANTOS<\/td>\n<\/tr>\n<tr>\n<td width=\"308\">MARINA COELHO LEM\u00d5ES<\/td>\n<\/tr>\n<tr>\n<td width=\"308\">Marina de Oliveira Rosa<\/td>\n<\/tr>\n<tr>\n<td width=\"308\">MATHEUS CALVI GUSI<\/td>\n<\/tr>\n<tr>\n<td width=\"308\">MICKE MENDES DE SOUZA<\/td>\n<\/tr>\n<tr>\n<td width=\"308\">NAT\u00c1LIA OLIVEIRA COELHO<\/td>\n<\/tr>\n<tr>\n<td width=\"308\">Renata Fonseca Vergara dos Santos<\/td>\n<\/tr>\n<tr>\n<td width=\"308\">Ricely Eisfeld Nunes<\/td>\n<\/tr>\n<tr>\n<td width=\"308\">RODRIGO DA ROZA MACHADO<\/td>\n<\/tr>\n<tr>\n<td width=\"308\">STEFANNIE BUSS DA FONSECA<\/td>\n<\/tr>\n<tr>\n<td width=\"308\">Suzen Mohamad Baja<\/td>\n<\/tr>\n<tr>\n<td width=\"308\">thaliana bilhalva sampaio<\/td>\n<\/tr>\n<tr>\n<td width=\"308\">XAIANE BOBADILHA LIMA<\/td>\n<\/tr>\n<tr>\n<td width=\"308\">YURE RODRIGUES NUNES<\/td>\n<\/tr>\n<\/tbody>\n<\/table>\n<p>&nbsp;<\/p>\n<p style=\"text-align: center\"><span style=\"color: #800000\"><strong>M\u00f3dulo de Fun\u00e7\u00f5es<\/strong><\/span><\/p>\n<p><strong><span style=\"color: #800000\">Turma \u00fanica<\/span><\/strong>\u00a0&#8211; <span style=\"color: #000000\">das 08:00 \u00e0s 12:00<\/span><\/p>\n<table width=\"712\">\n<tbody>\n<tr>\n<td width=\"308\"><strong>NOME<\/strong><\/td>\n<\/tr>\n<tr>\n<td width=\"308\">ANA CAROLINA CAMISA CONCEI\u00c7\u00c3O<\/td>\n<\/tr>\n<tr>\n<td width=\"308\">ANG\u00c9LICA BUCHWEITZ JORGE<\/td>\n<\/tr>\n<tr>\n<td width=\"308\">ANTONIO LUIZ VASCONCELLOS DIAS<\/td>\n<\/tr>\n<tr>\n<td width=\"308\">Bernardo Castro Silva<\/td>\n<\/tr>\n<tr>\n<td width=\"308\">Camila Garcia Gon\u00e7alves<\/td>\n<\/tr>\n<tr>\n<td width=\"308\">CARINE DEGANI CARDOZO DE AGUIAR DA SILVA<\/td>\n<\/tr>\n<tr>\n<td width=\"308\">CHEIRLI DOS SANTOS MATOS OLIVEIRA<\/td>\n<\/tr>\n<tr>\n<td width=\"308\">CRISTIELY SCHUCH DALBEM<\/td>\n<\/tr>\n<tr>\n<td width=\"308\">D\u00c9BORA GON\u00c7ALVES DE \u00c1VILA<\/td>\n<\/tr>\n<tr>\n<td width=\"308\">DIEGO LEMOS JESKE<\/td>\n<\/tr>\n<tr>\n<td width=\"308\">EDUARDA MARCILI LEMONS<\/td>\n<\/tr>\n<tr>\n<td width=\"308\">EDUARDA SILVA FARIAS<\/td>\n<\/tr>\n<tr>\n<td width=\"308\">Eduardo Ferreira da Silva<\/td>\n<\/tr>\n<tr>\n<td width=\"308\">FABIANA BRAGA DA SILVA<\/td>\n<\/tr>\n<tr>\n<td width=\"308\">Fernanda dos Santos Foster<\/td>\n<\/tr>\n<tr>\n<td width=\"308\">GABRIEL OLIVEIRA CARRILHOS<\/td>\n<\/tr>\n<tr>\n<td width=\"308\">GEOVANNA SOBRINHO PEREIRA<\/td>\n<\/tr>\n<tr>\n<td width=\"308\">Glauber Martins Niemeier<\/td>\n<\/tr>\n<tr>\n<td width=\"308\">GUSTAVO SAMPAIO MOHNSAM<\/td>\n<\/tr>\n<tr>\n<td width=\"308\">HELIO JUNNIOR SARTOR DALMOLIN<\/td>\n<\/tr>\n<tr>\n<td width=\"308\">HENRIQUE TAVARES RUOSO<\/td>\n<\/tr>\n<tr>\n<td width=\"308\">\u00cdsis Cortez<\/td>\n<\/tr>\n<tr>\n<td width=\"308\">Izabel Cristina de Quadros Segovia<\/td>\n<\/tr>\n<tr>\n<td width=\"308\">JADE CARVALHO MARQUES<\/td>\n<\/tr>\n<tr>\n<td width=\"308\">JHULYANA CAMPOS CARDOSO<\/td>\n<\/tr>\n<tr>\n<td width=\"308\">Jo\u00e3o Paulo Teixeira Vieira<\/td>\n<\/tr>\n<tr>\n<td width=\"308\">Jo\u00e3o V\u00edtor Dias Wasquevite<\/td>\n<\/tr>\n<tr>\n<td width=\"308\">Jordano Conter Pereira<\/td>\n<\/tr>\n<tr>\n<td width=\"308\">J\u00daLIO C\u00c9SAR DA SILVA GAIGER<\/td>\n<\/tr>\n<tr>\n<td width=\"308\">Kawe Henrique Andrade Hilario<\/td>\n<\/tr>\n<tr>\n<td width=\"308\">Kethlyn Da Rosa Oliveira<\/td>\n<\/tr>\n<tr>\n<td width=\"308\">LUANA DOS SANTOS CRUZ<\/td>\n<\/tr>\n<tr>\n<td width=\"308\">LUCAS RODENBUSCH DA COSTA<\/td>\n<\/tr>\n<tr>\n<td width=\"308\">Ma\u00edra Eduarda Ambr\u00f3s Tolfo<\/td>\n<\/tr>\n<tr>\n<td width=\"308\">MARIA EDUARDA PONTES DE MORARS<\/td>\n<\/tr>\n<tr>\n<td width=\"308\">Mariana salbego franco<\/td>\n<\/tr>\n<tr>\n<td width=\"308\">Marlos Peverada Jaques<\/td>\n<\/tr>\n<tr>\n<td width=\"308\">Matheus Andrei Moura de Souza<\/td>\n<\/tr>\n<tr>\n<td width=\"308\">MOARA DE CARDOZO DAQUINO<\/td>\n<\/tr>\n<tr>\n<td width=\"308\">NATAN CARDOSO DA SILVA<\/td>\n<\/tr>\n<tr>\n<td width=\"308\">Nelitiane Soares dos Santos<\/td>\n<\/tr>\n<tr>\n<td width=\"308\">NOELY ROSA MAR\u00cdA PEREZ BRITO<\/td>\n<\/tr>\n<tr>\n<td width=\"308\">NOELY ROSA MAR\u00cdA P\u00c9REZ BRITO<\/td>\n<\/tr>\n<tr>\n<td width=\"308\">Paulo Fernando Fabricio Junior<\/td>\n<\/tr>\n<tr>\n<td width=\"308\">RAFAEL DE AVILA TAVARES<\/td>\n<\/tr>\n<tr>\n<td width=\"308\">rafael oliveira alves<\/td>\n<\/tr>\n<tr>\n<td width=\"308\">RAISSA BEIERSDORF SPIERING<\/td>\n<\/tr>\n<tr>\n<td width=\"308\">Rodrigo de Souza Passos<\/td>\n<\/tr>\n<tr>\n<td width=\"308\">RODRIGO DOS SANTOS MARTINEZ<\/td>\n<\/tr>\n<tr>\n<td width=\"308\">STEFANI LOUISE DE ALVARENGA COSTATO<\/td>\n<\/tr>\n<tr>\n<td width=\"308\">STHEFANI VICT\u00d3RIA RITTER PEGLOW<\/td>\n<\/tr>\n<tr>\n<td width=\"308\">TAYNARA MADEIRA DIAS<\/td>\n<\/tr>\n<tr>\n<td width=\"308\">Victor Porto Burgu\u00eaz<\/td>\n<\/tr>\n<tr>\n<td width=\"308\">Vinicius Ferrucci Taveiros<\/td>\n<\/tr>\n<tr>\n<td width=\"308\">VINICIUS JOSE ROSA<\/td>\n<\/tr>\n<tr>\n<td width=\"308\">VITOR DA CRUZ FUENTES<\/td>\n<\/tr>\n<tr>\n<td width=\"308\">William Bierhals<\/td>\n<\/tr>\n<tr>\n<td width=\"308\">Willian Rodrigues Barbosa<\/td>\n<\/tr>\n<tr>\n<td width=\"308\">YURI VARGAS OLIVEIRA<\/td>\n<\/tr>\n<\/tbody>\n<\/table>\n<p>&nbsp;<\/p>\n<p style=\"text-align: center\"><span style=\"color: #800000\"><strong>M\u00f3dulo de Fun\u00e7\u00f5es Trigonom\u00e9tricas, Exponenciais e Logar\u00edtmicas<\/strong><\/span><\/p>\n<p><strong><span style=\"color: #800000\">Turma \u00fanica<\/span><\/strong>\u00a0&#8211; <span style=\"color: #000000\">das 14:00 \u00e0s 18:00<\/span><\/p>\n<table width=\"712\">\n<tbody>\n<tr>\n<td width=\"308\"><strong>NOME<\/strong><\/td>\n<\/tr>\n<tr>\n<td width=\"308\">ADILSON CAMARGO PEREIRA<\/td>\n<\/tr>\n<tr>\n<td width=\"308\">ALEXANDER JOS\u00c9 DE SENA<\/td>\n<\/tr>\n<tr>\n<td width=\"308\">ALLAN EDUARDO FLORES GODOI FERREIRA<\/td>\n<\/tr>\n<tr>\n<td width=\"308\">ALYSSON SILVEIRA PEREIRA<\/td>\n<\/tr>\n<tr>\n<td width=\"308\">Ana Camila Larroza Pedrozzo<\/td>\n<\/tr>\n<tr>\n<td width=\"308\">Ana Clara Freire Batista<\/td>\n<\/tr>\n<tr>\n<td width=\"308\">ANA GABRIELA WONS<\/td>\n<\/tr>\n<tr>\n<td width=\"308\">ANDRESSA CAROLINE DE LIMA<\/td>\n<\/tr>\n<tr>\n<td width=\"308\">ANDRESSA SILVA DA CRUZ<\/td>\n<\/tr>\n<tr>\n<td width=\"308\">Caroline Kruschardt Bergmann Rolim<\/td>\n<\/tr>\n<tr>\n<td width=\"308\">CAROLINE XAVIER CAMARGO<\/td>\n<\/tr>\n<tr>\n<td width=\"308\">CLARA PEIXOTO COSTA<\/td>\n<\/tr>\n<tr>\n<td width=\"308\">CRISTIAN BORBA DA SILVEIRA<\/td>\n<\/tr>\n<tr>\n<td width=\"308\">CRISTIELY SCHUCH DALBEM<\/td>\n<\/tr>\n<tr>\n<td width=\"308\">Daniel Bonotto Basso<\/td>\n<\/tr>\n<tr>\n<td width=\"308\">DAVI GON\u00c7ALVES SOUSA<\/td>\n<\/tr>\n<tr>\n<td width=\"308\">D\u00c9BORA GON\u00c7ALVES DE AVILA<\/td>\n<\/tr>\n<tr>\n<td width=\"308\">Eduarda Silva Farias<\/td>\n<\/tr>\n<tr>\n<td width=\"308\">Emily Letiele de Matos da Silva<\/td>\n<\/tr>\n<tr>\n<td width=\"308\">ESTHER DA COSTA LESSA<\/td>\n<\/tr>\n<tr>\n<td width=\"308\">FABRICIO DIAS SOARES<\/td>\n<\/tr>\n<tr>\n<td width=\"308\">Felipe Pinho Rosa<\/td>\n<\/tr>\n<tr>\n<td width=\"308\">Franciele Silva de Jesus<\/td>\n<\/tr>\n<tr>\n<td width=\"308\">GABRIEL CHAVIEL LHULLIER<\/td>\n<\/tr>\n<tr>\n<td width=\"308\">GABRIELA HOFFMEISTER<\/td>\n<\/tr>\n<tr>\n<td width=\"308\">GERSON LEITE DE MENEZES<\/td>\n<\/tr>\n<tr>\n<td width=\"308\">GLADISTONE GUIMAR\u00c3ES PEREIRA JUNIOR<\/td>\n<\/tr>\n<tr>\n<td width=\"308\">GUILHERME ANDRADE HARTWIG<\/td>\n<\/tr>\n<tr>\n<td width=\"308\">Guilherme Felipe Pires<\/td>\n<\/tr>\n<tr>\n<td width=\"308\">GUILHERME SILVA TAYLON FERREIRA<\/td>\n<\/tr>\n<tr>\n<td width=\"308\">HELIO JUNNIOR SARTOR DALMOLIN<\/td>\n<\/tr>\n<tr>\n<td width=\"308\">HENRIQUE TAVARES RUOSO<\/td>\n<\/tr>\n<tr>\n<td width=\"308\">HERNESTO RAM\u00c3O MU\u00d1OZ<\/td>\n<\/tr>\n<tr>\n<td width=\"308\">JENNIFER THAIN\u00c1 DA SILVA TAVARES<\/td>\n<\/tr>\n<tr>\n<td width=\"308\">JOAO ANTONIO NEVES SOARES<\/td>\n<\/tr>\n<tr>\n<td width=\"308\">Jo\u00e3o Pedro Fernandes Vilarino<\/td>\n<\/tr>\n<tr>\n<td width=\"308\">JO\u00c3O PEDRO PINHO DE SOUZA<\/td>\n<\/tr>\n<tr>\n<td width=\"308\">JOAO VITOR DIAS CAMPANI<\/td>\n<\/tr>\n<tr>\n<td width=\"308\">JO\u00c3O V\u00cdTOR DIAS WASQUEVITE<\/td>\n<\/tr>\n<tr>\n<td width=\"308\">JULIA BUENO DA ROSA<\/td>\n<\/tr>\n<tr>\n<td width=\"308\">Juliana Luiza da Silva Tavares<\/td>\n<\/tr>\n<tr>\n<td width=\"308\">Juliana Pinto Vilela<\/td>\n<\/tr>\n<tr>\n<td width=\"308\">KEIMILLY MAKIELLY DA SILVA ROSA<\/td>\n<\/tr>\n<tr>\n<td width=\"308\">LA\u00cdNE BENGO SOARES ROSALES<\/td>\n<\/tr>\n<tr>\n<td width=\"308\">LAURA ADAMOLI BARBOSA<\/td>\n<\/tr>\n<tr>\n<td width=\"308\">LEANDRO DE CARVALHO OLIVEIRA<\/td>\n<\/tr>\n<tr>\n<td width=\"308\">Leticia barros dias soares<\/td>\n<\/tr>\n<tr>\n<td width=\"308\">L\u00edvia Sofia Amorim<\/td>\n<\/tr>\n<tr>\n<td width=\"308\">Louise Queiroz da Silva Bezerra<\/td>\n<\/tr>\n<tr>\n<td width=\"308\">Luana Fran\u00e7a seling<\/td>\n<\/tr>\n<tr>\n<td width=\"308\">Lucas Bismara Faria<\/td>\n<\/tr>\n<tr>\n<td width=\"308\">Lucas dos Santos Pereira Vieira<\/td>\n<\/tr>\n<tr>\n<td width=\"308\">LUDMILA CALCAGNO COUTO<\/td>\n<\/tr>\n<tr>\n<td width=\"308\">MANUELA RIVEIRO SANTOS DUTRA<\/td>\n<\/tr>\n<tr>\n<td width=\"308\">MAR\u00c7AL DE OLIVEIRA NUNES<\/td>\n<\/tr>\n<tr>\n<td width=\"308\">MARCELO DOS SANTOS MULLET<\/td>\n<\/tr>\n<tr>\n<td width=\"308\">MARIANA COSTA DA SILVA<\/td>\n<\/tr>\n<tr>\n<td width=\"308\">MATEUS PITTELLA FAGUNDES<\/td>\n<\/tr>\n<tr>\n<td width=\"308\">Matheus Andrei Moura de Souza<\/td>\n<\/tr>\n<tr>\n<td width=\"308\">MAURICIO RANIERE TAVARES LEITZKE<\/td>\n<\/tr>\n<tr>\n<td width=\"308\">MIKAELA QUINTANA DA SILVA<\/td>\n<\/tr>\n<tr>\n<td width=\"308\">Milena Andretti Piana<\/td>\n<\/tr>\n<tr>\n<td width=\"308\">NATHALIA DE MARCO BARROSO<\/td>\n<\/tr>\n<tr>\n<td width=\"308\">NOELY ROSA MARIA PEREZ BRITO<\/td>\n<\/tr>\n<tr>\n<td width=\"308\">P\u00e2mela Lima Ramos<\/td>\n<\/tr>\n<tr>\n<td width=\"308\">PEDRO IVO KUHN<\/td>\n<\/tr>\n<tr>\n<td width=\"308\">Pedro Lucas Marcon Constantino<\/td>\n<\/tr>\n<tr>\n<td width=\"308\">RAFAEL DA SILVA BARROS<\/td>\n<\/tr>\n<tr>\n<td width=\"308\">Rafael Oliveira Alves<\/td>\n<\/tr>\n<tr>\n<td width=\"308\">RAISSY BRITO MELO<\/td>\n<\/tr>\n<tr>\n<td width=\"308\">RAYANE RIBEIRO VIEIRA<\/td>\n<\/tr>\n<tr>\n<td width=\"308\">RODRIGO DOS SANTOS MARTINEZ<\/td>\n<\/tr>\n<tr>\n<td width=\"308\">Rodrigo Gon\u00e7alves Oliveira<\/td>\n<\/tr>\n<tr>\n<td width=\"308\">SERGIO ALVES DANERIS<\/td>\n<\/tr>\n<tr>\n<td width=\"308\">STELA CARDOSO CORR\u00caA<\/td>\n<\/tr>\n<tr>\n<td width=\"308\">Suelen Vieira da Rosa<\/td>\n<\/tr>\n<tr>\n<td width=\"308\">SUZANA WEEGE DA SILVEIRA DO AMARAL<\/td>\n<\/tr>\n<tr>\n<td width=\"308\">Tainara Vahl<\/td>\n<\/tr>\n<tr>\n<td width=\"308\">TALIANA TRONCO<\/td>\n<\/tr>\n<tr>\n<td width=\"308\">TIAGO WOLOWSKI<\/td>\n<\/tr>\n<tr>\n<td width=\"308\">VILSON JULIANO PEREIRA MEDINA<\/td>\n<\/tr>\n<tr>\n<td width=\"308\">VIN\u00cdCIUS \u00c1VILA EICHENBERG<\/td>\n<\/tr>\n<tr>\n<td width=\"308\">VIN\u00cdCIUS JOS\u00c9 ROSA<\/td>\n<\/tr>\n<tr>\n<td width=\"308\">Willian Rodrigues Barbosa<\/td>\n<\/tr>\n<\/tbody>\n<\/table>\n<p>&nbsp;<\/p>\n","protected":false},"excerpt":{"rendered":"<p>\u00a0Rela\u00e7\u00e3o de turmas Local das aulas: IFSUL &#8211; Campus Pelotas (a sala para cada turma ser\u00e1 informada na portaria). Dias das aulas: 14\/03, 21\/03 e 28\/03. Aten\u00e7\u00e3o: 1) Leve um [&hellip;]<\/p>\n","protected":false},"author":437,"featured_media":0,"comment_status":"closed","ping_status":"closed","sticky":false,"template":"","format":"standard","meta":{"jetpack_post_was_ever_published":false,"_jetpack_newsletter_access":"","_jetpack_dont_email_post_to_subs":false,"_jetpack_newsletter_tier_id":0,"_jetpack_memberships_contains_paywalled_content":false,"_jetpack_memberships_contains_paid_content":false,"footnotes":"","jetpack_publicize_message":"","jetpack_publicize_feature_enabled":true,"jetpack_social_post_already_shared":true,"jetpack_social_options":{"image_generator_settings":{"template":"highway","default_image_id":0,"font":"","enabled":false},"version":2}},"categories":[18],"tags":[],"class_list":["post-4005","post","type-post","status-publish","format-standard","hentry","category-inicio-inicio"],"jetpack_publicize_connections":[],"jetpack_featured_media_url":"","jetpack_sharing_enabled":true,"jetpack_shortlink":"https:\/\/wp.me\/p6Slop-12B","_links":{"self":[{"href":"https:\/\/wp.ufpel.edu.br\/projetogama\/wp-json\/wp\/v2\/posts\/4005","targetHints":{"allow":["GET"]}}],"collection":[{"href":"https:\/\/wp.ufpel.edu.br\/projetogama\/wp-json\/wp\/v2\/posts"}],"about":[{"href":"https:\/\/wp.ufpel.edu.br\/projetogama\/wp-json\/wp\/v2\/types\/post"}],"author":[{"embeddable":true,"href":"https:\/\/wp.ufpel.edu.br\/projetogama\/wp-json\/wp\/v2\/users\/437"}],"replies":[{"embeddable":true,"href":"https:\/\/wp.ufpel.edu.br\/projetogama\/wp-json\/wp\/v2\/comments?post=4005"}],"version-history":[{"count":4,"href":"https:\/\/wp.ufpel.edu.br\/projetogama\/wp-json\/wp\/v2\/posts\/4005\/revisions"}],"predecessor-version":[{"id":4084,"href":"https:\/\/wp.ufpel.edu.br\/projetogama\/wp-json\/wp\/v2\/posts\/4005\/revisions\/4084"}],"wp:attachment":[{"href":"https:\/\/wp.ufpel.edu.br\/projetogama\/wp-json\/wp\/v2\/media?parent=4005"}],"wp:term":[{"taxonomy":"category","embeddable":true,"href":"https:\/\/wp.ufpel.edu.br\/projetogama\/wp-json\/wp\/v2\/categories?post=4005"},{"taxonomy":"post_tag","embeddable":true,"href":"https:\/\/wp.ufpel.edu.br\/projetogama\/wp-json\/wp\/v2\/tags?post=4005"}],"curies":[{"name":"wp","href":"https:\/\/api.w.org\/{rel}","templated":true}]}}