{"id":3929,"date":"2019-12-05T16:50:06","date_gmt":"2019-12-05T19:50:06","guid":{"rendered":"https:\/\/wp.ufpel.edu.br\/projetogama\/?p=3929"},"modified":"2019-12-06T16:17:08","modified_gmt":"2019-12-06T19:17:08","slug":"monitorias-extras-no-proximo-sabado","status":"publish","type":"post","link":"https:\/\/wp.ufpel.edu.br\/projetogama\/2019\/12\/05\/monitorias-extras-no-proximo-sabado\/","title":{"rendered":"Monitorias extras no pr\u00f3ximo s\u00e1bado &#8211; Mudan\u00e7a de local"},"content":{"rendered":"<p><span style=\"color: #ff0000\">Aten\u00e7\u00e3o: <span style=\"color: #000000\">Devido a utiliza\u00e7\u00e3o do Campus II para a aplica\u00e7\u00e3o da prova do PAVE, amanh\u00e3 &#8211; 07\/12\/19, as <span style=\"color: #ff0000\">monitorias extras do GAMA foram transferidas para o<\/span><\/span> audit\u00f3rio da FAURB &#8211; <span style=\"color: #000000\">R. Benjamin Constant, 1359 &#8211; Centro, Pelotas &#8211; RS. A entrada \u00e9 pela portaria que fica na rua Alvaro Chaves. Pedimos desculpas pelo inconveniente mas s\u00f3 ficamos sabendo da mudan\u00e7a hoje&#8230; Bons estudos!<\/span><\/span><\/p>\n<p>O Projeto GAMA oferecer\u00e1 monitorias extras no pr\u00f3ximo s\u00e1bado (07\/12\/19), das 8hs \u00e0s 12hs, na sala <span style=\"color: #ff0000\"><del>204 do Campus II &#8211; Rua Almirante Barroso, 1202<\/del>.<\/span><\/p>\n<p>As monitorias abordar\u00e3o conte\u00fados das disciplinas de Pr\u00e9-c\u00e1lculo, Matem\u00e1tica Elementar, C\u00e1lculo 1, C\u00e1lculo 1A, C\u00e1lculo I, C\u00e1lculo A, C\u00e1lculo 2, C\u00e1lculo II, Equa\u00e7\u00f5es Diferenciais e ALGA &#8211; \u00c1lgebra Linear e Geometria Anal\u00edtica.<\/p>\n<p>N\u00e3o \u00e9 necess\u00e1ria inscri\u00e7\u00e3o pr\u00e9via. Basta comparecer no dia, hor\u00e1rio e local da monitoria.<\/p>\n","protected":false},"excerpt":{"rendered":"<p>Aten\u00e7\u00e3o: Devido a utiliza\u00e7\u00e3o do Campus II para a aplica\u00e7\u00e3o da prova do PAVE, amanh\u00e3 &#8211; 07\/12\/19, as monitorias extras do GAMA foram transferidas para o audit\u00f3rio da FAURB &#8211; [&hellip;]<\/p>\n","protected":false},"author":437,"featured_media":0,"comment_status":"closed","ping_status":"closed","sticky":false,"template":"","format":"standard","meta":{"jetpack_post_was_ever_published":false,"_jetpack_newsletter_access":"","_jetpack_dont_email_post_to_subs":false,"_jetpack_newsletter_tier_id":0,"_jetpack_memberships_contains_paywalled_content":false,"_jetpack_memberships_contains_paid_content":false,"footnotes":"","jetpack_publicize_message":"","jetpack_publicize_feature_enabled":true,"jetpack_social_post_already_shared":true,"jetpack_social_options":{"image_generator_settings":{"template":"highway","default_image_id":0,"font":"","enabled":false},"version":2}},"categories":[18],"tags":[],"class_list":["post-3929","post","type-post","status-publish","format-standard","hentry","category-inicio-inicio"],"jetpack_publicize_connections":[],"jetpack_featured_media_url":"","jetpack_sharing_enabled":true,"jetpack_shortlink":"https:\/\/wp.me\/p6Slop-11n","_links":{"self":[{"href":"https:\/\/wp.ufpel.edu.br\/projetogama\/wp-json\/wp\/v2\/posts\/3929","targetHints":{"allow":["GET"]}}],"collection":[{"href":"https:\/\/wp.ufpel.edu.br\/projetogama\/wp-json\/wp\/v2\/posts"}],"about":[{"href":"https:\/\/wp.ufpel.edu.br\/projetogama\/wp-json\/wp\/v2\/types\/post"}],"author":[{"embeddable":true,"href":"https:\/\/wp.ufpel.edu.br\/projetogama\/wp-json\/wp\/v2\/users\/437"}],"replies":[{"embeddable":true,"href":"https:\/\/wp.ufpel.edu.br\/projetogama\/wp-json\/wp\/v2\/comments?post=3929"}],"version-history":[{"count":4,"href":"https:\/\/wp.ufpel.edu.br\/projetogama\/wp-json\/wp\/v2\/posts\/3929\/revisions"}],"predecessor-version":[{"id":3935,"href":"https:\/\/wp.ufpel.edu.br\/projetogama\/wp-json\/wp\/v2\/posts\/3929\/revisions\/3935"}],"wp:attachment":[{"href":"https:\/\/wp.ufpel.edu.br\/projetogama\/wp-json\/wp\/v2\/media?parent=3929"}],"wp:term":[{"taxonomy":"category","embeddable":true,"href":"https:\/\/wp.ufpel.edu.br\/projetogama\/wp-json\/wp\/v2\/categories?post=3929"},{"taxonomy":"post_tag","embeddable":true,"href":"https:\/\/wp.ufpel.edu.br\/projetogama\/wp-json\/wp\/v2\/tags?post=3929"}],"curies":[{"name":"wp","href":"https:\/\/api.w.org\/{rel}","templated":true}]}}