{"id":3891,"date":"2019-11-22T08:12:11","date_gmt":"2019-11-22T11:12:11","guid":{"rendered":"https:\/\/wp.ufpel.edu.br\/projetogama\/?p=3891"},"modified":"2019-11-22T08:14:05","modified_gmt":"2019-11-22T11:14:05","slug":"novas-turmas-de-apoio-do-gama-4","status":"publish","type":"post","link":"https:\/\/wp.ufpel.edu.br\/projetogama\/2019\/11\/22\/novas-turmas-de-apoio-do-gama-4\/","title":{"rendered":"Novas turmas de Apoio do GAMA"},"content":{"rendered":"<p style=\"text-align: center\"><span style=\"color: #800000\"><strong>M\u00f3dulo de Derivadas<br \/>\n<\/strong><\/span><\/p>\n<p><span style=\"color: #800000\">Dias das aulas e hor\u00e1rios das aulas: <\/span><span style=\"color: #000000\">23\/11;\u00a0 30\/11 e 07\/12, das 8hs \u00e0s 12hs.<\/span><\/p>\n<p><span style=\"color: #800000\">Local:<\/span> Sala 202 &#8211; Campus II &#8211; Rua Almirante Barroso, 1202<\/p>\n<table width=\"712\">\n<tbody>\n<tr>\n<td width=\"308\"><strong>NOME<\/strong><\/td>\n<\/tr>\n<tr>\n<td width=\"308\">Ana Paula Marques De Oliveira<\/td>\n<\/tr>\n<tr>\n<td width=\"308\">Andr\u00e9 Medeiros Vilas Boas Moreira<\/td>\n<\/tr>\n<tr>\n<td width=\"308\">DANIELA PEDROSO ARRIADA<\/td>\n<\/tr>\n<tr>\n<td width=\"308\">Eduarda Iglezias de Lima Medeiros<\/td>\n<\/tr>\n<tr>\n<td width=\"308\">ERIL\u00c2NDIA DE ANDRADE FERREIRA<\/td>\n<\/tr>\n<tr>\n<td width=\"308\">GABRIELA TRISCH DE QUADROS<\/td>\n<\/tr>\n<tr>\n<td width=\"308\">Gustavo Tessmer Loper<\/td>\n<\/tr>\n<tr>\n<td width=\"308\">IRANI GARCIA<\/td>\n<\/tr>\n<tr>\n<td width=\"308\">ISLA SODRE MAIA<\/td>\n<\/tr>\n<tr>\n<td width=\"308\">Jos\u00e9 Fernando Ugoski Silveira<\/td>\n<\/tr>\n<tr>\n<td width=\"308\">JUSSENARA HEMANN AIRES<\/td>\n<\/tr>\n<tr>\n<td width=\"308\">RODRIGO OLIVEIRA MOREIRA<\/td>\n<\/tr>\n<tr>\n<td width=\"308\">Wenderson Cain\u00e3 de Brito da Silva<\/td>\n<\/tr>\n<\/tbody>\n<\/table>\n<p>&nbsp;<\/p>\n<p style=\"text-align: center\"><span style=\"color: #800000\"><strong>M\u00f3d<span style=\"color: #800000\">ulo de Sequ\u00eancias e S\u00e9ries<\/span><br \/>\n<\/strong><\/span><\/p>\n<p><span style=\"color: #800000\">Dias das aulas e hor\u00e1rios das aulas: <span style=\"color: #000000\">23\/11 &#8211; das 8hs \u00e0s 12hs;\u00a0 23\/11 &#8211; das 13:30 \u00e0s 17:30 e 30\/11, das 13:30 \u00e0s 17:30.<\/span><\/span><\/p>\n<p><span style=\"color: #800000\">Local:<\/span> Sala 202 &#8211; Campus II &#8211; Rua Almirante Barroso, 1202<\/p>\n<table width=\"712\">\n<tbody>\n<tr>\n<td width=\"308\"><strong>NOME<\/strong><\/td>\n<\/tr>\n<tr>\n<td width=\"308\">ALESSANDRA HORBACH BARBOSA<\/td>\n<\/tr>\n<tr>\n<td width=\"308\">AMANDA CRISTINA MENDES DE CAMPOS<\/td>\n<\/tr>\n<tr>\n<td width=\"308\">Andreza Alegre Bittencurt<\/td>\n<\/tr>\n<tr>\n<td width=\"308\">CRISTIAN CARVALHO QUEVEDO<\/td>\n<\/tr>\n<tr>\n<td width=\"308\">CRISTIAN TORRES AMARAL<\/td>\n<\/tr>\n<tr>\n<td width=\"308\">ERIKA VASQUES SCHNEIDER<\/td>\n<\/tr>\n<tr>\n<td width=\"308\">Gabriel de Quadros Kr\u00fcger<\/td>\n<\/tr>\n<tr>\n<td width=\"308\">GABRIEL GON\u00c7ALVES PIZZINATO<\/td>\n<\/tr>\n<tr>\n<td width=\"308\">GEAN CARLOS BRAND\u00c3O<\/td>\n<\/tr>\n<tr>\n<td width=\"308\">GERSON SILVA DOS SANTOS<\/td>\n<\/tr>\n<tr>\n<td width=\"308\">JENIFER DA SILVA SENA<\/td>\n<\/tr>\n<tr>\n<td width=\"308\">JO\u00c3O VITOR ALVES SOARES DE PAULO<\/td>\n<\/tr>\n<tr>\n<td width=\"308\">Julia Lopes Rodrigues<\/td>\n<\/tr>\n<tr>\n<td width=\"308\">Kelen Cristiane Machado Goularte<\/td>\n<\/tr>\n<tr>\n<td width=\"308\">LET\u00cdCIA LEAL MOREIRA<\/td>\n<\/tr>\n<tr>\n<td width=\"308\">Mateus Ferreira Santos<\/td>\n<\/tr>\n<tr>\n<td width=\"308\">MATHEUS SERPA RODRIGUES<\/td>\n<\/tr>\n<tr>\n<td width=\"308\">NATHALI FLORIANO MACHADO<\/td>\n<\/tr>\n<tr>\n<td width=\"308\">NAYANE DELGADO DE FREITAS<\/td>\n<\/tr>\n<tr>\n<td width=\"308\">Nidal Martins Ali<\/td>\n<\/tr>\n<tr>\n<td width=\"308\">Nidal Martins Ali<\/td>\n<\/tr>\n<tr>\n<td width=\"308\">PEDRO AVILA RIET CORREA RIVERO<\/td>\n<\/tr>\n<tr>\n<td width=\"308\">PEDRO DE BARROS<\/td>\n<\/tr>\n<tr>\n<td width=\"308\">PEDRO HENRIQUE SANGALETTI<\/td>\n<\/tr>\n<tr>\n<td width=\"308\">PEDRO OT\u00c1VIO SIMIONATTO CARDOSO DA SILVA<\/td>\n<\/tr>\n<tr>\n<td width=\"308\">RAFAELA MICHELOTTI PEREIRA<\/td>\n<\/tr>\n<tr>\n<td width=\"308\">RENATA KONRADT G\u00dcTHS<\/td>\n<\/tr>\n<tr>\n<td width=\"308\">SABRINE CORREA MIRAPALHETE LIMA<\/td>\n<\/tr>\n<tr>\n<td width=\"308\">TEILOR IURI FERRARI<\/td>\n<\/tr>\n<tr>\n<td width=\"308\">UIELE SAN MATINS DA SILVA<\/td>\n<\/tr>\n<tr>\n<td width=\"308\">Vanessa Macedo Esteves da Rocha<\/td>\n<\/tr>\n<tr>\n<td width=\"308\">VINICIUS AVILA EICHENBERG<\/td>\n<\/tr>\n<tr>\n<td width=\"308\">WELLINGTON GOMES MACHADO<\/td>\n<\/tr>\n<tr>\n<td width=\"308\">Yuri Borges Sena<\/td>\n<\/tr>\n<\/tbody>\n<\/table>\n<p>&nbsp;<\/p>\n<p style=\"text-align: center\"><span style=\"color: #800000\"><strong>M\u00f3dulo de Matem\u00e1tica B\u00e1sica<br \/>\n<\/strong><\/span><\/p>\n<p><span style=\"color: #800000\">Dias das aulas e hor\u00e1rios das aulas: <\/span><span style=\"color: #000000\">23\/11;\u00a0 30\/11 e 07\/12, das 14hs \u00e0s 18hs.<\/span><\/p>\n<p><span style=\"color: #800000\">Local:<\/span> Sala 204 &#8211; Campus II &#8211; Rua Almirante Barroso, 1202<\/p>\n<table width=\"712\">\n<tbody>\n<tr>\n<td width=\"308\"><strong>NOME<\/strong><\/td>\n<\/tr>\n<tr>\n<td width=\"308\">Abner dos Santos<\/td>\n<\/tr>\n<tr>\n<td width=\"308\">Antonio Luiz Vasconcellos Dias<\/td>\n<\/tr>\n<tr>\n<td width=\"308\">DANIELE FERREIRA GUERREIRO<\/td>\n<\/tr>\n<tr>\n<td width=\"308\">DOUGLAS HENRIQUE SANTOS LIMA<\/td>\n<\/tr>\n<tr>\n<td width=\"308\">Filipe Amaral Louro<\/td>\n<\/tr>\n<tr>\n<td width=\"308\">IRANI GARCIA<\/td>\n<\/tr>\n<tr>\n<td width=\"308\">KETHELEY FERNANDA TEIXEIRA B\u00d6NEMANN<\/td>\n<\/tr>\n<tr>\n<td width=\"308\">KETNEN RIEFFEL DAS CHAGAS<\/td>\n<\/tr>\n<tr>\n<td width=\"308\">MARIA CRISTINA PEREIRA DOS SANTOS<\/td>\n<\/tr>\n<tr>\n<td width=\"308\">marina de oliveira rosa<\/td>\n<\/tr>\n<tr>\n<td width=\"308\">Paula Catarina<\/td>\n<\/tr>\n<tr>\n<td width=\"308\">SONIA MILLENI FURTADO MARTINS<\/td>\n<\/tr>\n<tr>\n<td width=\"308\">Tatielen Ribeiro Soares<\/td>\n<\/tr>\n<\/tbody>\n<\/table>\n<p>&nbsp;<\/p>\n<p>A turma do Encontro de ALGA n\u00e3o alcan\u00e7ou o n\u00famero m\u00ednimo de 10 inscritos e n\u00e3o ser\u00e1 ofertada neste s\u00e1bado.<\/p>\n<p style=\"text-align: left\">\n","protected":false},"excerpt":{"rendered":"<p>M\u00f3dulo de Derivadas Dias das aulas e hor\u00e1rios das aulas: 23\/11;\u00a0 30\/11 e 07\/12, das 8hs \u00e0s 12hs. Local: Sala 202 &#8211; Campus II &#8211; Rua Almirante Barroso, 1202 NOME [&hellip;]<\/p>\n","protected":false},"author":437,"featured_media":0,"comment_status":"closed","ping_status":"closed","sticky":false,"template":"","format":"standard","meta":{"jetpack_post_was_ever_published":false,"_jetpack_newsletter_access":"","_jetpack_dont_email_post_to_subs":false,"_jetpack_newsletter_tier_id":0,"_jetpack_memberships_contains_paywalled_content":false,"_jetpack_memberships_contains_paid_content":false,"footnotes":"","jetpack_publicize_message":"","jetpack_publicize_feature_enabled":true,"jetpack_social_post_already_shared":true,"jetpack_social_options":{"image_generator_settings":{"template":"highway","default_image_id":0,"font":"","enabled":false},"version":2}},"categories":[18],"tags":[],"class_list":["post-3891","post","type-post","status-publish","format-standard","hentry","category-inicio-inicio"],"jetpack_publicize_connections":[],"jetpack_featured_media_url":"","jetpack_sharing_enabled":true,"jetpack_shortlink":"https:\/\/wp.me\/p6Slop-10L","_links":{"self":[{"href":"https:\/\/wp.ufpel.edu.br\/projetogama\/wp-json\/wp\/v2\/posts\/3891","targetHints":{"allow":["GET"]}}],"collection":[{"href":"https:\/\/wp.ufpel.edu.br\/projetogama\/wp-json\/wp\/v2\/posts"}],"about":[{"href":"https:\/\/wp.ufpel.edu.br\/projetogama\/wp-json\/wp\/v2\/types\/post"}],"author":[{"embeddable":true,"href":"https:\/\/wp.ufpel.edu.br\/projetogama\/wp-json\/wp\/v2\/users\/437"}],"replies":[{"embeddable":true,"href":"https:\/\/wp.ufpel.edu.br\/projetogama\/wp-json\/wp\/v2\/comments?post=3891"}],"version-history":[{"count":6,"href":"https:\/\/wp.ufpel.edu.br\/projetogama\/wp-json\/wp\/v2\/posts\/3891\/revisions"}],"predecessor-version":[{"id":3900,"href":"https:\/\/wp.ufpel.edu.br\/projetogama\/wp-json\/wp\/v2\/posts\/3891\/revisions\/3900"}],"wp:attachment":[{"href":"https:\/\/wp.ufpel.edu.br\/projetogama\/wp-json\/wp\/v2\/media?parent=3891"}],"wp:term":[{"taxonomy":"category","embeddable":true,"href":"https:\/\/wp.ufpel.edu.br\/projetogama\/wp-json\/wp\/v2\/categories?post=3891"},{"taxonomy":"post_tag","embeddable":true,"href":"https:\/\/wp.ufpel.edu.br\/projetogama\/wp-json\/wp\/v2\/tags?post=3891"}],"curies":[{"name":"wp","href":"https:\/\/api.w.org\/{rel}","templated":true}]}}