{"id":3826,"date":"2019-09-12T20:11:54","date_gmt":"2019-09-12T23:11:54","guid":{"rendered":"https:\/\/wp.ufpel.edu.br\/projetogama\/?p=3826"},"modified":"2019-09-12T20:30:35","modified_gmt":"2019-09-12T23:30:35","slug":"novas-turmas-de-apoio-do-gama-2","status":"publish","type":"post","link":"https:\/\/wp.ufpel.edu.br\/projetogama\/2019\/09\/12\/novas-turmas-de-apoio-do-gama-2\/","title":{"rendered":"Novas turmas de Apoio do GAMA"},"content":{"rendered":"<p style=\"text-align: center\"><span style=\"color: #800000\"><strong>M\u00f3dulo de Fun\u00e7\u00f5es<br \/>\n<\/strong><\/span><\/p>\n<p style=\"text-align: left\"><span style=\"color: #800000\"><strong>Turma \u00fanica <\/strong><\/span>\u00a0\u2013 das 08:00 \u00e0s 12:00.<br \/>\nLocal: Sala 202 &#8211; Campus II &#8211; Rua Almirante Barroso, 1202 &#8211; (IN\u00cdCIO 14\/09)<\/p>\n<p>&nbsp;<\/p>\n<table width=\"712\">\n<tbody>\n<tr>\n<td width=\"308\"><strong>NOME<\/strong><\/td>\n<\/tr>\n<tr>\n<td width=\"308\">Ana Paula Marques de Oliveira<\/td>\n<\/tr>\n<tr>\n<td width=\"308\">Caroline Vieira de Mello<\/td>\n<\/tr>\n<tr>\n<td width=\"308\">DANIELA PEDROSO ARRIADA<\/td>\n<\/tr>\n<tr>\n<td width=\"308\">DIEGO LEMOS JESKE<\/td>\n<\/tr>\n<tr>\n<td width=\"308\">DIULIA JUSTIN DEON<\/td>\n<\/tr>\n<tr>\n<td width=\"308\">EDUARDO ZACA COSTA<\/td>\n<\/tr>\n<tr>\n<td width=\"308\">Emily Pereira Garcia<\/td>\n<\/tr>\n<tr>\n<td width=\"308\">\u00c9RICA MORAES MARTINS<\/td>\n<\/tr>\n<tr>\n<td width=\"308\">Evelin Vahl Vargas<\/td>\n<\/tr>\n<tr>\n<td width=\"308\">Felipe Bueno Pinto<\/td>\n<\/tr>\n<tr>\n<td width=\"308\">Filipe Henrique Ramos<\/td>\n<\/tr>\n<tr>\n<td width=\"308\">GABRIEL DA COSTA PINHEIRO<\/td>\n<\/tr>\n<tr>\n<td width=\"308\">GABRIEL LUCERO RODRIGUES<\/td>\n<\/tr>\n<tr>\n<td width=\"308\">GABRIELA TRISCH DE QUADROS<\/td>\n<\/tr>\n<tr>\n<td width=\"308\">Gabriele Teixeira Lemos<\/td>\n<\/tr>\n<tr>\n<td width=\"308\">Gilsane luz de Farias<\/td>\n<\/tr>\n<tr>\n<td width=\"308\">GUACIRA DIAS VIEIRA<\/td>\n<\/tr>\n<tr>\n<td width=\"308\">GUILHERME DALLMANN LIMA<\/td>\n<\/tr>\n<tr>\n<td width=\"308\">Gustavo dos Santos da Fontoura<\/td>\n<\/tr>\n<tr>\n<td width=\"308\">GUSTAVO TESSMER LOPER<\/td>\n<\/tr>\n<tr>\n<td width=\"308\">INAY\u00c1 PEREIRA TEIXEIRA<\/td>\n<\/tr>\n<tr>\n<td width=\"308\">Isabel Cristina Machado Chevarria<\/td>\n<\/tr>\n<tr>\n<td width=\"308\">JUAN VITOR MACHADO FERREIRA DA SILVA<\/td>\n<\/tr>\n<tr>\n<td width=\"308\">LIZANDRO PICH FONSECA<\/td>\n<\/tr>\n<tr>\n<td width=\"308\">Lucas Merlo Da Silva<\/td>\n<\/tr>\n<tr>\n<td width=\"308\">Maicon Roberto da Luz Coimbra<\/td>\n<\/tr>\n<tr>\n<td width=\"308\">MARIA ANT\u00d4NIA SOARES DA SILVA<\/td>\n<\/tr>\n<tr>\n<td width=\"308\">Maria cristina P dos santos<\/td>\n<\/tr>\n<tr>\n<td width=\"308\">MARILIA KASTER PORTELINHA<\/td>\n<\/tr>\n<tr>\n<td width=\"308\">Marina de Oliveira Rosa<\/td>\n<\/tr>\n<tr>\n<td width=\"308\">MILENE ALVES DE VASCONCELOS<\/td>\n<\/tr>\n<tr>\n<td width=\"308\">MIRIAM VIT\u00d3RIA PEREIRA DA SILVEIRA FAGUNDES<\/td>\n<\/tr>\n<tr>\n<td width=\"308\">MURILLO ALEIXO MOTA<\/td>\n<\/tr>\n<tr>\n<td width=\"308\">Nicolas Almeida da Costa<\/td>\n<\/tr>\n<tr>\n<td width=\"308\">PAULA CATARINA MATOS FERREIRA<\/td>\n<\/tr>\n<tr>\n<td width=\"308\">PRISCILA HATANO BAPTISTA<\/td>\n<\/tr>\n<tr>\n<td width=\"308\">Rafaela Buss Medeiros<\/td>\n<\/tr>\n<tr>\n<td width=\"308\">RAFAELA RODRIGUES MACHADO<\/td>\n<\/tr>\n<tr>\n<td width=\"308\">RODRIGO GON\u00c7ALVES OLIVEIRA<\/td>\n<\/tr>\n<tr>\n<td width=\"308\">SHAIANE PEREIRA PADILHA<\/td>\n<\/tr>\n<tr>\n<td width=\"308\">THAYN\u00c3 WAISS DIAS FARIAS<\/td>\n<\/tr>\n<tr>\n<td width=\"308\">THOMAS \u00c1LEX DA SILVA VIATROSKI<\/td>\n<\/tr>\n<tr>\n<td width=\"308\">Valber da silva barroa<\/td>\n<\/tr>\n<tr>\n<td width=\"308\">VINICIUS DOS SANTOS AMARAL BORGES<\/td>\n<\/tr>\n<tr>\n<td width=\"308\">WILLYAN BRUNO TAVARES DE SOUZA<\/td>\n<\/tr>\n<\/tbody>\n<\/table>\n<p>&nbsp;<\/p>\n<p style=\"text-align: center\"><span style=\"color: #800000\"><strong>M\u00f3dulo de Limites<br \/>\n<\/strong><\/span><\/p>\n<p style=\"text-align: left\"><span style=\"color: #800000\"><strong>Turma \u00fanica <\/strong><\/span>\u00a0\u2013 das 14:00 \u00e0s 18:00.<br \/>\nLocal: Sala 202 &#8211; Campus II &#8211; Rua Almirante Barroso, 1202 &#8211; (IN\u00cdCIO 14\/09)<\/p>\n<table width=\"712\">\n<tbody>\n<tr>\n<td width=\"308\"><strong>NOME<\/strong><\/td>\n<\/tr>\n<tr>\n<td width=\"308\">DOUGLAS SOUZA GOMES<\/td>\n<\/tr>\n<tr>\n<td width=\"308\">eduarda bernardi ferro<\/td>\n<\/tr>\n<tr>\n<td width=\"308\">EDUARDO SILVEIRA DA SILVA<\/td>\n<\/tr>\n<tr>\n<td width=\"308\">ERIL\u00c2NDIA DE ANDRADE FERREIRA<\/td>\n<\/tr>\n<tr>\n<td width=\"308\">FELIPE MACHADO D&#8217;AVILA<\/td>\n<\/tr>\n<tr>\n<td width=\"308\">GABRIELA TRISCH DE QUADROS<\/td>\n<\/tr>\n<tr>\n<td width=\"308\">GERSON SILVA DOS SANTOS<\/td>\n<\/tr>\n<tr>\n<td width=\"308\">HENRIQUE MATHIAS REIS<\/td>\n<\/tr>\n<tr>\n<td width=\"308\">HERON C\u00c9SAR SACCO DOS ANJOS DOS SANTOS<\/td>\n<\/tr>\n<tr>\n<td width=\"308\">Isabel Cristina Machado Chevarria<\/td>\n<\/tr>\n<tr>\n<td width=\"308\">ISLA SODRE MAIA<\/td>\n<\/tr>\n<tr>\n<td width=\"308\">Lara Alves Gullo do Carmo<\/td>\n<\/tr>\n<tr>\n<td width=\"308\">Larissa Bitencourte Cruz<\/td>\n<\/tr>\n<tr>\n<td width=\"308\">LAUREL RODRIGUES ARNONI<\/td>\n<\/tr>\n<tr>\n<td width=\"308\">LUCAS COSTA TUERLINCKX<\/td>\n<\/tr>\n<tr>\n<td width=\"308\">Lucas Merlo Da Silva<\/td>\n<\/tr>\n<tr>\n<td width=\"308\">M\u00c1RCIA coitinho souza<\/td>\n<\/tr>\n<tr>\n<td width=\"308\">marina de oliveira rosa<\/td>\n<\/tr>\n<tr>\n<td width=\"308\">MILENE ALVES DE VASCONCELOS<\/td>\n<\/tr>\n<tr>\n<td width=\"308\">PRISCILA HATANO BAPTISTA<\/td>\n<\/tr>\n<tr>\n<td width=\"308\">TAIN\u00c3 MARTINS DOS SANTOS<\/td>\n<\/tr>\n<tr>\n<td width=\"308\">TAMIRES CAVALHEIRO HUCK<\/td>\n<\/tr>\n<tr>\n<td width=\"308\">TICIANE CONSENTINS VAZ TEIXEIRA<\/td>\n<\/tr>\n<tr>\n<td width=\"308\">WILLIAN ABRA\u00c3O BRITO SILVA<\/td>\n<\/tr>\n<\/tbody>\n<\/table>\n<p>&nbsp;<\/p>\n<p style=\"text-align: center\"><span style=\"color: #800000\"><strong>M\u00f3dulo de Derivadas<br \/>\n<\/strong><\/span><\/p>\n<p style=\"text-align: left\"><span style=\"color: #800000\"><strong>Turma \u00fanica <\/strong><\/span>\u00a0\u2013 das 08:00 \u00e0s 12:00.<br \/>\nLocal: Sala 204 &#8211; Campus II &#8211; Rua Almirante Barroso, 1202 &#8211; (IN\u00cdCIO 14\/09)<\/p>\n<table width=\"712\">\n<tbody>\n<tr>\n<td width=\"308\"><strong>NOME<\/strong><\/td>\n<\/tr>\n<tr>\n<td width=\"308\">ANIELLY CAROLAINY ALVES AMORIM<\/td>\n<\/tr>\n<tr>\n<td width=\"308\">BERNARDO PINTO SILVEIRA<\/td>\n<\/tr>\n<tr>\n<td width=\"308\">CL\u00c1UDIO ALVES LIMA JUNIOR<\/td>\n<\/tr>\n<tr>\n<td width=\"308\">Felipe Carvalho da Silva<\/td>\n<\/tr>\n<tr>\n<td width=\"308\">ISRAEL AZEVEDO<\/td>\n<\/tr>\n<tr>\n<td width=\"308\">Lara Alves Gullo do Carmo<\/td>\n<\/tr>\n<tr>\n<td width=\"308\">Larissa Bitencourte Cruz<\/td>\n<\/tr>\n<tr>\n<td width=\"308\">Luana dos Santos Cruz<\/td>\n<\/tr>\n<tr>\n<td width=\"308\">Marina de Oliveira Rosa<\/td>\n<\/tr>\n<tr>\n<td width=\"308\">MILENE ALVES DE VASCONCELOS<\/td>\n<\/tr>\n<tr>\n<td width=\"308\">Pedro Henrique Moreira Silva Moraes<\/td>\n<\/tr>\n<tr>\n<td width=\"308\">PRISCILA HATANO BAPTISTA<\/td>\n<\/tr>\n<tr>\n<td width=\"308\">Rodrigo de Souza Passos<\/td>\n<\/tr>\n<tr>\n<td width=\"308\">TAIN\u00c3 MARTINS DOS SANTOS<\/td>\n<\/tr>\n<tr>\n<td width=\"308\">Tamiris Ara\u00fajo Duarte Castro<\/td>\n<\/tr>\n<tr>\n<td width=\"308\">TAVANE FERREIRA BRAGA<\/td>\n<\/tr>\n<tr>\n<td width=\"308\">THAIS RUTZ<\/td>\n<\/tr>\n<tr>\n<td width=\"308\">TIFANY MANOELA DE SOUZA<\/td>\n<\/tr>\n<tr>\n<td width=\"308\">UANA GEMIMA SILVA LIMA<\/td>\n<\/tr>\n<tr>\n<td width=\"308\">WILLIAM JONE HENZEL VILLANOVA<\/td>\n<\/tr>\n<\/tbody>\n<\/table>\n<p>&nbsp;<\/p>\n<p style=\"text-align: center\"><span style=\"color: #800000\"><strong>M\u00f3dulo de Integrais<br \/>\n<\/strong><\/span><\/p>\n<p style=\"text-align: left\"><span style=\"color: #800000\"><strong>Turma \u00fanica <\/strong><\/span>\u00a0\u2013 das 14:00 \u00e0s 18:00.<br \/>\nLocal: Sala 204 &#8211; Campus II &#8211; Rua Almirante Barroso, 1202 &#8211; (IN\u00cdCIO 14\/09)<\/p>\n<table width=\"712\">\n<tbody>\n<tr>\n<td width=\"308\"><strong>NOME<\/strong><\/td>\n<\/tr>\n<tr>\n<td width=\"308\">AMANDA FONSECA LEITZKE<\/td>\n<\/tr>\n<tr>\n<td width=\"308\">Ana Carolina Cunha Ribeiro<\/td>\n<\/tr>\n<tr>\n<td width=\"308\">ANGELA MARIA VICTORIA GIACUMMO ELVIRA<\/td>\n<\/tr>\n<tr>\n<td width=\"308\">ANIELLY CAROLAINY ALVES AMORIM<\/td>\n<\/tr>\n<tr>\n<td width=\"308\">Beatriz Domingas da Cor\u00f4a<\/td>\n<\/tr>\n<tr>\n<td width=\"308\">CAROLINA HOCH VIEIRA FERNANDES<\/td>\n<\/tr>\n<tr>\n<td width=\"308\">CELSO MOACIR RIBEIRO<\/td>\n<\/tr>\n<tr>\n<td width=\"308\">DERICK DOS SANTOS COUTO<\/td>\n<\/tr>\n<tr>\n<td width=\"308\">Felipe Carvalho da Silva<\/td>\n<\/tr>\n<tr>\n<td width=\"308\">GABRIEL CHAGAS GON\u00c7ALVES<\/td>\n<\/tr>\n<tr>\n<td width=\"308\">GUILHERME SILVA SALGUEIRO<\/td>\n<\/tr>\n<tr>\n<td width=\"308\">JO\u00c3O VITOR ALVES SOARES DE PAULO<\/td>\n<\/tr>\n<tr>\n<td width=\"308\">LAILA VALERIO CONSTANTINO<\/td>\n<\/tr>\n<tr>\n<td width=\"308\">LUANA DOS SANTOS CRUZ<\/td>\n<\/tr>\n<tr>\n<td width=\"308\">MATEUS FERREIRA SANTOS<\/td>\n<\/tr>\n<tr>\n<td width=\"308\">Matheus Menezes<\/td>\n<\/tr>\n<tr>\n<td width=\"308\">MILENE ALVES DE VASCONCELOS<\/td>\n<\/tr>\n<tr>\n<td width=\"308\">PABLO ABELAIRA DE SOUZA<\/td>\n<\/tr>\n<tr>\n<td width=\"308\">Pedro Henrique Moreira Silva Moraes<\/td>\n<\/tr>\n<tr>\n<td width=\"308\">PRISCILA HATANO BAPTISTA<\/td>\n<\/tr>\n<tr>\n<td width=\"308\">PRISCILA PEDROTTI<\/td>\n<\/tr>\n<tr>\n<td width=\"308\">Rodrigo de Souza PASSOS<\/td>\n<\/tr>\n<tr>\n<td width=\"308\">SABRINE CORR\u00caA MIRAPALHETE LIMA<\/td>\n<\/tr>\n<tr>\n<td width=\"308\">THABATA PAOLA IDIART BRUM<\/td>\n<\/tr>\n<\/tbody>\n<\/table>\n<p>&nbsp;<\/p>\n<p style=\"text-align: center\"><span style=\"color: #800000\"><strong>M\u00f3dulo de Geometria Anal\u00edtica<br \/>\n<\/strong><\/span><\/p>\n<p style=\"text-align: left\"><span style=\"color: #800000\"><strong>Turma \u00fanica <\/strong><\/span>\u00a0\u2013 das 08:00 \u00e0s 12:00.<br \/>\nLocal: Sala 206 &#8211; Campus II &#8211; Rua Almirante Barroso, 1202 &#8211; (IN\u00cdCIO 14\/09)<\/p>\n<table width=\"712\">\n<tbody>\n<tr>\n<td width=\"308\"><strong>NOME<\/strong><\/td>\n<\/tr>\n<tr>\n<td width=\"308\">ADRIANO IRIBARREM MOTA<\/td>\n<\/tr>\n<tr>\n<td width=\"308\">ALEXIA DA CUNHA BROSE<\/td>\n<\/tr>\n<tr>\n<td width=\"308\">Andr\u00e9 Francisco Sanches Abra\u00e3o Junior<\/td>\n<\/tr>\n<tr>\n<td width=\"308\">ANDR\u00c9 LEITE DA SILVA<\/td>\n<\/tr>\n<tr>\n<td width=\"308\">ANDRESSA WERNER KRAUSE PEREIRA<\/td>\n<\/tr>\n<tr>\n<td width=\"308\">ANDRIELI EBLING FANKA DA CUNHA<\/td>\n<\/tr>\n<tr>\n<td width=\"308\">Axel Coutinho Rosa<\/td>\n<\/tr>\n<tr>\n<td width=\"308\">BRUNA RAFAELA PIZZI<\/td>\n<\/tr>\n<tr>\n<td width=\"308\">CAMILA DA SILVA DE OLIVEIRA<\/td>\n<\/tr>\n<tr>\n<td width=\"308\">CAMILA PINTO AIRES<\/td>\n<\/tr>\n<tr>\n<td width=\"308\">CARINA MACHADO LIMA<\/td>\n<\/tr>\n<tr>\n<td width=\"308\">CARLA GIOVANA GON\u00c7ALVES MALGUEIRO<\/td>\n<\/tr>\n<tr>\n<td width=\"308\">CAROLINA MEES BARBOSA<\/td>\n<\/tr>\n<tr>\n<td width=\"308\">CELSO MOACIR RIBEIROO<\/td>\n<\/tr>\n<tr>\n<td width=\"308\">chaiani battisti<\/td>\n<\/tr>\n<tr>\n<td width=\"308\">Cheirli Dos Santos Matos Oliveira<\/td>\n<\/tr>\n<tr>\n<td width=\"308\">DANIELLE OLIVEIRA DE SOUZA<\/td>\n<\/tr>\n<tr>\n<td width=\"308\">DOUGLAS SOUZA GOMES<\/td>\n<\/tr>\n<tr>\n<td width=\"308\">Eduarda Barcelos Sausen<\/td>\n<\/tr>\n<tr>\n<td width=\"308\">ERIL\u00c2NDIA DE ANDRADE FERREIRA<\/td>\n<\/tr>\n<tr>\n<td width=\"308\">FABIO ADRIANO DE FIGUEIREDO<\/td>\n<\/tr>\n<tr>\n<td width=\"308\">FELIPE MACHADO D&#8217;AVILA<\/td>\n<\/tr>\n<tr>\n<td width=\"308\">GUILHERME SILVA SALGUEIRO<\/td>\n<\/tr>\n<tr>\n<td width=\"308\">HENRIQUE DOS SANTOS ROMEL<\/td>\n<\/tr>\n<tr>\n<td width=\"308\">HENRIQUE MATHIAS REIS<\/td>\n<\/tr>\n<tr>\n<td width=\"308\">HERICA CORTINAZ MACHADO<\/td>\n<\/tr>\n<tr>\n<td width=\"308\">IOHANNA NUNES VAN OMMEREN<\/td>\n<\/tr>\n<tr>\n<td width=\"308\">JENIFER PEREIRA CARDOSO<\/td>\n<\/tr>\n<tr>\n<td width=\"308\">JULIA CECILIA FERRARI BRAGA<\/td>\n<\/tr>\n<tr>\n<td width=\"308\">LARA DILELIO ALVES<\/td>\n<\/tr>\n<tr>\n<td width=\"308\">LUCAS COSTA TUERLINCKX<\/td>\n<\/tr>\n<tr>\n<td width=\"308\">LUCAS DIAS DOS SANTOS<\/td>\n<\/tr>\n<tr>\n<td width=\"308\">LUIZA CAMPELO NIEWINSKI<\/td>\n<\/tr>\n<tr>\n<td width=\"308\">MAIARASILVEIRACALDEIRA<\/td>\n<\/tr>\n<tr>\n<td width=\"308\">MARIA ROS\u00c1LIA VIEIRA DE MENESES<\/td>\n<\/tr>\n<tr>\n<td width=\"308\">MARILIA DE OLIVEIRA FELTEN<\/td>\n<\/tr>\n<tr>\n<td width=\"308\">Marina de Oliveira Rosa<\/td>\n<\/tr>\n<tr>\n<td width=\"308\">MATEUS ALKIMIM ALVES<\/td>\n<\/tr>\n<tr>\n<td width=\"308\">MATHEUS NUNES DA ROSA<\/td>\n<\/tr>\n<tr>\n<td width=\"308\">MILENA NUNES CASTRO<\/td>\n<\/tr>\n<tr>\n<td width=\"308\">MILENE ALVES DE VASCONCELOS<\/td>\n<\/tr>\n<tr>\n<td width=\"308\">MILENE DUMMER<\/td>\n<\/tr>\n<tr>\n<td width=\"308\">Nitiel Corr\u00eaa de Avila<\/td>\n<\/tr>\n<tr>\n<td width=\"308\">PABLO ABELAIRA DE SOUZA<\/td>\n<\/tr>\n<tr>\n<td width=\"308\">PRISCILA VARGAS NUNES<\/td>\n<\/tr>\n<tr>\n<td width=\"308\">RAFAELA BORGES DE LIMA<\/td>\n<\/tr>\n<tr>\n<td width=\"308\">RAQUEL DE SOUZA ZIMMER<\/td>\n<\/tr>\n<tr>\n<td width=\"308\">Rodrigo Andrade Muraro<\/td>\n<\/tr>\n<tr>\n<td width=\"308\">Tain\u00e1 da Silva Pereira<\/td>\n<\/tr>\n<tr>\n<td width=\"308\">TH\u00c1BATA PAOLA IDART BRUM<\/td>\n<\/tr>\n<tr>\n<td width=\"308\">Thalia de Souza do Amaral Lemos<\/td>\n<\/tr>\n<\/tbody>\n<\/table>\n<p>&nbsp;<\/p>\n","protected":false},"excerpt":{"rendered":"<p>M\u00f3dulo de Fun\u00e7\u00f5es Turma \u00fanica \u00a0\u2013 das 08:00 \u00e0s 12:00. Local: Sala 202 &#8211; Campus II &#8211; Rua Almirante Barroso, 1202 &#8211; (IN\u00cdCIO 14\/09) &nbsp; NOME Ana Paula Marques de [&hellip;]<\/p>\n","protected":false},"author":437,"featured_media":0,"comment_status":"closed","ping_status":"closed","sticky":false,"template":"","format":"standard","meta":{"jetpack_post_was_ever_published":false,"_jetpack_newsletter_access":"","_jetpack_dont_email_post_to_subs":false,"_jetpack_newsletter_tier_id":0,"_jetpack_memberships_contains_paywalled_content":false,"_jetpack_memberships_contains_paid_content":false,"footnotes":"","jetpack_publicize_message":"","jetpack_publicize_feature_enabled":true,"jetpack_social_post_already_shared":true,"jetpack_social_options":{"image_generator_settings":{"template":"highway","default_image_id":0,"font":"","enabled":false},"version":2}},"categories":[18],"tags":[],"class_list":["post-3826","post","type-post","status-publish","format-standard","hentry","category-inicio-inicio"],"jetpack_publicize_connections":[],"jetpack_featured_media_url":"","jetpack_sharing_enabled":true,"jetpack_shortlink":"https:\/\/wp.me\/p6Slop-ZI","_links":{"self":[{"href":"https:\/\/wp.ufpel.edu.br\/projetogama\/wp-json\/wp\/v2\/posts\/3826","targetHints":{"allow":["GET"]}}],"collection":[{"href":"https:\/\/wp.ufpel.edu.br\/projetogama\/wp-json\/wp\/v2\/posts"}],"about":[{"href":"https:\/\/wp.ufpel.edu.br\/projetogama\/wp-json\/wp\/v2\/types\/post"}],"author":[{"embeddable":true,"href":"https:\/\/wp.ufpel.edu.br\/projetogama\/wp-json\/wp\/v2\/users\/437"}],"replies":[{"embeddable":true,"href":"https:\/\/wp.ufpel.edu.br\/projetogama\/wp-json\/wp\/v2\/comments?post=3826"}],"version-history":[{"count":3,"href":"https:\/\/wp.ufpel.edu.br\/projetogama\/wp-json\/wp\/v2\/posts\/3826\/revisions"}],"predecessor-version":[{"id":3837,"href":"https:\/\/wp.ufpel.edu.br\/projetogama\/wp-json\/wp\/v2\/posts\/3826\/revisions\/3837"}],"wp:attachment":[{"href":"https:\/\/wp.ufpel.edu.br\/projetogama\/wp-json\/wp\/v2\/media?parent=3826"}],"wp:term":[{"taxonomy":"category","embeddable":true,"href":"https:\/\/wp.ufpel.edu.br\/projetogama\/wp-json\/wp\/v2\/categories?post=3826"},{"taxonomy":"post_tag","embeddable":true,"href":"https:\/\/wp.ufpel.edu.br\/projetogama\/wp-json\/wp\/v2\/tags?post=3826"}],"curies":[{"name":"wp","href":"https:\/\/api.w.org\/{rel}","templated":true}]}}