{"id":3811,"date":"2019-09-06T09:18:54","date_gmt":"2019-09-06T12:18:54","guid":{"rendered":"https:\/\/wp.ufpel.edu.br\/projetogama\/?p=3811"},"modified":"2019-09-12T19:45:43","modified_gmt":"2019-09-12T22:45:43","slug":"inscricoes-para-o-primeiro-encontro-de-equacoes-diferenciais-de-2019-2","status":"publish","type":"post","link":"https:\/\/wp.ufpel.edu.br\/projetogama\/2019\/09\/06\/inscricoes-para-o-primeiro-encontro-de-equacoes-diferenciais-de-2019-2\/","title":{"rendered":"Inscri\u00e7\u00f5es para o primeiro encontro de Equa\u00e7\u00f5es Diferenciais de 2019\/2"},"content":{"rendered":"<p><span style=\"color: #000000\">Est\u00e3o abertas as inscri\u00e7\u00f5es para o <\/span><span style=\"color: #800000\"><b>\u00a0Primeiro Encontro de Equa\u00e7\u00f5es Diferenciais (ED) de 2019\/2<\/b><\/span>, <span style=\"color: #000000\">oferecido pelo Projeto GAMA: Grupo de Apoio em Matem\u00e1tica.<\/span><\/p>\n<p><span style=\"color: #800000\"><strong>Inscri\u00e7\u00f5es:<\/strong> <\/span><span style=\"color: #000000\">de 06\/09\/19 a 12\/09\/19 (at\u00e9 \u00e0s 18hs).<\/span><\/p>\n<p><span style=\"color: #800000\"><strong>Divulga\u00e7\u00e3o das turmas:<\/strong><span style=\"color: #000000\"> 13\/09\/19 \u00e0s 17hs.<\/span><\/span><\/p>\n<p><span style=\"color: #800000\"><strong>Data do Encontro:<\/strong> <span style=\"color: #000000\">14<\/span><\/span><span style=\"color: #000000\">\/09\/19 &#8211; s\u00e1bado.<\/span><\/p>\n<p><span style=\"color: #800000\"><strong>Hor\u00e1rio do Encontro:<\/strong><\/span> <span style=\"color: #000000\">das 8hs \u00e0s 12hs.<\/span><\/p>\n<p><span style=\"color: #800000\"><strong>Local:<\/strong> <\/span><span style=\"color: #000000\">Campus II &#8211; Rua Almirante Barroso, 1202, Centro &#8211; Pelotas.<\/span><\/p>\n<p><span style=\"color: #800000\"><strong>Conte\u00fados abordados:<\/strong><\/span> <span style=\"color: #000000\">Equa\u00e7\u00f5es Diferenciais Ordin\u00e1rias de primeira ordem e aplica\u00e7\u00f5es.<\/span><\/p>\n<p style=\"text-align: center\"><span style=\"color: #000000\">Se voc\u00ea \u00e9 estudante da UFPel, fa\u00e7a a sua inscri\u00e7\u00e3o<\/span>\u00a0<span style=\"color: #0000ff\">AQUI<\/span><\/p>\n<p style=\"text-align: center\"><span style=\"color: #000000\">Se voc\u00ea n\u00e3o \u00e9 estudante da UFPel, fa\u00e7a a sua inscri\u00e7\u00e3o<\/span>\u00a0<span style=\"color: #0000ff\">AQUI<\/span><\/p>\n","protected":false},"excerpt":{"rendered":"<p>Est\u00e3o abertas as inscri\u00e7\u00f5es para o \u00a0Primeiro Encontro de Equa\u00e7\u00f5es Diferenciais (ED) de 2019\/2, oferecido pelo Projeto GAMA: Grupo de Apoio em Matem\u00e1tica. Inscri\u00e7\u00f5es: de 06\/09\/19 a 12\/09\/19 (at\u00e9 \u00e0s [&hellip;]<\/p>\n","protected":false},"author":437,"featured_media":0,"comment_status":"closed","ping_status":"closed","sticky":false,"template":"","format":"standard","meta":{"jetpack_post_was_ever_published":false,"_jetpack_newsletter_access":"","_jetpack_dont_email_post_to_subs":false,"_jetpack_newsletter_tier_id":0,"_jetpack_memberships_contains_paywalled_content":false,"_jetpack_memberships_contains_paid_content":false,"footnotes":"","jetpack_publicize_message":"","jetpack_publicize_feature_enabled":true,"jetpack_social_post_already_shared":true,"jetpack_social_options":{"image_generator_settings":{"template":"highway","default_image_id":0,"font":"","enabled":false},"version":2}},"categories":[18],"tags":[],"class_list":["post-3811","post","type-post","status-publish","format-standard","hentry","category-inicio-inicio"],"jetpack_publicize_connections":[],"jetpack_featured_media_url":"","jetpack_sharing_enabled":true,"jetpack_shortlink":"https:\/\/wp.me\/p6Slop-Zt","_links":{"self":[{"href":"https:\/\/wp.ufpel.edu.br\/projetogama\/wp-json\/wp\/v2\/posts\/3811","targetHints":{"allow":["GET"]}}],"collection":[{"href":"https:\/\/wp.ufpel.edu.br\/projetogama\/wp-json\/wp\/v2\/posts"}],"about":[{"href":"https:\/\/wp.ufpel.edu.br\/projetogama\/wp-json\/wp\/v2\/types\/post"}],"author":[{"embeddable":true,"href":"https:\/\/wp.ufpel.edu.br\/projetogama\/wp-json\/wp\/v2\/users\/437"}],"replies":[{"embeddable":true,"href":"https:\/\/wp.ufpel.edu.br\/projetogama\/wp-json\/wp\/v2\/comments?post=3811"}],"version-history":[{"count":4,"href":"https:\/\/wp.ufpel.edu.br\/projetogama\/wp-json\/wp\/v2\/posts\/3811\/revisions"}],"predecessor-version":[{"id":3834,"href":"https:\/\/wp.ufpel.edu.br\/projetogama\/wp-json\/wp\/v2\/posts\/3811\/revisions\/3834"}],"wp:attachment":[{"href":"https:\/\/wp.ufpel.edu.br\/projetogama\/wp-json\/wp\/v2\/media?parent=3811"}],"wp:term":[{"taxonomy":"category","embeddable":true,"href":"https:\/\/wp.ufpel.edu.br\/projetogama\/wp-json\/wp\/v2\/categories?post=3811"},{"taxonomy":"post_tag","embeddable":true,"href":"https:\/\/wp.ufpel.edu.br\/projetogama\/wp-json\/wp\/v2\/tags?post=3811"}],"curies":[{"name":"wp","href":"https:\/\/api.w.org\/{rel}","templated":true}]}}