{"id":3772,"date":"2019-08-15T20:55:02","date_gmt":"2019-08-15T23:55:02","guid":{"rendered":"https:\/\/wp.ufpel.edu.br\/projetogama\/?p=3772"},"modified":"2019-08-15T21:04:13","modified_gmt":"2019-08-16T00:04:13","slug":"novas-turmas-de-apoio-do-gama","status":"publish","type":"post","link":"https:\/\/wp.ufpel.edu.br\/projetogama\/2019\/08\/15\/novas-turmas-de-apoio-do-gama\/","title":{"rendered":"Novas turmas de Apoio do GAMA"},"content":{"rendered":"<p style=\"text-align: center\"><span style=\"color: #800000\"><strong>M\u00f3dulo de Fun\u00e7\u00f5es Trigonom\u00e9tricas, Exponenciais e Logar\u00edtmicas<br \/>\n<\/strong><\/span><\/p>\n<p style=\"text-align: left\"><span style=\"color: #800000\"><strong>Turma \u00fanica <\/strong><\/span>\u00a0\u2013 das 08:00 \u00e0s 12:00.<br \/>\nLocal: Sala 202 &#8211; Campus II &#8211; Rua Almirante Barroso, 1202 &#8211; (IN\u00cdCIO 17\/08)<\/p>\n<table width=\"712\">\n<tbody>\n<tr>\n<td width=\"308\"><strong>NOME<\/strong><\/td>\n<\/tr>\n<tr>\n<td width=\"308\">Anielly Carolainy Alves Amorim<\/td>\n<\/tr>\n<tr>\n<td width=\"308\">BRUNO PAULINO DA SILVA<\/td>\n<\/tr>\n<tr>\n<td width=\"308\">CARLOS EDUARDO IRIART<\/td>\n<\/tr>\n<tr>\n<td width=\"308\">FELIPE MACHADO D&#8217;AVILA<\/td>\n<\/tr>\n<tr>\n<td width=\"308\">Gabriel de Quadros Kruger<\/td>\n<\/tr>\n<tr>\n<td width=\"308\">JO\u00c3O V\u00cdTOR DIAS WASQUEVITE<\/td>\n<\/tr>\n<tr>\n<td width=\"308\">KAMILLA DA SILVA MARTINS PITANA<\/td>\n<\/tr>\n<tr>\n<td width=\"308\">LARA DILELIO ALVES<\/td>\n<\/tr>\n<tr>\n<td width=\"308\">LEONARDO DA SILVA PEREIRA<\/td>\n<\/tr>\n<tr>\n<td width=\"308\">LUCAS COSTA TUERLINCKX<\/td>\n<\/tr>\n<tr>\n<td width=\"308\">MAR\u00cdLIA ADAMOLI CARVALHO<\/td>\n<\/tr>\n<tr>\n<td width=\"308\">PAULO PEREIRA DA SILVA<\/td>\n<\/tr>\n<tr>\n<td width=\"308\">RAFAEL DA SILVA MARTINS<\/td>\n<\/tr>\n<tr>\n<td width=\"308\">Samantta Suellen Salgado Fontes<\/td>\n<\/tr>\n<tr>\n<td width=\"308\">Suzan Viviane Nunes e Silva<\/td>\n<\/tr>\n<tr>\n<td width=\"308\">THAIS RUTZ<\/td>\n<\/tr>\n<tr>\n<td width=\"308\">THIAGO NUNES BATISTA<\/td>\n<\/tr>\n<tr>\n<td width=\"308\">Vin\u00edcius Severo do Amaral<\/td>\n<\/tr>\n<tr>\n<td width=\"308\">YAN FERNANDES SILVEIRA<\/td>\n<\/tr>\n<\/tbody>\n<\/table>\n<p>&nbsp;<\/p>\n<p style=\"text-align: center\"><span style=\"color: #800000\"><strong>M\u00f3dulo de Limites<br \/>\n<\/strong><\/span><\/p>\n<p style=\"text-align: left\"><span style=\"color: #800000\"><strong>Turma \u00fanica <\/strong><\/span>\u00a0\u2013 das 08:00 \u00e0s 12:00.<br \/>\nLocal: Sala 204 &#8211; Campus II &#8211; Rua Almirante Barroso, 1202 &#8211; (IN\u00cdCIO 17\/08)<\/p>\n<table width=\"712\">\n<tbody>\n<tr>\n<td width=\"308\"><strong>NOME<\/strong><\/td>\n<\/tr>\n<tr>\n<td width=\"308\">ADRIA SUELLEN PAULINO DE OLIVEIRA<\/td>\n<\/tr>\n<tr>\n<td width=\"308\">ANDRIA RODRIGUES SILVEIRA<\/td>\n<\/tr>\n<tr>\n<td width=\"308\">Anielly Carolainy Alves Amorim<\/td>\n<\/tr>\n<tr>\n<td width=\"308\">BERNARDO PINTO SILVEIRA<\/td>\n<\/tr>\n<tr>\n<td width=\"308\">BRUNO RAMOS MARTINS<\/td>\n<\/tr>\n<tr>\n<td width=\"308\">CLEBER FARIAS BERNDSEN JUNIOR<\/td>\n<\/tr>\n<tr>\n<td width=\"308\">Daphne Drumond Feij\u00f3 Araujo Fleischhauer<\/td>\n<\/tr>\n<tr>\n<td width=\"308\">D\u00c9BORA RIBEIRO GON\u00c7ALVES<\/td>\n<\/tr>\n<tr>\n<td width=\"308\">Eduarda Iglezias de Lima Medeiros<\/td>\n<\/tr>\n<tr>\n<td width=\"308\">EVELYN FERREIRA LIMA<\/td>\n<\/tr>\n<tr>\n<td width=\"308\">GUSTAVO NUNES DE ALMEIDA<\/td>\n<\/tr>\n<tr>\n<td width=\"308\">KEIMILLY MAKIELLY DA SILVA ROSA<\/td>\n<\/tr>\n<tr>\n<td width=\"308\">LUANA DOS SANTOS CRUZ<\/td>\n<\/tr>\n<tr>\n<td width=\"308\">M\u00c1RCIO RODRIGUES AFFONSO<\/td>\n<\/tr>\n<tr>\n<td width=\"308\">Maria Cristina Pereira dos Santos<\/td>\n<\/tr>\n<tr>\n<td width=\"308\">Nicolle Lima<\/td>\n<\/tr>\n<tr>\n<td width=\"308\">OT\u00c1VIO LUIZ DIAS TAVARES<\/td>\n<\/tr>\n<tr>\n<td width=\"308\">RAFAELLA ALVES SANTOS<\/td>\n<\/tr>\n<tr>\n<td width=\"308\">RODRIGO DE SOUZA PASSOS<\/td>\n<\/tr>\n<tr>\n<td width=\"308\">TAVANE FERREIRA BRAGA<\/td>\n<\/tr>\n<tr>\n<td width=\"308\">Vithorio da Concei\u00e7\u00e3o Dutra<\/td>\n<\/tr>\n<tr>\n<td width=\"308\">WILLIAM JONE HENZEL VILLANOVA<\/td>\n<\/tr>\n<tr>\n<td width=\"308\">William Leonardo Peixoto Pereira<\/td>\n<\/tr>\n<\/tbody>\n<\/table>\n<p>&nbsp;<\/p>\n<p style=\"text-align: center\"><span style=\"color: #800000\"><strong>M\u00f3dulo de Geometria Anal\u00edtica<br \/>\n<\/strong><\/span><\/p>\n<p style=\"text-align: left\"><span style=\"color: #800000\"><strong>Turma \u00fanica <\/strong><\/span>\u00a0\u2013 das 08:00 \u00e0s 12:00.<br \/>\nLocal: Sala 206 &#8211; Campus II &#8211; Rua Almirante Barroso, 1202 &#8211; (IN\u00cdCIO 17\/08)<\/p>\n<table width=\"712\">\n<tbody>\n<tr>\n<td width=\"308\"><strong>NOME<\/strong><\/td>\n<\/tr>\n<tr>\n<td width=\"308\">ADRIANO IRIBARREM MOTA<\/td>\n<\/tr>\n<tr>\n<td width=\"308\">Alisson Tonin<\/td>\n<\/tr>\n<tr>\n<td width=\"308\">Ana Paula Marques de Oliveira<\/td>\n<\/tr>\n<tr>\n<td width=\"308\">Armando Tavares<\/td>\n<\/tr>\n<tr>\n<td width=\"308\">CAIO C\u00c9SAR CARVALHO PINTO FILHO<\/td>\n<\/tr>\n<tr>\n<td width=\"308\">CARLOS GIOVANI DE PAULA H\u00d6RNKE<\/td>\n<\/tr>\n<tr>\n<td width=\"308\">CHEIRLI DOS SANTOS MATOS OLIVEIRA<\/td>\n<\/tr>\n<tr>\n<td width=\"308\">Fernanda Karolaine Dutra da Silva<\/td>\n<\/tr>\n<tr>\n<td width=\"308\">GABRIELA RIBEIRO SILVEIRA DA SILVA<\/td>\n<\/tr>\n<tr>\n<td width=\"308\">Gabriela Trisch de Quadros<\/td>\n<\/tr>\n<tr>\n<td width=\"308\">GEAN CARLOS BRAND\u00c3O<\/td>\n<\/tr>\n<tr>\n<td width=\"308\">Geovana Vilella Azevedo<\/td>\n<\/tr>\n<tr>\n<td width=\"308\">Mauricio Carvalho Mucci<\/td>\n<\/tr>\n<tr>\n<td width=\"308\">Patricia Dias Dutra<\/td>\n<\/tr>\n<tr>\n<td width=\"308\">Paulo Henrique Costa Souza<\/td>\n<\/tr>\n<tr>\n<td width=\"308\">Talles Costa Garcia<\/td>\n<\/tr>\n<tr>\n<td width=\"308\">TAVANE DA SILVA RODRIGUES<\/td>\n<\/tr>\n<tr>\n<td width=\"308\">Thiago de Oliveira Tavares<\/td>\n<\/tr>\n<tr>\n<td width=\"308\">VANESSA PRESTES<\/td>\n<\/tr>\n<\/tbody>\n<\/table>\n<p style=\"text-align: center\"><span style=\"color: #800000\"><strong>M\u00f3dulo de Fun\u00e7\u00f5es<br \/>\n<\/strong><\/span><\/p>\n<p style=\"text-align: left\"><span style=\"color: #800000\"><strong>Turma \u00fanica <\/strong><\/span>\u00a0\u2013 das 14:00 \u00e0s 18:00.<br \/>\nLocal: Sala 204 &#8211; Campus II &#8211; Rua Almirante Barroso, 1202 &#8211; (IN\u00cdCIO 17\/08)<\/p>\n<table width=\"712\">\n<tbody>\n<tr>\n<td width=\"308\"><strong>NOME<\/strong><\/td>\n<\/tr>\n<tr>\n<td width=\"308\">ADRIA SUELLEN PAULINO DE OLIVEIRA<\/td>\n<\/tr>\n<tr>\n<td width=\"308\">ALINE CAMARA GON\u00c7ALVES<\/td>\n<\/tr>\n<tr>\n<td width=\"308\">ANDRIA RODRIGUES SILVEIRA<\/td>\n<\/tr>\n<tr>\n<td width=\"308\">\u00c2ngelo Kaleu Amaral Vieira<\/td>\n<\/tr>\n<tr>\n<td width=\"308\">BRUNO PAULINO DA SILVA<\/td>\n<\/tr>\n<tr>\n<td width=\"308\">Daphne Drumond Feijo Araujo Fleischhauer<\/td>\n<\/tr>\n<tr>\n<td width=\"308\">EDUARDO DAMASCENO DE OLIVEIRA<\/td>\n<\/tr>\n<tr>\n<td width=\"308\">ELISABETE\u00a0 SILVA DE LIMA<\/td>\n<\/tr>\n<tr>\n<td width=\"308\">Emanuelle Lange Bilhan<\/td>\n<\/tr>\n<tr>\n<td width=\"308\">FELIPE MACHADO D&#8217;AVILA<\/td>\n<\/tr>\n<tr>\n<td width=\"308\">Gabriel de Quadros Kruger<\/td>\n<\/tr>\n<tr>\n<td width=\"308\">GLAUBER MARTINS NIEMEIER<\/td>\n<\/tr>\n<tr>\n<td width=\"308\">GUSTAVO NUNES DE ALMEIDA<\/td>\n<\/tr>\n<tr>\n<td width=\"308\">Hector Hudson Diniz Fernandes<\/td>\n<\/tr>\n<tr>\n<td width=\"308\">JAMIL SALEH GODINHO<\/td>\n<\/tr>\n<tr>\n<td width=\"308\">Jesus Francisco Vieira Fernandes<\/td>\n<\/tr>\n<tr>\n<td width=\"308\">JO\u00c3O V\u00cdTOR DIAS WASQUEVITE<\/td>\n<\/tr>\n<tr>\n<td width=\"308\">JULIO CESAR DOS SANTOS FLORES<\/td>\n<\/tr>\n<tr>\n<td width=\"308\">KAMILLA DA SILVA MARTINS PITANA<\/td>\n<\/tr>\n<tr>\n<td width=\"308\">LEONARDO DA SILVA PEREIRA<\/td>\n<\/tr>\n<tr>\n<td width=\"308\">LUCAS COSTA TUERLINCKX<\/td>\n<\/tr>\n<tr>\n<td width=\"308\">MARIA SELOI PEREIRA<\/td>\n<\/tr>\n<tr>\n<td width=\"308\">OT\u00c1VIO LUIZ DIAS TAVARES<\/td>\n<\/tr>\n<tr>\n<td width=\"308\">PAULA CATARINA MATOS FERREIRA<\/td>\n<\/tr>\n<tr>\n<td width=\"308\">RAFAEL DA SILVA MARTINS<\/td>\n<\/tr>\n<tr>\n<td width=\"308\">Samantta Suellen Salgado Fontes<\/td>\n<\/tr>\n<tr>\n<td width=\"308\">THAIS RUTZ<\/td>\n<\/tr>\n<\/tbody>\n<\/table>\n<p>&nbsp;<\/p>\n<p style=\"text-align: center\"><span style=\"color: #800000\"><strong>M\u00f3dulo de Matem\u00e1tica B\u00e1sica<br \/>\n<\/strong><\/span><\/p>\n<p style=\"text-align: left\"><span style=\"color: #800000\"><strong>Turma \u00fanica <\/strong><\/span>\u00a0\u2013 das 14:00 \u00e0s 18:00.<br \/>\nLocal: Sala 202 &#8211; Campus II &#8211; Rua Almirante Barroso, 1202 &#8211; (IN\u00cdCIO 17\/08)<\/p>\n<table width=\"712\">\n<tbody>\n<tr>\n<td width=\"308\"><strong>NOME<\/strong><\/td>\n<\/tr>\n<tr>\n<td width=\"308\">ANA CLARA FREIRE BATISTA<\/td>\n<\/tr>\n<tr>\n<td width=\"308\">ANDRESSA LIMA BRUM<\/td>\n<\/tr>\n<tr>\n<td width=\"308\">BRENDA ALMEIDA BASTOS<\/td>\n<\/tr>\n<tr>\n<td width=\"308\">Bruna Dorneles Dias<\/td>\n<\/tr>\n<tr>\n<td width=\"308\">DANIEL BUNILHA MIMBARCAS<\/td>\n<\/tr>\n<tr>\n<td width=\"308\">DANIELLE DA SILVA BOEIRA<\/td>\n<\/tr>\n<tr>\n<td width=\"308\">EVANDRO MEDEIROS SOUZA<\/td>\n<\/tr>\n<tr>\n<td width=\"308\">FABIANE COELHO LACKMANN<\/td>\n<\/tr>\n<tr>\n<td width=\"308\">FABIANE COELHO LACKMANN<\/td>\n<\/tr>\n<tr>\n<td width=\"308\">felipe bueno pinto<\/td>\n<\/tr>\n<tr>\n<td width=\"308\">Filipe Henrique Ramos<\/td>\n<\/tr>\n<tr>\n<td width=\"308\">GABRIEL DORNELLES FERREIRA<\/td>\n<\/tr>\n<tr>\n<td width=\"308\">Gabriele Bressan Ruediger<\/td>\n<\/tr>\n<tr>\n<td width=\"308\">GEILSON DE ALMEIDA SOARES<\/td>\n<\/tr>\n<tr>\n<td width=\"308\">INDIANARA GUILHERMINA KLUMB<\/td>\n<\/tr>\n<tr>\n<td width=\"308\">JOAO ANTONIO NEVES SOARES<\/td>\n<\/tr>\n<tr>\n<td width=\"308\">J\u00falia Pereira Kickhofel<\/td>\n<\/tr>\n<tr>\n<td width=\"308\">JULIANA LEITZKE SANTOS DE SOUZA<\/td>\n<\/tr>\n<tr>\n<td width=\"308\">KELIN TAIS ROMIG THIEL<\/td>\n<\/tr>\n<tr>\n<td width=\"308\">Laura Silva Dias<\/td>\n<\/tr>\n<tr>\n<td width=\"308\">Lav\u00ednia Carvalho de Oliveira<\/td>\n<\/tr>\n<tr>\n<td width=\"308\">LILIAN FERNANDA NUNES FLORES<\/td>\n<\/tr>\n<tr>\n<td width=\"308\">L\u00cdVIA CRISTINA DE ALMEIDA SILVA<\/td>\n<\/tr>\n<tr>\n<td width=\"308\">LUANA DOS SANTOS CRUZ<\/td>\n<\/tr>\n<tr>\n<td width=\"308\">Maria Antonia Silveira Costa<\/td>\n<\/tr>\n<tr>\n<td width=\"308\">MARIA LU\u00cdSA DE MORAES SALVADOR<\/td>\n<\/tr>\n<tr>\n<td width=\"308\">MAR\u00cdLIA ADAMOLI CARVALHO<\/td>\n<\/tr>\n<tr>\n<td width=\"308\">Mellina Costa<\/td>\n<\/tr>\n<tr>\n<td width=\"308\">Nathalie Schaun Barboza<\/td>\n<\/tr>\n<tr>\n<td width=\"308\">RODRIGO DE SOUZA PASSOS<\/td>\n<\/tr>\n<tr>\n<td width=\"308\">RUBENS BARBOSA LEAL<\/td>\n<\/tr>\n<tr>\n<td width=\"308\">Sabrine Corr\u00eaa Mirapalhete lima<\/td>\n<\/tr>\n<tr>\n<td width=\"308\">SANDRA GOMES GUARINO<\/td>\n<\/tr>\n<tr>\n<td width=\"308\">SARAH FONTENELE DE OLIVEIRA<\/td>\n<\/tr>\n<tr>\n<td width=\"308\">VALBER DA SILVA BARROS<\/td>\n<\/tr>\n<\/tbody>\n<\/table>\n<p>&nbsp;<\/p>\n","protected":false},"excerpt":{"rendered":"<p>M\u00f3dulo de Fun\u00e7\u00f5es Trigonom\u00e9tricas, Exponenciais e Logar\u00edtmicas Turma \u00fanica \u00a0\u2013 das 08:00 \u00e0s 12:00. Local: Sala 202 &#8211; Campus II &#8211; Rua Almirante Barroso, 1202 &#8211; (IN\u00cdCIO 17\/08) NOME Anielly [&hellip;]<\/p>\n","protected":false},"author":437,"featured_media":0,"comment_status":"closed","ping_status":"closed","sticky":false,"template":"","format":"standard","meta":{"jetpack_post_was_ever_published":false,"_jetpack_newsletter_access":"","_jetpack_dont_email_post_to_subs":false,"_jetpack_newsletter_tier_id":0,"_jetpack_memberships_contains_paywalled_content":false,"_jetpack_memberships_contains_paid_content":false,"footnotes":"","jetpack_publicize_message":"","jetpack_publicize_feature_enabled":true,"jetpack_social_post_already_shared":true,"jetpack_social_options":{"image_generator_settings":{"template":"highway","default_image_id":0,"font":"","enabled":false},"version":2}},"categories":[18],"tags":[],"class_list":["post-3772","post","type-post","status-publish","format-standard","hentry","category-inicio-inicio"],"jetpack_publicize_connections":[],"jetpack_featured_media_url":"","jetpack_sharing_enabled":true,"jetpack_shortlink":"https:\/\/wp.me\/p6Slop-YQ","_links":{"self":[{"href":"https:\/\/wp.ufpel.edu.br\/projetogama\/wp-json\/wp\/v2\/posts\/3772","targetHints":{"allow":["GET"]}}],"collection":[{"href":"https:\/\/wp.ufpel.edu.br\/projetogama\/wp-json\/wp\/v2\/posts"}],"about":[{"href":"https:\/\/wp.ufpel.edu.br\/projetogama\/wp-json\/wp\/v2\/types\/post"}],"author":[{"embeddable":true,"href":"https:\/\/wp.ufpel.edu.br\/projetogama\/wp-json\/wp\/v2\/users\/437"}],"replies":[{"embeddable":true,"href":"https:\/\/wp.ufpel.edu.br\/projetogama\/wp-json\/wp\/v2\/comments?post=3772"}],"version-history":[{"count":3,"href":"https:\/\/wp.ufpel.edu.br\/projetogama\/wp-json\/wp\/v2\/posts\/3772\/revisions"}],"predecessor-version":[{"id":3776,"href":"https:\/\/wp.ufpel.edu.br\/projetogama\/wp-json\/wp\/v2\/posts\/3772\/revisions\/3776"}],"wp:attachment":[{"href":"https:\/\/wp.ufpel.edu.br\/projetogama\/wp-json\/wp\/v2\/media?parent=3772"}],"wp:term":[{"taxonomy":"category","embeddable":true,"href":"https:\/\/wp.ufpel.edu.br\/projetogama\/wp-json\/wp\/v2\/categories?post=3772"},{"taxonomy":"post_tag","embeddable":true,"href":"https:\/\/wp.ufpel.edu.br\/projetogama\/wp-json\/wp\/v2\/tags?post=3772"}],"curies":[{"name":"wp","href":"https:\/\/api.w.org\/{rel}","templated":true}]}}