{"id":3716,"date":"2019-08-01T16:47:56","date_gmt":"2019-08-01T19:47:56","guid":{"rendered":"https:\/\/wp.ufpel.edu.br\/projetogama\/?p=3716"},"modified":"2019-08-07T08:41:28","modified_gmt":"2019-08-07T11:41:28","slug":"selecao-de-bolsistas-3","status":"publish","type":"post","link":"https:\/\/wp.ufpel.edu.br\/projetogama\/2019\/08\/01\/selecao-de-bolsistas-3\/","title":{"rendered":"Sele\u00e7\u00e3o de bolsistas"},"content":{"rendered":"<p><span style=\"color: #000000\">O Projeto GAMA: Grupo de Apoio em Matem\u00e1tica divulga atrav\u00e9s deste a abertura de edital de sele\u00e7\u00e3o para dois bolsistas, sendo uma dispon\u00edvel para vaga Ampla Concorr\u00eancia (AC) e uma vaga dispon\u00edveis para A\u00e7\u00f5es Afirmativas (AA), mais cadastro de reserva.<\/span><\/p>\n<p style=\"text-align: center\"><strong><span style=\"color: #800000\">Descri\u00e7\u00e3o das atividades<\/span><\/strong><\/p>\n<p style=\"text-align: justify\"><span style=\"color: #000000\">As<\/span> <span style=\"color: #800000\"><strong>Atividades de Refor\u00e7o em C\u00e1lculo<\/strong><\/span> <span style=\"color: #000000\">s\u00e3o atividades de revis\u00e3o em C\u00e1lculo Diferencial e Integral oferecidas pelo GAMA aos estudantes da UFPel. As atividades s\u00e3o ministradas pelos bolsistas do projeto GAMA e acompanhadas presencialmente pelos professores colaboradores do projeto. Esta atividade proporciona uma excelente oportunidade de contato com a pr\u00e1tica docente para estudantes (de diversos cursos, n\u00e3o somente de licenciatura) que pretendem atuar futuramente como docentes. As atividades abordam conte\u00fados relacionados \u00e0 matem\u00e1tica b\u00e1sica, fun\u00e7\u00f5es, limites, derivadas e integrais de fun\u00e7\u00f5es reais de uma vari\u00e1vel real. A carga hor\u00e1ria total pode ser complementada tamb\u00e9m com algumas horas em monitorias do GAMA.<\/span><\/p>\n<p style=\"text-align: justify\"><span style=\"color: #000000\">As<\/span> <span style=\"color: #800000\"><strong>Encontros e Monitorias de C\u00e1lculo Diferencial e Integral<\/strong><\/span>\u00a0<span style=\"color: #000000\">s\u00e3o atividades destinadas ao apoio C\u00e1lculo Diferencial e Integral oferecidas pelo GAMA aos estudantes da UFPel. Nas atividades de monitoria, o bolsista fica \u00e0 disposi\u00e7\u00e3o, em determinados locais e hor\u00e1rios pr\u00e9-definidos, para atender os estudantes e esclarecer diversas d\u00favidas em conte\u00fados relacionados \u00e0 matem\u00e1tica b\u00e1sica, fun\u00e7\u00f5es, limites, derivadas e integrais de fun\u00e7\u00f5es reais de uma vari\u00e1vel real. Os Encontros de C\u00e1lculo ser\u00e3o realizados aos s\u00e1bados, de acordo com uma agenda predeterminada pelos professores respons\u00e1veis por estas atividades.\u00a0<\/span><\/p>\n<p><strong><span style=\"color: #800000\">Per\u00edodo de Inscri\u00e7\u00f5es: <\/span><\/strong><span style=\"color: #000000\">de 01 de agosto de 2019 at\u00e9 \u00e0s 18hs do dia 6 de agosto de 2019<\/span><strong><br \/>\n<\/strong><\/p>\n<p><strong><span style=\"color: #800000\">Datas das provas:<\/span><\/strong> <span style=\"color: #000000\">07\/08\/19 e 08\/08\/19.<\/span><\/p>\n<p><span style=\"color: #000000\">Mais informa\u00e7\u00f5es no Edital abaixo.<\/span><\/p>\n<p style=\"text-align: center\"><span style=\"color: #000000\">Acesse o Edital <\/span><a href=\"https:\/\/wp.ufpel.edu.br\/projetogama\/files\/2019\/08\/Edital_06_2019_1.pdf\"><span style=\"color: #0000ff\">AQUI<\/span><\/a>.<\/p>\n<p style=\"text-align: justify\"><span style=\"color: #000000\">No dia da prova, voc\u00ea dever\u00e1 apresentar um documento de identifica\u00e7\u00e3o com foto e entregar c\u00f3pia da carteira de Identidade, CPF e Hist\u00f3rico Acad\u00eamico atualizado emitido pelo COBALTO.<\/span><\/p>\n<p style=\"text-align: justify\"><span style=\"color: #000000\">Ao concorrer \u00e0s<\/span> <strong><span style=\"color: #800000\">vagas de A\u00e7\u00f5es Afirmativas &#8211; AA<\/span><\/strong><span style=\"color: #000000\">, o candidato dever\u00e1 entregar, no come\u00e7o da prova escrita, tamb\u00e9m a autodeclara\u00e7\u00e3o, devidamente impressa e assinada pelo mesmo, conforme<\/span>\u00a0<span style=\"color: #0000ff\"><a style=\"color: #0000ff\" href=\"https:\/\/wp.ufpel.edu.br\/projetogama\/files\/2019\/05\/Modelos_de_declaracao_PRE.docx\">Modelos_de_declara\u00e7\u00e3o_PRE<\/a><\/span>.<\/p>\n<p style=\"text-align: center\"><span style=\"color: #800000\"><strong>Procedimentos para a inscri\u00e7\u00e3o<\/strong><\/span><\/p>\n<p style=\"text-align: center\"><span style=\"color: #000000\">Realize a inscri\u00e7\u00e3o<\/span>\u00a0<span style=\"color: #0000ff\">AQUI<\/span>.<\/p>\n","protected":false},"excerpt":{"rendered":"<p>O Projeto GAMA: Grupo de Apoio em Matem\u00e1tica divulga atrav\u00e9s deste a abertura de edital de sele\u00e7\u00e3o para dois bolsistas, sendo uma dispon\u00edvel para vaga Ampla Concorr\u00eancia (AC) e uma [&hellip;]<\/p>\n","protected":false},"author":437,"featured_media":0,"comment_status":"closed","ping_status":"closed","sticky":false,"template":"","format":"standard","meta":{"jetpack_post_was_ever_published":false,"_jetpack_newsletter_access":"","_jetpack_dont_email_post_to_subs":false,"_jetpack_newsletter_tier_id":0,"_jetpack_memberships_contains_paywalled_content":false,"_jetpack_memberships_contains_paid_content":false,"footnotes":"","jetpack_publicize_message":"","jetpack_publicize_feature_enabled":true,"jetpack_social_post_already_shared":true,"jetpack_social_options":{"image_generator_settings":{"template":"highway","default_image_id":0,"font":"","enabled":false},"version":2}},"categories":[18],"tags":[],"class_list":["post-3716","post","type-post","status-publish","format-standard","hentry","category-inicio-inicio"],"jetpack_publicize_connections":[],"jetpack_featured_media_url":"","jetpack_sharing_enabled":true,"jetpack_shortlink":"https:\/\/wp.me\/p6Slop-XW","_links":{"self":[{"href":"https:\/\/wp.ufpel.edu.br\/projetogama\/wp-json\/wp\/v2\/posts\/3716","targetHints":{"allow":["GET"]}}],"collection":[{"href":"https:\/\/wp.ufpel.edu.br\/projetogama\/wp-json\/wp\/v2\/posts"}],"about":[{"href":"https:\/\/wp.ufpel.edu.br\/projetogama\/wp-json\/wp\/v2\/types\/post"}],"author":[{"embeddable":true,"href":"https:\/\/wp.ufpel.edu.br\/projetogama\/wp-json\/wp\/v2\/users\/437"}],"replies":[{"embeddable":true,"href":"https:\/\/wp.ufpel.edu.br\/projetogama\/wp-json\/wp\/v2\/comments?post=3716"}],"version-history":[{"count":8,"href":"https:\/\/wp.ufpel.edu.br\/projetogama\/wp-json\/wp\/v2\/posts\/3716\/revisions"}],"predecessor-version":[{"id":3733,"href":"https:\/\/wp.ufpel.edu.br\/projetogama\/wp-json\/wp\/v2\/posts\/3716\/revisions\/3733"}],"wp:attachment":[{"href":"https:\/\/wp.ufpel.edu.br\/projetogama\/wp-json\/wp\/v2\/media?parent=3716"}],"wp:term":[{"taxonomy":"category","embeddable":true,"href":"https:\/\/wp.ufpel.edu.br\/projetogama\/wp-json\/wp\/v2\/categories?post=3716"},{"taxonomy":"post_tag","embeddable":true,"href":"https:\/\/wp.ufpel.edu.br\/projetogama\/wp-json\/wp\/v2\/tags?post=3716"}],"curies":[{"name":"wp","href":"https:\/\/api.w.org\/{rel}","templated":true}]}}