{"id":3679,"date":"2019-07-05T14:29:57","date_gmt":"2019-07-05T17:29:57","guid":{"rendered":"https:\/\/wp.ufpel.edu.br\/projetogama\/?p=3679"},"modified":"2019-07-05T14:29:57","modified_gmt":"2019-07-05T17:29:57","slug":"turmas-para-os-encontros-de-calculo-1-e-calculo-2","status":"publish","type":"post","link":"https:\/\/wp.ufpel.edu.br\/projetogama\/2019\/07\/05\/turmas-para-os-encontros-de-calculo-1-e-calculo-2\/","title":{"rendered":"Turmas para os encontros de C\u00e1lculo 1 e C\u00e1lculo 2"},"content":{"rendered":"<p><span style=\"color: #800000\"><strong>Turma para o Quarto Encontro de C\u00e1lculo 1 de 2019\/1<\/strong><\/span><\/p>\n<p>Dia: 06\/07 &#8211; S\u00e1bado<\/p>\n<p>Hor\u00e1rio: das 08:00 \u00e0s 12:00.<\/p>\n<p>Local: Sala 202 &#8211; Campus II &#8211; Rua Almirante Barroso, 1202.<\/p>\n<table width=\"712\">\n<tbody>\n<tr>\n<td width=\"318\"><strong>NOME<\/strong><\/td>\n<\/tr>\n<tr>\n<td width=\"318\">Carlos Giovani de Paula H\u00f6rnke<\/td>\n<\/tr>\n<tr>\n<td width=\"318\">Chaiana Feminino Rodrigues<\/td>\n<\/tr>\n<tr>\n<td width=\"318\">Cristine Corr\u00eaa Silveira<\/td>\n<\/tr>\n<tr>\n<td width=\"318\">Daniel Andr\u00e9 de Carvalho<\/td>\n<\/tr>\n<tr>\n<td width=\"318\">DIEGO RODRIGUES SARAIVA<\/td>\n<\/tr>\n<tr>\n<td width=\"318\">DOUGLAS SOUZA GOMES<\/td>\n<\/tr>\n<tr>\n<td width=\"318\">GENIS RECH LOPES<\/td>\n<\/tr>\n<tr>\n<td width=\"318\">JEAN CARLOS DAPPER<\/td>\n<\/tr>\n<tr>\n<td width=\"318\">J\u00daLIO GABRIEL BERWANGER<\/td>\n<\/tr>\n<tr>\n<td width=\"318\">KAROLINE TEIXEIRA LOPES<\/td>\n<\/tr>\n<tr>\n<td width=\"318\">LAURA LUZ NUNES<\/td>\n<\/tr>\n<tr>\n<td width=\"318\">MARIA EDUARDA FERNANDES DE \u00c1VILA<\/td>\n<\/tr>\n<tr>\n<td width=\"318\">Morgana Rohr<\/td>\n<\/tr>\n<tr>\n<td width=\"318\">Pamella Andersson Borges Vieira<\/td>\n<\/tr>\n<tr>\n<td width=\"318\">TAISA BANDEIRA LEITE<\/td>\n<\/tr>\n<tr>\n<td width=\"318\">THIAGO IOOST CALDEIRA<\/td>\n<\/tr>\n<\/tbody>\n<\/table>\n<p>&nbsp;<\/p>\n<p><span style=\"color: #800000\"><strong>Turma para o Primeiro Encontro de C\u00e1lculo 2 de 2019\/1<\/strong><\/span><\/p>\n<p>Dia: 06\/07 &#8211; S\u00e1bado<\/p>\n<p>Hor\u00e1rio: das 08:00 \u00e0s 12:00.<\/p>\n<p>Local: Sala 204 &#8211; Campus II &#8211; Rua Almirante Barroso, 1202.<\/p>\n<table width=\"712\">\n<tbody>\n<tr>\n<td width=\"324\"><strong>NOME<\/strong><\/td>\n<\/tr>\n<tr>\n<td width=\"324\">ALESSANDRA HORBACH BARBOSA<\/td>\n<\/tr>\n<tr>\n<td width=\"324\">Maria Carolina da Silva SaLOM\u00c3O<\/td>\n<\/tr>\n<tr>\n<td width=\"324\">NAT\u00c1LIA LEITE GOULART<\/td>\n<\/tr>\n<tr>\n<td width=\"324\">Th\u00e1bata Pa\u00f4la Idiart Brum<\/td>\n<\/tr>\n<tr>\n<td width=\"324\">VITOR MATEUS CONZATTI<\/td>\n<\/tr>\n<\/tbody>\n<\/table>\n<p>&nbsp;<\/p>\n","protected":false},"excerpt":{"rendered":"<p>Turma para o Quarto Encontro de C\u00e1lculo 1 de 2019\/1 Dia: 06\/07 &#8211; S\u00e1bado Hor\u00e1rio: das 08:00 \u00e0s 12:00. Local: Sala 202 &#8211; Campus II &#8211; Rua Almirante Barroso, 1202. [&hellip;]<\/p>\n","protected":false},"author":437,"featured_media":0,"comment_status":"closed","ping_status":"closed","sticky":false,"template":"","format":"standard","meta":{"jetpack_post_was_ever_published":false,"_jetpack_newsletter_access":"","_jetpack_dont_email_post_to_subs":false,"_jetpack_newsletter_tier_id":0,"_jetpack_memberships_contains_paywalled_content":false,"_jetpack_memberships_contains_paid_content":false,"footnotes":"","jetpack_publicize_message":"","jetpack_publicize_feature_enabled":true,"jetpack_social_post_already_shared":true,"jetpack_social_options":{"image_generator_settings":{"template":"highway","default_image_id":0,"font":"","enabled":false},"version":2}},"categories":[18],"tags":[],"class_list":["post-3679","post","type-post","status-publish","format-standard","hentry","category-inicio-inicio"],"jetpack_publicize_connections":[],"jetpack_featured_media_url":"","jetpack_sharing_enabled":true,"jetpack_shortlink":"https:\/\/wp.me\/p6Slop-Xl","_links":{"self":[{"href":"https:\/\/wp.ufpel.edu.br\/projetogama\/wp-json\/wp\/v2\/posts\/3679","targetHints":{"allow":["GET"]}}],"collection":[{"href":"https:\/\/wp.ufpel.edu.br\/projetogama\/wp-json\/wp\/v2\/posts"}],"about":[{"href":"https:\/\/wp.ufpel.edu.br\/projetogama\/wp-json\/wp\/v2\/types\/post"}],"author":[{"embeddable":true,"href":"https:\/\/wp.ufpel.edu.br\/projetogama\/wp-json\/wp\/v2\/users\/437"}],"replies":[{"embeddable":true,"href":"https:\/\/wp.ufpel.edu.br\/projetogama\/wp-json\/wp\/v2\/comments?post=3679"}],"version-history":[{"count":1,"href":"https:\/\/wp.ufpel.edu.br\/projetogama\/wp-json\/wp\/v2\/posts\/3679\/revisions"}],"predecessor-version":[{"id":3681,"href":"https:\/\/wp.ufpel.edu.br\/projetogama\/wp-json\/wp\/v2\/posts\/3679\/revisions\/3681"}],"wp:attachment":[{"href":"https:\/\/wp.ufpel.edu.br\/projetogama\/wp-json\/wp\/v2\/media?parent=3679"}],"wp:term":[{"taxonomy":"category","embeddable":true,"href":"https:\/\/wp.ufpel.edu.br\/projetogama\/wp-json\/wp\/v2\/categories?post=3679"},{"taxonomy":"post_tag","embeddable":true,"href":"https:\/\/wp.ufpel.edu.br\/projetogama\/wp-json\/wp\/v2\/tags?post=3679"}],"curies":[{"name":"wp","href":"https:\/\/api.w.org\/{rel}","templated":true}]}}