{"id":3666,"date":"2019-06-28T15:03:46","date_gmt":"2019-06-28T18:03:46","guid":{"rendered":"https:\/\/wp.ufpel.edu.br\/projetogama\/?p=3666"},"modified":"2019-06-28T15:07:05","modified_gmt":"2019-06-28T18:07:05","slug":"turmas-para-os-encontros-de-alga-e-de-calculo-1","status":"publish","type":"post","link":"https:\/\/wp.ufpel.edu.br\/projetogama\/2019\/06\/28\/turmas-para-os-encontros-de-alga-e-de-calculo-1\/","title":{"rendered":"Turmas para os Encontros de ALGA e de C\u00e1lculo 1"},"content":{"rendered":"<p><span style=\"color: #800000\"><strong>Turma para o Segundo Encontro de ALGA de 2019\/1<\/strong><\/span><\/p>\n<p>Dia: 29\/06 &#8211; S\u00e1bado<\/p>\n<p>Hor\u00e1rio: das 08:00 \u00e0s 12:00.<\/p>\n<p>Local: Sala 208 &#8211; Campus II &#8211; Rua Almirante Barroso, 1202.<\/p>\n<table width=\"712\">\n<tbody>\n<tr>\n<td width=\"107\"><strong>CPF<\/strong><\/td>\n<td width=\"324\"><strong>NOME<\/strong><\/td>\n<\/tr>\n<tr>\n<td width=\"107\">01080061070<\/td>\n<td width=\"324\">Adriana santos dos santos<\/td>\n<\/tr>\n<tr>\n<td width=\"107\">042.291.150-08<\/td>\n<td width=\"324\">ALANA STERN RETZLAFF<\/td>\n<\/tr>\n<tr>\n<td width=\"107\">04713783056<\/td>\n<td width=\"324\">BRYAN CUNHA<\/td>\n<\/tr>\n<tr>\n<td width=\"107\">00790093014<\/td>\n<td width=\"324\">CARLOS GIOVANI DE PAULA H\u00d6RNKE<\/td>\n<\/tr>\n<tr>\n<td width=\"107\">03644131074<\/td>\n<td width=\"324\">CAROLINE RODRIGUES BASTOS<\/td>\n<\/tr>\n<tr>\n<td width=\"107\">043.056.840.12<\/td>\n<td width=\"324\">ERICA DA SILVA<\/td>\n<\/tr>\n<tr>\n<td width=\"107\">48353579812<\/td>\n<td width=\"324\">ISABELA GON\u00c7ALVES NUNES<\/td>\n<\/tr>\n<tr>\n<td width=\"107\">027.058.370-00<\/td>\n<td width=\"324\">Jo\u00e3o Gabriel Piraine Bandeira<\/td>\n<\/tr>\n<tr>\n<td width=\"107\">03641557011<\/td>\n<td width=\"324\">JULIANE TIETZ PETER<\/td>\n<\/tr>\n<tr>\n<td width=\"107\">04423017075<\/td>\n<td width=\"324\">NICOLE LEMONS DE VASCONCELOS<\/td>\n<\/tr>\n<tr>\n<td width=\"107\">005.454.830-69<\/td>\n<td width=\"324\">RODRIGO GUIMAR\u00c3ES MOTTA<\/td>\n<\/tr>\n<\/tbody>\n<\/table>\n<p>&nbsp;<\/p>\n<p><span style=\"color: #800000\"><strong>Turma para o Terceiro Encontro de C\u00e1lculo 1 de 2019\/1<\/strong><\/span><\/p>\n<p>Dia: 29\/06 &#8211; S\u00e1bado<\/p>\n<p>Hor\u00e1rio: das 14:00 \u00e0s 18:00.<\/p>\n<p>Local: Sala 208 &#8211; Campus II &#8211; Rua Almirante Barroso, 1202.<\/p>\n<table width=\"712\">\n<tbody>\n<tr>\n<td width=\"107\"><strong>CPF<\/strong><\/td>\n<td width=\"324\"><strong>NOME<\/strong><\/td>\n<\/tr>\n<tr>\n<td width=\"107\">69111545020<\/td>\n<td width=\"324\">AMIR DA SILVA ANDRADE<\/td>\n<\/tr>\n<tr>\n<td width=\"107\">03842935064<\/td>\n<td width=\"324\">Ana Carolina Cunha Ribeiro<\/td>\n<\/tr>\n<tr>\n<td width=\"107\">462.076.968-16<\/td>\n<td width=\"324\">Beatriz Domingas da Cor\u00f4a<\/td>\n<\/tr>\n<tr>\n<td width=\"107\">09240369660<\/td>\n<td width=\"324\">BETHANIA MACHADO FIGUEIREDO<\/td>\n<\/tr>\n<tr>\n<td width=\"107\">038.018.640-30<\/td>\n<td width=\"324\">BRUNA RAFAELA PIZZI<\/td>\n<\/tr>\n<tr>\n<td width=\"107\">03687047008<\/td>\n<td width=\"324\">DIEGO RODRIGUES SARAIVA<\/td>\n<\/tr>\n<tr>\n<td width=\"107\">031.832.760-03<\/td>\n<td width=\"324\">EMERSON ERNANDE MESQUITA RODRIGUES<\/td>\n<\/tr>\n<tr>\n<td width=\"107\">02374437086<\/td>\n<td width=\"324\">EVANDRO MEDEIROS SOUZA<\/td>\n<\/tr>\n<tr>\n<td width=\"107\">04902565030<\/td>\n<td width=\"324\">GABRIEL CHAGAS GON\u00c7ALVES<\/td>\n<\/tr>\n<tr>\n<td width=\"107\">02413926089<\/td>\n<td width=\"324\">Gabriel da Silva Segundo<\/td>\n<\/tr>\n<tr>\n<td width=\"107\">024.972.150-30<\/td>\n<td width=\"324\">GABRIELA BORCHARTT DA SILVA<\/td>\n<\/tr>\n<tr>\n<td width=\"107\">04393241061<\/td>\n<td width=\"324\">HENRIQUE RADMANN SCAGLINI<\/td>\n<\/tr>\n<tr>\n<td width=\"107\">01614090084<\/td>\n<td width=\"324\">Igor Borges Soares<\/td>\n<\/tr>\n<tr>\n<td width=\"107\">48353579812<\/td>\n<td width=\"324\">Isabela Gon\u00e7alves Nunes<\/td>\n<\/tr>\n<tr>\n<td width=\"107\">03641557011<\/td>\n<td width=\"324\">JULIANE TIETZ PETER<\/td>\n<\/tr>\n<tr>\n<td width=\"107\">374.511.068-45<\/td>\n<td width=\"324\">KAROLINE TEIXEIRA LOPES<\/td>\n<\/tr>\n<tr>\n<td width=\"107\">025.244.190-70<\/td>\n<td width=\"324\">Katiele Melo da Silva<\/td>\n<\/tr>\n<tr>\n<td width=\"107\">04308369029<\/td>\n<td width=\"324\">Krisley Marques Gon\u00e7alves<\/td>\n<\/tr>\n<tr>\n<td width=\"107\">03341522085<\/td>\n<td width=\"324\">LA\u00cdS CARDOSO VALAD\u00c3O<\/td>\n<\/tr>\n<tr>\n<td width=\"107\">04636670000<\/td>\n<td width=\"324\">LARISSA CARVALHO SCHMECHEL<\/td>\n<\/tr>\n<tr>\n<td width=\"107\">04072223085<\/td>\n<td width=\"324\">Laura Luz Nunes<\/td>\n<\/tr>\n<tr>\n<td width=\"107\">02045968073<\/td>\n<td width=\"324\">LAUREL RODRIGUES ARNONI<\/td>\n<\/tr>\n<tr>\n<td width=\"107\">006.318.850-30<\/td>\n<td width=\"324\">LEONEL TEIXEIRA FICKEL<\/td>\n<\/tr>\n<tr>\n<td width=\"107\">414.672.368-02<\/td>\n<td width=\"324\">LUCAS MINGHINI GON\u00c7ALVES<\/td>\n<\/tr>\n<tr>\n<td width=\"107\">04390119060<\/td>\n<td width=\"324\">LUIS FELIPE BASSO<\/td>\n<\/tr>\n<tr>\n<td width=\"107\">04069495061<\/td>\n<td width=\"324\">NATH\u00c1LYA GABRIELA NEME<\/td>\n<\/tr>\n<tr>\n<td width=\"107\">03453041011<\/td>\n<td width=\"324\">Pamella Andersson Borges Vieira<\/td>\n<\/tr>\n<tr>\n<td width=\"107\">01050799011<\/td>\n<td width=\"324\">Paulo Jos\u00e9 de Souza Duarte<\/td>\n<\/tr>\n<tr>\n<td width=\"107\">581.475.860.00<\/td>\n<td width=\"324\">SANDRO MARION AVILA DE LIMA<\/td>\n<\/tr>\n<tr>\n<td width=\"107\">019.392.800-01<\/td>\n<td width=\"324\">TAMIRES CAVALHEIRO HUCK<\/td>\n<\/tr>\n<\/tbody>\n<\/table>\n<p>&nbsp;<\/p>\n","protected":false},"excerpt":{"rendered":"<p>Turma para o Segundo Encontro de ALGA de 2019\/1 Dia: 29\/06 &#8211; S\u00e1bado Hor\u00e1rio: das 08:00 \u00e0s 12:00. Local: Sala 208 &#8211; Campus II &#8211; Rua Almirante Barroso, 1202. CPF [&hellip;]<\/p>\n","protected":false},"author":437,"featured_media":0,"comment_status":"closed","ping_status":"closed","sticky":false,"template":"","format":"standard","meta":{"jetpack_post_was_ever_published":false,"_jetpack_newsletter_access":"","_jetpack_dont_email_post_to_subs":false,"_jetpack_newsletter_tier_id":0,"_jetpack_memberships_contains_paywalled_content":false,"_jetpack_memberships_contains_paid_content":false,"footnotes":"","jetpack_publicize_message":"","jetpack_publicize_feature_enabled":true,"jetpack_social_post_already_shared":true,"jetpack_social_options":{"image_generator_settings":{"template":"highway","default_image_id":0,"font":"","enabled":false},"version":2}},"categories":[18],"tags":[],"class_list":["post-3666","post","type-post","status-publish","format-standard","hentry","category-inicio-inicio"],"jetpack_publicize_connections":[],"jetpack_featured_media_url":"","jetpack_sharing_enabled":true,"jetpack_shortlink":"https:\/\/wp.me\/p6Slop-X8","_links":{"self":[{"href":"https:\/\/wp.ufpel.edu.br\/projetogama\/wp-json\/wp\/v2\/posts\/3666","targetHints":{"allow":["GET"]}}],"collection":[{"href":"https:\/\/wp.ufpel.edu.br\/projetogama\/wp-json\/wp\/v2\/posts"}],"about":[{"href":"https:\/\/wp.ufpel.edu.br\/projetogama\/wp-json\/wp\/v2\/types\/post"}],"author":[{"embeddable":true,"href":"https:\/\/wp.ufpel.edu.br\/projetogama\/wp-json\/wp\/v2\/users\/437"}],"replies":[{"embeddable":true,"href":"https:\/\/wp.ufpel.edu.br\/projetogama\/wp-json\/wp\/v2\/comments?post=3666"}],"version-history":[{"count":2,"href":"https:\/\/wp.ufpel.edu.br\/projetogama\/wp-json\/wp\/v2\/posts\/3666\/revisions"}],"predecessor-version":[{"id":3669,"href":"https:\/\/wp.ufpel.edu.br\/projetogama\/wp-json\/wp\/v2\/posts\/3666\/revisions\/3669"}],"wp:attachment":[{"href":"https:\/\/wp.ufpel.edu.br\/projetogama\/wp-json\/wp\/v2\/media?parent=3666"}],"wp:term":[{"taxonomy":"category","embeddable":true,"href":"https:\/\/wp.ufpel.edu.br\/projetogama\/wp-json\/wp\/v2\/categories?post=3666"},{"taxonomy":"post_tag","embeddable":true,"href":"https:\/\/wp.ufpel.edu.br\/projetogama\/wp-json\/wp\/v2\/tags?post=3666"}],"curies":[{"name":"wp","href":"https:\/\/api.w.org\/{rel}","templated":true}]}}