{"id":3630,"date":"2019-06-13T22:28:14","date_gmt":"2019-06-14T01:28:14","guid":{"rendered":"https:\/\/wp.ufpel.edu.br\/projetogama\/?p=3630"},"modified":"2019-06-15T08:20:56","modified_gmt":"2019-06-15T11:20:56","slug":"novas-turmas-de-apoio-em-calculo-2","status":"publish","type":"post","link":"https:\/\/wp.ufpel.edu.br\/projetogama\/2019\/06\/13\/novas-turmas-de-apoio-em-calculo-2\/","title":{"rendered":"Novas turmas de apoio em c\u00e1lculo"},"content":{"rendered":"<p style=\"text-align: center\"><span style=\"color: #800000\"><strong>M\u00f3dulo de Fun\u00e7\u00f5es<br \/>\n<\/strong><\/span><\/p>\n<p style=\"text-align: left\"><span style=\"color: #800000\"><strong>Turma \u00fanica <\/strong><\/span>&#8211; s\u00e1bado (22\/06, 29\/06, 06\/07) \u2013 das 14:00 \u00e0s 18:00.<br \/>\nLocal: Sala 202 &#8211; Campus II &#8211; Rua Almirante Barroso, 1202 &#8211; (IN\u00cdCIO 22\/06)<\/p>\n<table width=\"712\">\n<tbody>\n<tr>\n<td width=\"302\"><strong>NOME<\/strong><\/td>\n<\/tr>\n<tr>\n<td width=\"302\">ADRIANO IRIBARREM MOTA<\/td>\n<\/tr>\n<tr>\n<td width=\"302\">ALEXSANDRO DE CARVALHO DUARTE<\/td>\n<\/tr>\n<tr>\n<td width=\"302\">ANGELO M\u00c1RCIO DA ROSA NOVACK<\/td>\n<\/tr>\n<tr>\n<td width=\"302\">ANGELO M\u00c1RCIO DA ROSA NOVACK<\/td>\n<\/tr>\n<tr>\n<td width=\"302\">BERNARDO FETTER FERREIRA<\/td>\n<\/tr>\n<tr>\n<td width=\"302\">CARLA GIOVANA GON\u00c7ALVES MALGUEIRO<\/td>\n<\/tr>\n<tr>\n<td width=\"302\">Carlos Eduardo Iriart<\/td>\n<\/tr>\n<tr>\n<td width=\"302\">Carlos Giovani de Paula Hornke<\/td>\n<\/tr>\n<tr>\n<td width=\"302\">CHEIRLI DOS SANTOS MATOS OLIVEIRA<\/td>\n<\/tr>\n<tr>\n<td width=\"302\">C\u00cdNTIA GON\u00c7ALVES DA CUNHA<\/td>\n<\/tr>\n<tr>\n<td width=\"302\">Cl\u00f3vis Eug\u00eanio Duarte Vieira<\/td>\n<\/tr>\n<tr>\n<td width=\"302\">DAVID RUAN SILVA DA LUZ<\/td>\n<\/tr>\n<tr>\n<td width=\"302\">ELIARARODRIGUESDORNELESBRISOLARA<\/td>\n<\/tr>\n<tr>\n<td width=\"302\">\u00c9RICA CAROLINI CARNIERE GUIMAR\u00c3ES<\/td>\n<\/tr>\n<tr>\n<td width=\"302\">Filipe Henrique Ramos<\/td>\n<\/tr>\n<tr>\n<td width=\"302\">FREDERICO DAL SOGLIO RECKZIEGEL<\/td>\n<\/tr>\n<tr>\n<td width=\"302\">GERSON SILVA DOS SANTOS<\/td>\n<\/tr>\n<tr>\n<td width=\"302\">IAGO RIVEIRO SANTOS DUTRA<\/td>\n<\/tr>\n<tr>\n<td width=\"302\">J\u00e9ssica Cristine Teixeira Falc\u00e3o<\/td>\n<\/tr>\n<tr>\n<td width=\"302\">KAMILY SILVEIRA DUARTE<\/td>\n<\/tr>\n<tr>\n<td width=\"302\">LAIS EWALD BASTOS<\/td>\n<\/tr>\n<tr>\n<td width=\"302\">Larissa de Lima Mateus<\/td>\n<\/tr>\n<tr>\n<td width=\"302\">laurel rodrigues arnoni<\/td>\n<\/tr>\n<tr>\n<td width=\"302\">MAICON ROBERTO DA LUZ COIMBRA<\/td>\n<\/tr>\n<tr>\n<td width=\"302\">MARISA MARQUES DA COSTA<\/td>\n<\/tr>\n<tr>\n<td width=\"302\">MATEUS FERREIRA SANTOS<\/td>\n<\/tr>\n<tr>\n<td width=\"302\">NONALDO ALMEIDA NEVES JUNIOR<\/td>\n<\/tr>\n<tr>\n<td width=\"302\">Patricia Almeida da Cunha<\/td>\n<\/tr>\n<tr>\n<td width=\"302\">RODRIGO OLIVEIRA MOREIRA<\/td>\n<\/tr>\n<tr>\n<td width=\"302\">Sara Alex sander da Silva fagundes<\/td>\n<\/tr>\n<tr>\n<td width=\"302\">ST\u00c9PHANE DA CUNHA NUNES<\/td>\n<\/tr>\n<tr>\n<td width=\"302\">TALISSA DA SILVA DUARTE<\/td>\n<\/tr>\n<tr>\n<td width=\"302\">THAIS DE OLIVEIRA GARCIA<\/td>\n<\/tr>\n<tr>\n<td width=\"302\">THA\u00cdS RUTZ<\/td>\n<\/tr>\n<tr>\n<td width=\"302\">THIAGO IOOST CALDEIRA<\/td>\n<\/tr>\n<tr>\n<td width=\"302\">VANESSA ANDERSON DA SILVA<\/td>\n<\/tr>\n<\/tbody>\n<\/table>\n<p>&nbsp;<\/p>\n<p style=\"text-align: center\"><span style=\"color: #800000\"><strong>M\u00f3dulo de Derivadas<br \/>\n<\/strong><\/span><\/p>\n<p style=\"text-align: left\"><span style=\"color: #800000\"><strong>Turma \u00fanica <\/strong><\/span>&#8211; s\u00e1bado (15\/06, 22\/06, 29\/06) \u2013 das 08:00 \u00e0s 12:00.<br \/>\nLocal: Sala 202 &#8211; Campus II &#8211; Rua Almirante Barroso, 1202 &#8211; (IN\u00cdCIO 15\/06)<\/p>\n<table width=\"712\">\n<tbody>\n<tr>\n<td width=\"293\"><strong>NOME<\/strong><\/td>\n<\/tr>\n<tr>\n<td width=\"293\">ADRIA SUELLEN PAULINO DE OLIVEIRA<\/td>\n<\/tr>\n<tr>\n<td width=\"293\">ADRIANO IRIBARREM MOTA<\/td>\n<\/tr>\n<tr>\n<td width=\"293\">ADRIEL MATEUS VACHHOLZ BRAATZ<\/td>\n<\/tr>\n<tr>\n<td width=\"293\">AMANDA FONSECA LEITZKE<\/td>\n<\/tr>\n<tr>\n<td width=\"293\">Andr\u00e9 leite da silva<\/td>\n<\/tr>\n<tr>\n<td width=\"293\">Christian Teles Tier<\/td>\n<\/tr>\n<tr>\n<td width=\"293\">Cleiton Jesus Andrade Pereira<\/td>\n<\/tr>\n<tr>\n<td width=\"293\">Emily Gon\u00e7alves Jorge<\/td>\n<\/tr>\n<tr>\n<td width=\"293\">FELIPE CARVALHO DA SILVA<\/td>\n<\/tr>\n<tr>\n<td width=\"293\">GUILHERME DA SILVA SABAR\u00c1<\/td>\n<\/tr>\n<tr>\n<td width=\"293\">JONATHAN FERNANDES<\/td>\n<\/tr>\n<tr>\n<td width=\"293\">JOSELAINE FERNANDES<\/td>\n<\/tr>\n<tr>\n<td width=\"293\">Juliana Silva Lacau<\/td>\n<\/tr>\n<tr>\n<td width=\"293\">LUANA RICARDO FARIAS<\/td>\n<\/tr>\n<tr>\n<td width=\"293\">Lucas Jos\u00e9 do prado souza<\/td>\n<\/tr>\n<tr>\n<td width=\"293\">MAICON ROBERTO DA LUZ COIMBRA<\/td>\n<\/tr>\n<tr>\n<td width=\"293\">Mariana Prohmann Gacki<\/td>\n<\/tr>\n<tr>\n<td width=\"293\">MATHEUS CARVALHO DA SILVA<\/td>\n<\/tr>\n<tr>\n<td width=\"293\">mikaele val\u00e9rio tavares<\/td>\n<\/tr>\n<tr>\n<td width=\"293\">Sandro Marion Avila de Lima<\/td>\n<\/tr>\n<tr>\n<td width=\"293\">Taina Rosa da Silva<\/td>\n<\/tr>\n<tr>\n<td width=\"293\">THAIS DE OLIVEIRA GARCIA<\/td>\n<\/tr>\n<tr>\n<td width=\"293\">THIAGO IOOST CALDEIRA<\/td>\n<\/tr>\n<\/tbody>\n<\/table>\n<p>&nbsp;<\/p>\n<p style=\"text-align: center\"><span style=\"color: #800000\"><strong>M\u00f3dulo de Integrais<br \/>\n<\/strong><\/span><\/p>\n<p style=\"text-align: left\"><span style=\"color: #800000\"><strong>Turma \u00fanica <\/strong><\/span>&#8211; s\u00e1bado (15\/06, 22\/06, 29\/06) \u2013 das 08:00 \u00e0s 12:00.<br \/>\nLocal: Sala 204 &#8211; Campus II &#8211; Rua Almirante Barroso, 1202 &#8211; (IN\u00cdCIO 15\/06)<\/p>\n<table width=\"712\">\n<tbody>\n<tr>\n<td width=\"308\"><strong>NOME<\/strong><\/td>\n<\/tr>\n<tr>\n<td width=\"308\">ADRIEL MATEUS VACHHOLZ BRAATZ<\/td>\n<\/tr>\n<tr>\n<td width=\"308\">AMANDA MENDON\u00c7A PEREIRA<\/td>\n<\/tr>\n<tr>\n<td width=\"308\">CARLOS ALBERTO MORAES VETROMILLE JUNIOR<\/td>\n<\/tr>\n<tr>\n<td width=\"308\">CASSIO HENRIQUE HENN<\/td>\n<\/tr>\n<tr>\n<td width=\"308\">CELSO MOACIR RIBEIRO<\/td>\n<\/tr>\n<tr>\n<td width=\"308\">Chaiana Caldeira Rodrigues<\/td>\n<\/tr>\n<tr>\n<td width=\"308\">Cristine Corr\u00eaa Silveira<\/td>\n<\/tr>\n<tr>\n<td width=\"308\">Douglas Mazzi<\/td>\n<\/tr>\n<tr>\n<td width=\"308\">Eduarda Castro Moczulski<\/td>\n<\/tr>\n<tr>\n<td width=\"308\">EDUARDA LEAL PERES<\/td>\n<\/tr>\n<tr>\n<td width=\"308\">Elisangela Sousa Nascimento<\/td>\n<\/tr>\n<tr>\n<td width=\"308\">Gabriel Lucero Rodrigues<\/td>\n<\/tr>\n<tr>\n<td width=\"308\">GABRIELA DA SILVEIRA MARTINS<\/td>\n<\/tr>\n<tr>\n<td width=\"308\">Gustavo Schmidt Cabral<\/td>\n<\/tr>\n<tr>\n<td width=\"308\">HAYDAN MIRANDA DA CONCEI\u00c7\u00c3O<\/td>\n<\/tr>\n<tr>\n<td width=\"308\">IAGO RIVEIRO SANTOS DUTRA<\/td>\n<\/tr>\n<tr>\n<td width=\"308\">Ianka Jacondino Nunes<\/td>\n<\/tr>\n<tr>\n<td width=\"308\">Isabella de Souza Ribeiro<\/td>\n<\/tr>\n<tr>\n<td width=\"308\">JEAN FRANCHESCO GON\u00c7ALVES LUNKES<\/td>\n<\/tr>\n<tr>\n<td width=\"308\">J\u00daLIA AMARAL GUIDO<\/td>\n<\/tr>\n<tr>\n<td width=\"308\">Lethicia Nicioli<\/td>\n<\/tr>\n<tr>\n<td width=\"308\">LET\u00cdCIA SOARES DE SOARES<\/td>\n<\/tr>\n<tr>\n<td width=\"308\">LOURENZO BERNARD MENEZES RODRIGUES<\/td>\n<\/tr>\n<tr>\n<td width=\"308\">Luan Martin Arejano<\/td>\n<\/tr>\n<tr>\n<td width=\"308\">Marcos Kommling Centeno<\/td>\n<\/tr>\n<tr>\n<td width=\"308\">Mariana Prohmann Gacki<\/td>\n<\/tr>\n<tr>\n<td width=\"308\">MATEUS FERREIRA SANTOS<\/td>\n<\/tr>\n<tr>\n<td width=\"308\">MIRIAM CRUZ FERRAZ FILHA<\/td>\n<\/tr>\n<tr>\n<td width=\"308\">Paulo Henrique Costa Souza<\/td>\n<\/tr>\n<tr>\n<td width=\"308\">Rafaella Alves Santos<\/td>\n<\/tr>\n<tr>\n<td width=\"308\">Roberto Soares Machado<\/td>\n<\/tr>\n<tr>\n<td width=\"308\">Sara Alex sander da Silva fagundes<\/td>\n<\/tr>\n<tr>\n<td width=\"308\">TALISSA DA SILVA DUARTE<\/td>\n<\/tr>\n<tr>\n<td width=\"308\">THA\u00cdS RUTZ<\/td>\n<\/tr>\n<tr>\n<td width=\"308\">VANESSA PRESTES<\/td>\n<\/tr>\n<tr>\n<td width=\"308\">vicente silva da silva<\/td>\n<\/tr>\n<\/tbody>\n<\/table>\n<p>&nbsp;<\/p>\n","protected":false},"excerpt":{"rendered":"<p>M\u00f3dulo de Fun\u00e7\u00f5es Turma \u00fanica &#8211; s\u00e1bado (22\/06, 29\/06, 06\/07) \u2013 das 14:00 \u00e0s 18:00. Local: Sala 202 &#8211; Campus II &#8211; Rua Almirante Barroso, 1202 &#8211; (IN\u00cdCIO 22\/06) NOME [&hellip;]<\/p>\n","protected":false},"author":437,"featured_media":0,"comment_status":"closed","ping_status":"closed","sticky":false,"template":"","format":"standard","meta":{"jetpack_post_was_ever_published":false,"_jetpack_newsletter_access":"","_jetpack_dont_email_post_to_subs":false,"_jetpack_newsletter_tier_id":0,"_jetpack_memberships_contains_paywalled_content":false,"_jetpack_memberships_contains_paid_content":false,"footnotes":"","jetpack_publicize_message":"","jetpack_publicize_feature_enabled":true,"jetpack_social_post_already_shared":true,"jetpack_social_options":{"image_generator_settings":{"template":"highway","default_image_id":0,"font":"","enabled":false},"version":2}},"categories":[18],"tags":[],"class_list":["post-3630","post","type-post","status-publish","format-standard","hentry","category-inicio-inicio"],"jetpack_publicize_connections":[],"jetpack_featured_media_url":"","jetpack_sharing_enabled":true,"jetpack_shortlink":"https:\/\/wp.me\/p6Slop-Wy","_links":{"self":[{"href":"https:\/\/wp.ufpel.edu.br\/projetogama\/wp-json\/wp\/v2\/posts\/3630","targetHints":{"allow":["GET"]}}],"collection":[{"href":"https:\/\/wp.ufpel.edu.br\/projetogama\/wp-json\/wp\/v2\/posts"}],"about":[{"href":"https:\/\/wp.ufpel.edu.br\/projetogama\/wp-json\/wp\/v2\/types\/post"}],"author":[{"embeddable":true,"href":"https:\/\/wp.ufpel.edu.br\/projetogama\/wp-json\/wp\/v2\/users\/437"}],"replies":[{"embeddable":true,"href":"https:\/\/wp.ufpel.edu.br\/projetogama\/wp-json\/wp\/v2\/comments?post=3630"}],"version-history":[{"count":7,"href":"https:\/\/wp.ufpel.edu.br\/projetogama\/wp-json\/wp\/v2\/posts\/3630\/revisions"}],"predecessor-version":[{"id":3642,"href":"https:\/\/wp.ufpel.edu.br\/projetogama\/wp-json\/wp\/v2\/posts\/3630\/revisions\/3642"}],"wp:attachment":[{"href":"https:\/\/wp.ufpel.edu.br\/projetogama\/wp-json\/wp\/v2\/media?parent=3630"}],"wp:term":[{"taxonomy":"category","embeddable":true,"href":"https:\/\/wp.ufpel.edu.br\/projetogama\/wp-json\/wp\/v2\/categories?post=3630"},{"taxonomy":"post_tag","embeddable":true,"href":"https:\/\/wp.ufpel.edu.br\/projetogama\/wp-json\/wp\/v2\/tags?post=3630"}],"curies":[{"name":"wp","href":"https:\/\/api.w.org\/{rel}","templated":true}]}}