{"id":3580,"date":"2019-05-18T10:38:30","date_gmt":"2019-05-18T13:38:30","guid":{"rendered":"https:\/\/wp.ufpel.edu.br\/projetogama\/?p=3580"},"modified":"2019-05-24T14:03:04","modified_gmt":"2019-05-24T17:03:04","slug":"inscricoes-para-os-modulos-de-matematica-basica-derivadas-e-integrais","status":"publish","type":"post","link":"https:\/\/wp.ufpel.edu.br\/projetogama\/2019\/05\/18\/inscricoes-para-os-modulos-de-matematica-basica-derivadas-e-integrais\/","title":{"rendered":"Inscri\u00e7\u00f5es para os m\u00f3dulos de Derivadas, Integrais e Matem\u00e1tica B\u00e1sica"},"content":{"rendered":"<p><span style=\"color: #000000\">Est\u00e3o abertas as inscri\u00e7\u00f5es para as pr\u00f3ximas turmas das<\/span> <span style=\"color: #800000\"><b>Atividades de Refor\u00e7o em C\u00e1lculo: M\u00f3dulo de Derivadas, M\u00f3dulo de Integrais <\/b><span style=\"color: #000000\">e<\/span><b> M\u00f3dulo de Matem\u00e1tica B\u00e1sica,<\/b><\/span>\u00a0<span style=\"color: #000000\">oferecidas pelo Projeto GAMA: Grupo de Apoio em Matem\u00e1tica.<\/span><\/p>\n<p><span style=\"color: #800000\"><strong>Inscri\u00e7\u00f5es:<\/strong> <\/span><span style=\"color: #000000\">de 18\/05\/19 a 23\/05\/19 (at\u00e9 \u00e0s 18hs).<\/span><\/p>\n<p><span style=\"color: #800000\"><strong>Divulga\u00e7\u00e3o das turmas: <\/strong><span style=\"color: #000000\">24\/05\/19.<\/span><\/span><\/p>\n<p><span style=\"color: #800000\"><strong>Dias e hor\u00e1rios das aulas:<\/strong> <\/span><\/p>\n<p style=\"text-align: center\"><span style=\"color: #000000\"><strong>M\u00f3dulo de Derivadas e M\u00f3dulo de Integrais:<\/strong> 25\/05;\u00a0 01\/06 e 08\/06, das 8hs \u00e0s 12hs.<\/span><\/p>\n<p style=\"text-align: center\"><strong><span style=\"color: #800000\"><span style=\"color: #000000\">M\u00f3dulo de Matem\u00e1tica B\u00e1sica:<\/span><\/span><\/strong><span style=\"color: #000000\"> 25\/05;\u00a0 01\/06; 08\/06 e 15\/06, das 14hs \u00e0s 18hs.<\/span><\/p>\n<p><span style=\"color: #800000\"><strong>Local das aulas: <\/strong><\/span><span style=\"color: #000000\">Campus II da UFPel &#8211; Rua Almirante Barroso, 1202, Centro &#8211; Pelotas.<\/span><\/p>\n<p>&nbsp;<\/p>\n<p style=\"text-align: center\"><span style=\"font-size: 14pt\"><strong><span style=\"color: #800000\"><b>M\u00f3dulo de <\/b>Derivadas<\/span><\/strong><\/span><\/p>\n<p style=\"text-align: justify\"><strong><span style=\"color: #800000\">Conte\u00fados abordados no Curso (revis\u00e3o da teoria e exerc\u00edcios):<\/span> <\/strong><span style=\"color: #000000\">Defini\u00e7\u00e3o e interpreta\u00e7\u00e3o geom\u00e9trica da derivada. Regras de deriva\u00e7\u00e3o. Derivada das fun\u00e7\u00f5es elementares. Derivadas de ordem superior. Regra da cadeia. Deriva\u00e7\u00e3o impl\u00edcita. Regra de L\u2019H\u00f4spital. Testes da primeira e da segunda derivada. Extremos locais e extremos absolutos. Concavidade e pontos de inflex\u00e3o.<\/span><\/p>\n<p style=\"text-align: center\"><span style=\"color: #000000\">Se voc\u00ea \u00e9 estudante da UFPel, fa\u00e7a a sua inscri\u00e7\u00e3o<\/span>\u00a0<span style=\"color: #0000ff\">AQUI<\/span><\/p>\n<p style=\"text-align: center\"><span style=\"color: #000000\">Se voc\u00ea n\u00e3o \u00e9 estudante da UFPel, fa\u00e7a a sua inscri\u00e7\u00e3o<\/span>\u00a0<span style=\"color: #0000ff\">AQUI<\/span><\/p>\n<p>&nbsp;<\/p>\n<p style=\"text-align: center\"><span style=\"font-size: 14pt\"><strong><span style=\"color: #800000\"><b>M\u00f3dulo de <\/b>Integrais<\/span><\/strong><\/span><\/p>\n<p style=\"text-align: justify\"><strong><span style=\"color: #800000\">Conte\u00fados abordados no Curso (revis\u00e3o da teoria e exerc\u00edcios):<\/span><\/strong> <span style=\"color: #000000\">Integral definida. Antideriva\u00e7\u00e3o e integral indefinida. Propriedades da integral definida. O Teorema Fundamental do C\u00e1lculo. Integra\u00e7\u00e3o por substitui\u00e7\u00e3o e integra\u00e7\u00e3o por partes. C\u00e1lculo de \u00e1reas. Comprimento de arco. Volumes: m\u00e9todo dos discos, dos an\u00e9is e da cascas cil\u00edndricas. Integra\u00e7\u00e3o trigonom\u00e9trica e integra\u00e7\u00e3o por substitui\u00e7\u00e3o trigonom\u00e9trica.<\/span><\/p>\n<p style=\"text-align: center\"><span style=\"color: #000000\">Se voc\u00ea \u00e9 estudante da UFPel, fa\u00e7a a sua inscri\u00e7\u00e3o<\/span>\u00a0<span style=\"color: #0000ff\">AQUI<\/span><\/p>\n<p style=\"text-align: center\"><span style=\"color: #000000\">Se voc\u00ea n\u00e3o \u00e9 estudante da UFPel, fa\u00e7a a sua inscri\u00e7\u00e3o<\/span>\u00a0<span style=\"color: #0000ff\">AQUI<\/span><\/p>\n<p>&nbsp;<\/p>\n<p style=\"text-align: center\"><span style=\"font-size: 14pt\"><strong><span style=\"color: #800000\"><b>M\u00f3dulo de M\u00f3dulo de Matem\u00e1tica B\u00e1sica<\/b><\/span><\/strong><\/span><\/p>\n<p style=\"text-align: justify\"><span style=\"color: #800000\"><strong>Conte\u00fados abordados no Curso (revis\u00e3o da teoria e exerc\u00edcios):<\/strong> <span style=\"color: #000000\">Teoria b\u00e1sica dos conjuntos. Conjuntos num\u00e9ricos e intervalos. Opera\u00e7\u00f5es com fra\u00e7\u00f5es. Potencia\u00e7\u00e3o. Radicia\u00e7\u00e3o. Racionaliza\u00e7\u00e3o de denominadores. Fatora\u00e7\u00e3o e produtos not\u00e1veis. Opera\u00e7\u00f5es e simplifica\u00e7\u00e3o de fra\u00e7\u00f5es alg\u00e9bricas. Opera\u00e7\u00f5es com polin\u00f4mios.<\/span><\/span><\/p>\n<p style=\"text-align: justify\"><span style=\"color: #000000\">Observa\u00e7\u00e3o: O M\u00f3dulo de Matem\u00e1tica B\u00e1sica faz parte de uma pesquisa que ser\u00e1 realizada no GAMA, com abordagem de Aula Invertida, ou seja, algumas aulas ser\u00e3o enviadas previamente aos participantes, no formato de v\u00eddeos, e os encontros presenciais correspondentes ser\u00e3o utilizados para a resolu\u00e7\u00e3o de exerc\u00edcios. Assista um v\u00eddeo introdut\u00f3rio sobre a Sala de Aula Invertida <a href=\"https:\/\/br.video.search.yahoo.com\/search\/video?fr=mcafee&amp;p=video+sala+de+aula+invertida#id=7&amp;vid=da9afdd60bc0b4d94338cc81ce34423f&amp;action=click\"><span style=\"color: #0000ff\">AQUI<\/span><\/a>.<\/span><\/p>\n<p style=\"text-align: center\"><span style=\"color: #000000\">Se voc\u00ea \u00e9 estudante da UFPel, fa\u00e7a a sua inscri\u00e7\u00e3o<\/span>\u00a0<span style=\"color: #0000ff\">AQUI<\/span><\/p>\n<p style=\"text-align: center\"><span style=\"color: #000000\">Se voc\u00ea n\u00e3o \u00e9 estudante da UFPel, fa\u00e7a a sua inscri\u00e7\u00e3o<\/span>\u00a0<span style=\"color: #0000ff\">AQUI<\/span><\/p>\n<p>&nbsp;<\/p>\n<p style=\"text-align: center\"><span style=\"color: #800000;font-size: 18pt\"><strong>Venha participar do GAMA!!<\/strong><\/span><\/p>\n","protected":false},"excerpt":{"rendered":"<p>Est\u00e3o abertas as inscri\u00e7\u00f5es para as pr\u00f3ximas turmas das Atividades de Refor\u00e7o em C\u00e1lculo: M\u00f3dulo de Derivadas, M\u00f3dulo de Integrais e M\u00f3dulo de Matem\u00e1tica B\u00e1sica,\u00a0oferecidas pelo Projeto GAMA: Grupo de [&hellip;]<\/p>\n","protected":false},"author":437,"featured_media":0,"comment_status":"closed","ping_status":"closed","sticky":false,"template":"","format":"standard","meta":{"jetpack_post_was_ever_published":false,"_jetpack_newsletter_access":"","_jetpack_dont_email_post_to_subs":false,"_jetpack_newsletter_tier_id":0,"_jetpack_memberships_contains_paywalled_content":false,"_jetpack_memberships_contains_paid_content":false,"footnotes":"","jetpack_publicize_message":"","jetpack_publicize_feature_enabled":true,"jetpack_social_post_already_shared":true,"jetpack_social_options":{"image_generator_settings":{"template":"highway","default_image_id":0,"font":"","enabled":false},"version":2}},"categories":[18],"tags":[],"class_list":["post-3580","post","type-post","status-publish","format-standard","hentry","category-inicio-inicio"],"jetpack_publicize_connections":[],"jetpack_featured_media_url":"","jetpack_sharing_enabled":true,"jetpack_shortlink":"https:\/\/wp.me\/p6Slop-VK","_links":{"self":[{"href":"https:\/\/wp.ufpel.edu.br\/projetogama\/wp-json\/wp\/v2\/posts\/3580","targetHints":{"allow":["GET"]}}],"collection":[{"href":"https:\/\/wp.ufpel.edu.br\/projetogama\/wp-json\/wp\/v2\/posts"}],"about":[{"href":"https:\/\/wp.ufpel.edu.br\/projetogama\/wp-json\/wp\/v2\/types\/post"}],"author":[{"embeddable":true,"href":"https:\/\/wp.ufpel.edu.br\/projetogama\/wp-json\/wp\/v2\/users\/437"}],"replies":[{"embeddable":true,"href":"https:\/\/wp.ufpel.edu.br\/projetogama\/wp-json\/wp\/v2\/comments?post=3580"}],"version-history":[{"count":15,"href":"https:\/\/wp.ufpel.edu.br\/projetogama\/wp-json\/wp\/v2\/posts\/3580\/revisions"}],"predecessor-version":[{"id":3596,"href":"https:\/\/wp.ufpel.edu.br\/projetogama\/wp-json\/wp\/v2\/posts\/3580\/revisions\/3596"}],"wp:attachment":[{"href":"https:\/\/wp.ufpel.edu.br\/projetogama\/wp-json\/wp\/v2\/media?parent=3580"}],"wp:term":[{"taxonomy":"category","embeddable":true,"href":"https:\/\/wp.ufpel.edu.br\/projetogama\/wp-json\/wp\/v2\/categories?post=3580"},{"taxonomy":"post_tag","embeddable":true,"href":"https:\/\/wp.ufpel.edu.br\/projetogama\/wp-json\/wp\/v2\/tags?post=3580"}],"curies":[{"name":"wp","href":"https:\/\/api.w.org\/{rel}","templated":true}]}}