{"id":3577,"date":"2019-05-17T14:27:30","date_gmt":"2019-05-17T17:27:30","guid":{"rendered":"https:\/\/wp.ufpel.edu.br\/projetogama\/?p=3577"},"modified":"2019-05-17T14:27:30","modified_gmt":"2019-05-17T17:27:30","slug":"turma-para-o-segundo-encontro-de-calculo-1","status":"publish","type":"post","link":"https:\/\/wp.ufpel.edu.br\/projetogama\/2019\/05\/17\/turma-para-o-segundo-encontro-de-calculo-1\/","title":{"rendered":"Turma para o Segundo Encontro de C\u00e1lculo 1"},"content":{"rendered":"<p><span style=\"color: #800000\"><strong>Turma para o Segundo Encontro de C\u00e1lculo 1 de 2019\/1<\/strong><\/span><\/p>\n<p>Dia: 18\/05 &#8211; S\u00e1bado<\/p>\n<p>Hor\u00e1rio: das 14:00 \u00e0s 18:00.<\/p>\n<p>Local: Audit\u00f3rio &#8211; Campus II &#8211; Rua Almirante Barroso, 1202.<\/p>\n<table width=\"712\">\n<tbody>\n<tr>\n<td width=\"107\"><strong>MATR\u00cdCULA<\/strong><\/td>\n<td width=\"324\"><strong>NOME<\/strong><\/td>\n<\/tr>\n<tr>\n<td width=\"107\">17101082<\/td>\n<td width=\"324\">ALANA CRIZEL BRAUCH<\/td>\n<\/tr>\n<tr>\n<td width=\"107\">1910098<\/td>\n<td width=\"324\">Ana Carolina Cunha Ribeiro<\/td>\n<\/tr>\n<tr>\n<td width=\"107\">19102176<\/td>\n<td width=\"324\">B\u00c1RBARA RAFAELA DA ROSA<\/td>\n<\/tr>\n<tr>\n<td width=\"107\">19101594<\/td>\n<td width=\"324\">Beatriz Domingas da Cor\u00f4a<\/td>\n<\/tr>\n<tr>\n<td width=\"107\">19102294<\/td>\n<td width=\"324\">Bruna Machado Henrique<\/td>\n<\/tr>\n<tr>\n<td width=\"107\">19101407<\/td>\n<td width=\"324\">BRUNA RAFAELA PIZZI<\/td>\n<\/tr>\n<tr>\n<td width=\"107\">19100289<\/td>\n<td width=\"324\">BRUNA RAZEIRA WAHAST<\/td>\n<\/tr>\n<tr>\n<td width=\"107\">19101034<\/td>\n<td width=\"324\">BRUNA SANTOS WACHHOLZ<\/td>\n<\/tr>\n<tr>\n<td width=\"107\">19102072<\/td>\n<td width=\"324\">BRUNO LOUZADA NASCIMENTO<\/td>\n<\/tr>\n<tr>\n<td width=\"107\">19101130<\/td>\n<td width=\"324\">Caroline Vieira de Mello<\/td>\n<\/tr>\n<tr>\n<td width=\"107\">19102065<\/td>\n<td width=\"324\">ELLEN WESTPHAL ZANATTA<\/td>\n<\/tr>\n<tr>\n<td width=\"107\">19101950<\/td>\n<td width=\"324\">Filipe Henrique Ramos<\/td>\n<\/tr>\n<tr>\n<td width=\"107\">19101950<\/td>\n<td width=\"324\">Filipe Henrique Ramos<\/td>\n<\/tr>\n<tr>\n<td width=\"107\">19103004<\/td>\n<td width=\"324\">GABRIEL CHAGAS GON\u00c7ALVES<\/td>\n<\/tr>\n<tr>\n<td width=\"107\">19101743<\/td>\n<td width=\"324\">Guilherme Silva Salgueiro<\/td>\n<\/tr>\n<tr>\n<td width=\"107\">19100790<\/td>\n<td width=\"324\">HENRIQUE RADMANN SCAGLIONI<\/td>\n<\/tr>\n<tr>\n<td width=\"107\">19102994<\/td>\n<td width=\"324\">HERICA CORTINAZ MACHADO<\/td>\n<\/tr>\n<tr>\n<td width=\"107\">19100483<\/td>\n<td width=\"324\">Jaqueline Gehling Fischer<\/td>\n<\/tr>\n<tr>\n<td width=\"107\">19102473<\/td>\n<td width=\"324\">JORGE HENRIQUE JOHANN BRUM<\/td>\n<\/tr>\n<tr>\n<td width=\"107\">19101456<\/td>\n<td width=\"324\">KAROLINE TEIXEIRA LOPES<\/td>\n<\/tr>\n<tr>\n<td width=\"107\">16104554<\/td>\n<td width=\"324\">Katiele Melo da Silva<\/td>\n<\/tr>\n<tr>\n<td width=\"107\">16102748<\/td>\n<td width=\"324\">Layla Dam\u00e9 Macedo<\/td>\n<\/tr>\n<tr>\n<td width=\"107\">18101465<\/td>\n<td width=\"324\">LUIS FELIPE BASSO<\/td>\n<\/tr>\n<tr>\n<td width=\"107\">12100485<\/td>\n<td width=\"324\">M\u00c1RCIO RODRIGUES AFFONSO<\/td>\n<\/tr>\n<tr>\n<td width=\"107\">19100051<\/td>\n<td width=\"324\">MATEUS FERREIRA SANTOS<\/td>\n<\/tr>\n<tr>\n<td width=\"107\">19101559<\/td>\n<td width=\"324\">neilson lopes de sousa<\/td>\n<\/tr>\n<tr>\n<td width=\"107\">19101738<\/td>\n<td width=\"324\">Rafaela Fao Nunes<\/td>\n<\/tr>\n<tr>\n<td width=\"107\">18101799<\/td>\n<td width=\"324\">SANDER ANT\u00d4NIO APARECIDO DOS SANTOS<\/td>\n<\/tr>\n<tr>\n<td width=\"107\">18102697<\/td>\n<td width=\"324\">SHAIANE DE FREITAS FERREIRA<\/td>\n<\/tr>\n<tr>\n<td width=\"107\">19100504<\/td>\n<td width=\"324\">Tain\u00e1 Cruger Gon\u00e7alves<\/td>\n<\/tr>\n<\/tbody>\n<\/table>\n<p>&nbsp;<\/p>\n","protected":false},"excerpt":{"rendered":"<p>Turma para o Segundo Encontro de C\u00e1lculo 1 de 2019\/1 Dia: 18\/05 &#8211; S\u00e1bado Hor\u00e1rio: das 14:00 \u00e0s 18:00. Local: Audit\u00f3rio &#8211; Campus II &#8211; Rua Almirante Barroso, 1202. MATR\u00cdCULA [&hellip;]<\/p>\n","protected":false},"author":437,"featured_media":0,"comment_status":"closed","ping_status":"closed","sticky":false,"template":"","format":"standard","meta":{"jetpack_post_was_ever_published":false,"_jetpack_newsletter_access":"","_jetpack_dont_email_post_to_subs":false,"_jetpack_newsletter_tier_id":0,"_jetpack_memberships_contains_paywalled_content":false,"_jetpack_memberships_contains_paid_content":false,"footnotes":"","jetpack_publicize_message":"","jetpack_publicize_feature_enabled":true,"jetpack_social_post_already_shared":true,"jetpack_social_options":{"image_generator_settings":{"template":"highway","default_image_id":0,"font":"","enabled":false},"version":2}},"categories":[18],"tags":[],"class_list":["post-3577","post","type-post","status-publish","format-standard","hentry","category-inicio-inicio"],"jetpack_publicize_connections":[],"jetpack_featured_media_url":"","jetpack_sharing_enabled":true,"jetpack_shortlink":"https:\/\/wp.me\/p6Slop-VH","_links":{"self":[{"href":"https:\/\/wp.ufpel.edu.br\/projetogama\/wp-json\/wp\/v2\/posts\/3577","targetHints":{"allow":["GET"]}}],"collection":[{"href":"https:\/\/wp.ufpel.edu.br\/projetogama\/wp-json\/wp\/v2\/posts"}],"about":[{"href":"https:\/\/wp.ufpel.edu.br\/projetogama\/wp-json\/wp\/v2\/types\/post"}],"author":[{"embeddable":true,"href":"https:\/\/wp.ufpel.edu.br\/projetogama\/wp-json\/wp\/v2\/users\/437"}],"replies":[{"embeddable":true,"href":"https:\/\/wp.ufpel.edu.br\/projetogama\/wp-json\/wp\/v2\/comments?post=3577"}],"version-history":[{"count":1,"href":"https:\/\/wp.ufpel.edu.br\/projetogama\/wp-json\/wp\/v2\/posts\/3577\/revisions"}],"predecessor-version":[{"id":3579,"href":"https:\/\/wp.ufpel.edu.br\/projetogama\/wp-json\/wp\/v2\/posts\/3577\/revisions\/3579"}],"wp:attachment":[{"href":"https:\/\/wp.ufpel.edu.br\/projetogama\/wp-json\/wp\/v2\/media?parent=3577"}],"wp:term":[{"taxonomy":"category","embeddable":true,"href":"https:\/\/wp.ufpel.edu.br\/projetogama\/wp-json\/wp\/v2\/categories?post=3577"},{"taxonomy":"post_tag","embeddable":true,"href":"https:\/\/wp.ufpel.edu.br\/projetogama\/wp-json\/wp\/v2\/tags?post=3577"}],"curies":[{"name":"wp","href":"https:\/\/api.w.org\/{rel}","templated":true}]}}