{"id":3566,"date":"2019-05-13T21:46:57","date_gmt":"2019-05-14T00:46:57","guid":{"rendered":"https:\/\/wp.ufpel.edu.br\/projetogama\/?p=3566"},"modified":"2019-05-17T14:26:15","modified_gmt":"2019-05-17T17:26:15","slug":"inscricoes-para-o-segundo-encontro-de-calculo-1-de-2019-1","status":"publish","type":"post","link":"https:\/\/wp.ufpel.edu.br\/projetogama\/2019\/05\/13\/inscricoes-para-o-segundo-encontro-de-calculo-1-de-2019-1\/","title":{"rendered":"Inscri\u00e7\u00f5es para o Segundo Encontro de C\u00e1lculo 1 de 2019\/1"},"content":{"rendered":"<p><span style=\"color: #000000\">Est\u00e3o abertas as inscri\u00e7\u00f5es para o <\/span><span style=\"color: #800000\"><b>Segundo Encontro de C\u00e1lculo 1 de 2019\/1<\/b><\/span>, <span style=\"color: #000000\">oferecido pelo Projeto GAMA: Grupo de Apoio em Matem\u00e1tica.<\/span><\/p>\n<p><span style=\"color: #800000\"><strong>Inscri\u00e7\u00f5es:<\/strong> <\/span><span style=\"color: #000000\">de 13\/05\/19 a 17\/05\/19 (at\u00e9 \u00e0s 14hs).<\/span><\/p>\n<p><span style=\"color: #800000\"><strong>Divulga\u00e7\u00e3o das turmas: <\/strong><span style=\"color: #000000\">17\/05\/19 \u00e0s 17hs.<\/span><\/span><\/p>\n<p><span style=\"color: #800000\"><strong>Data do Encontro:<\/strong> <span style=\"color: #000000\">18<\/span><\/span><span style=\"color: #000000\">\/05\/19 &#8211; s\u00e1bado.<\/span><\/p>\n<p><span style=\"color: #800000\"><strong>Hor\u00e1rio:<\/strong><\/span> <span style=\"color: #000000\">das 14hs \u00e0s 18hs.<\/span><\/p>\n<p><span style=\"color: #800000\"><strong>Local:<\/strong> <span style=\"color: #000000\">Audit\u00f3rio do <\/span><\/span><span style=\"color: #000000\">Campus II &#8211; Rua Almirante Barroso, 1202, Centro &#8211; Pelotas.<\/span><\/p>\n<p><span style=\"color: #800000\"><strong>Conte\u00fados abordados:<\/strong><\/span> Limites, continuidade e regras de deriva\u00e7\u00e3o.<\/p>\n<p style=\"text-align: center\">Fa\u00e7a <span style=\"color: #0000ff\">AQUI<\/span> a sua inscri\u00e7\u00e3o<\/p>\n","protected":false},"excerpt":{"rendered":"<p>Est\u00e3o abertas as inscri\u00e7\u00f5es para o Segundo Encontro de C\u00e1lculo 1 de 2019\/1, oferecido pelo Projeto GAMA: Grupo de Apoio em Matem\u00e1tica. Inscri\u00e7\u00f5es: de 13\/05\/19 a 17\/05\/19 (at\u00e9 \u00e0s 14hs). [&hellip;]<\/p>\n","protected":false},"author":437,"featured_media":0,"comment_status":"closed","ping_status":"closed","sticky":false,"template":"","format":"standard","meta":{"jetpack_post_was_ever_published":false,"_jetpack_newsletter_access":"","_jetpack_dont_email_post_to_subs":false,"_jetpack_newsletter_tier_id":0,"_jetpack_memberships_contains_paywalled_content":false,"_jetpack_memberships_contains_paid_content":false,"footnotes":"","jetpack_publicize_message":"","jetpack_publicize_feature_enabled":true,"jetpack_social_post_already_shared":true,"jetpack_social_options":{"image_generator_settings":{"template":"highway","default_image_id":0,"font":"","enabled":false},"version":2}},"categories":[18],"tags":[],"class_list":["post-3566","post","type-post","status-publish","format-standard","hentry","category-inicio-inicio"],"jetpack_publicize_connections":[],"jetpack_featured_media_url":"","jetpack_sharing_enabled":true,"jetpack_shortlink":"https:\/\/wp.me\/p6Slop-Vw","_links":{"self":[{"href":"https:\/\/wp.ufpel.edu.br\/projetogama\/wp-json\/wp\/v2\/posts\/3566","targetHints":{"allow":["GET"]}}],"collection":[{"href":"https:\/\/wp.ufpel.edu.br\/projetogama\/wp-json\/wp\/v2\/posts"}],"about":[{"href":"https:\/\/wp.ufpel.edu.br\/projetogama\/wp-json\/wp\/v2\/types\/post"}],"author":[{"embeddable":true,"href":"https:\/\/wp.ufpel.edu.br\/projetogama\/wp-json\/wp\/v2\/users\/437"}],"replies":[{"embeddable":true,"href":"https:\/\/wp.ufpel.edu.br\/projetogama\/wp-json\/wp\/v2\/comments?post=3566"}],"version-history":[{"count":3,"href":"https:\/\/wp.ufpel.edu.br\/projetogama\/wp-json\/wp\/v2\/posts\/3566\/revisions"}],"predecessor-version":[{"id":3576,"href":"https:\/\/wp.ufpel.edu.br\/projetogama\/wp-json\/wp\/v2\/posts\/3566\/revisions\/3576"}],"wp:attachment":[{"href":"https:\/\/wp.ufpel.edu.br\/projetogama\/wp-json\/wp\/v2\/media?parent=3566"}],"wp:term":[{"taxonomy":"category","embeddable":true,"href":"https:\/\/wp.ufpel.edu.br\/projetogama\/wp-json\/wp\/v2\/categories?post=3566"},{"taxonomy":"post_tag","embeddable":true,"href":"https:\/\/wp.ufpel.edu.br\/projetogama\/wp-json\/wp\/v2\/tags?post=3566"}],"curies":[{"name":"wp","href":"https:\/\/api.w.org\/{rel}","templated":true}]}}