{"id":3559,"date":"2019-05-09T21:40:54","date_gmt":"2019-05-10T00:40:54","guid":{"rendered":"https:\/\/wp.ufpel.edu.br\/projetogama\/?p=3559"},"modified":"2019-05-17T08:02:40","modified_gmt":"2019-05-17T11:02:40","slug":"selecao-de-bolsista-algebra-linear-e-geometria-analitica","status":"publish","type":"post","link":"https:\/\/wp.ufpel.edu.br\/projetogama\/2019\/05\/09\/selecao-de-bolsista-algebra-linear-e-geometria-analitica\/","title":{"rendered":"Sele\u00e7\u00e3o de bolsista &#8211; \u00c1lgebra Linear e Geometria Anal\u00edtica"},"content":{"rendered":"<p><span style=\"color: #000000\">O Projeto GAMA: Grupo de Apoio em Matem\u00e1tica divulga atrav\u00e9s deste a abertura de edital de sele\u00e7\u00e3o para 1 (um) bolsista, mais cadastro de reserva, para atuar nos <\/span><strong><span style=\"color: #800000\">Encontros e Monitorias de ALGA &#8211; \u00c1lgebra Linear e Geometria Anal\u00edtica.<\/span><\/strong><\/p>\n<p style=\"text-align: center\"><strong><span style=\"color: #800000\">Descri\u00e7\u00e3o das atividades<\/span><\/strong><\/p>\n<p style=\"text-align: justify\">Os <span style=\"color: #800000\"><strong>Encontros e Monitorias de ALGA &#8211; \u00c1lgebra Linear e Geometria Anal\u00edtica<\/strong><\/span>\u00a0<span style=\"color: #000000\">s\u00e3o atividades destinadas ao apoio em conte\u00fados de \u00c1lgebra Linear e Geometria Anal\u00edtica oferecidas pelo GAMA a estudantes da UFPel. Nas atividades de monitoria, o bolsista fica \u00e0 disposi\u00e7\u00e3o, em determinados locais e hor\u00e1rios pr\u00e9-definidos, para atender e esclarecer diversas d\u00favidas relacionadas a estes conte\u00fados. Os Encontros de ALGA ser\u00e3o realizados aos s\u00e1bados, de acordo com uma agenda predeterminada pelos professores respons\u00e1veis por estas atividades.<\/span><\/p>\n<p><strong><span style=\"color: #800000\">Per\u00edodo de Inscri\u00e7\u00f5es: <\/span><\/strong><span style=\"color: #000000\">de 9 de maio de 2019 at\u00e9 \u00e0s 17hs do dia 16 de maio de 2019<\/span><strong><br \/>\n<\/strong><\/p>\n<p><strong><span style=\"color: #800000\">Data das provas:<\/span><\/strong> 1<span style=\"color: #000000\">7\/05\/19.<\/span><\/p>\n<p><span style=\"color: #800000\"><strong>Local das provas:<\/strong><\/span> Sala 305 do Campus II &#8211; Rua Almirante Barroso, 1202.<\/p>\n<p><span style=\"color: #000000\">Mais informa\u00e7\u00f5es no Edital abaixo.<\/span><\/p>\n<p style=\"text-align: center\"><span style=\"color: #0000ff\"><a style=\"color: #0000ff\" href=\"https:\/\/wp.ufpel.edu.br\/projetogama\/files\/2019\/05\/Edital_05_MONITORIAS_ALGA_2019_1.pdf\">Edital_05_MONITORIAS_ALGA_2019_1<\/a><\/span><\/p>\n<p style=\"text-align: justify\"><strong><span style=\"color: #800000\">Observa\u00e7\u00e3o Importante:<\/span><\/strong> No dia da prova, voc\u00ea dever\u00e1 apresentar um documento de identifica\u00e7\u00e3o com foto e entregar c\u00f3pia da carteira de Identidade, CPF e Hist\u00f3rico Acad\u00eamico atualizado emitido pelo COBALTO.<\/p>\n<p style=\"text-align: center\"><span style=\"color: #000000\">Realize a inscri\u00e7\u00e3o<\/span>\u00a0\u00a0<span style=\"color: #0000ff\">AQUI<\/span>.<\/p>\n<p>&nbsp;<\/p>\n","protected":false},"excerpt":{"rendered":"<p>O Projeto GAMA: Grupo de Apoio em Matem\u00e1tica divulga atrav\u00e9s deste a abertura de edital de sele\u00e7\u00e3o para 1 (um) bolsista, mais cadastro de reserva, para atuar nos Encontros e [&hellip;]<\/p>\n","protected":false},"author":437,"featured_media":0,"comment_status":"closed","ping_status":"closed","sticky":false,"template":"","format":"standard","meta":{"jetpack_post_was_ever_published":false,"_jetpack_newsletter_access":"","_jetpack_dont_email_post_to_subs":false,"_jetpack_newsletter_tier_id":0,"_jetpack_memberships_contains_paywalled_content":false,"_jetpack_memberships_contains_paid_content":false,"footnotes":"","jetpack_publicize_message":"","jetpack_publicize_feature_enabled":true,"jetpack_social_post_already_shared":true,"jetpack_social_options":{"image_generator_settings":{"template":"highway","default_image_id":0,"font":"","enabled":false},"version":2}},"categories":[18],"tags":[],"class_list":["post-3559","post","type-post","status-publish","format-standard","hentry","category-inicio-inicio"],"jetpack_publicize_connections":[],"jetpack_featured_media_url":"","jetpack_sharing_enabled":true,"jetpack_shortlink":"https:\/\/wp.me\/p6Slop-Vp","_links":{"self":[{"href":"https:\/\/wp.ufpel.edu.br\/projetogama\/wp-json\/wp\/v2\/posts\/3559","targetHints":{"allow":["GET"]}}],"collection":[{"href":"https:\/\/wp.ufpel.edu.br\/projetogama\/wp-json\/wp\/v2\/posts"}],"about":[{"href":"https:\/\/wp.ufpel.edu.br\/projetogama\/wp-json\/wp\/v2\/types\/post"}],"author":[{"embeddable":true,"href":"https:\/\/wp.ufpel.edu.br\/projetogama\/wp-json\/wp\/v2\/users\/437"}],"replies":[{"embeddable":true,"href":"https:\/\/wp.ufpel.edu.br\/projetogama\/wp-json\/wp\/v2\/comments?post=3559"}],"version-history":[{"count":5,"href":"https:\/\/wp.ufpel.edu.br\/projetogama\/wp-json\/wp\/v2\/posts\/3559\/revisions"}],"predecessor-version":[{"id":3575,"href":"https:\/\/wp.ufpel.edu.br\/projetogama\/wp-json\/wp\/v2\/posts\/3559\/revisions\/3575"}],"wp:attachment":[{"href":"https:\/\/wp.ufpel.edu.br\/projetogama\/wp-json\/wp\/v2\/media?parent=3559"}],"wp:term":[{"taxonomy":"category","embeddable":true,"href":"https:\/\/wp.ufpel.edu.br\/projetogama\/wp-json\/wp\/v2\/categories?post=3559"},{"taxonomy":"post_tag","embeddable":true,"href":"https:\/\/wp.ufpel.edu.br\/projetogama\/wp-json\/wp\/v2\/tags?post=3559"}],"curies":[{"name":"wp","href":"https:\/\/api.w.org\/{rel}","templated":true}]}}