{"id":3499,"date":"2019-04-15T13:57:55","date_gmt":"2019-04-15T16:57:55","guid":{"rendered":"https:\/\/wp.ufpel.edu.br\/projetogama\/?p=3499"},"modified":"2019-04-18T11:21:09","modified_gmt":"2019-04-18T14:21:09","slug":"integrando-com-o-gama","status":"publish","type":"post","link":"https:\/\/wp.ufpel.edu.br\/projetogama\/2019\/04\/15\/integrando-com-o-gama\/","title":{"rendered":"Integrando com o GAMA"},"content":{"rendered":"<p><span style=\"color: #000000\">Est\u00e3o abertas as inscri\u00e7\u00f5es para o <\/span><span style=\"color: #800000\"><b>Primeiro Integrando com o GAMA de 2019<\/b><\/span>, <span style=\"color: #000000\">oferecido pelo Projeto GAMA: Grupo de Apoio em Matem\u00e1tica.<\/span><\/p>\n<p><span style=\"color: #800000\"><strong>Inscri\u00e7\u00f5es:<\/strong> <\/span><span style=\"color: #000000\">de 15\/04\/19 a 18\/04\/19 (at\u00e9 \u00e0s 10hs).<\/span><\/p>\n<p><span style=\"color: #800000\"><strong>Divulga\u00e7\u00e3o das turmas: <\/strong><span style=\"color: #000000\">18\/04\/19 \u00e0s 14hs.<\/span><\/span><\/p>\n<p><span style=\"color: #800000\"><strong>Data do Encontro:<\/strong> <\/span><span style=\"color: #000000\">20\/04\/19 &#8211; s\u00e1bado.<\/span><\/p>\n<p><strong><span style=\"color: #993300\">Hor\u00e1rio:<\/span><\/strong> <span style=\"color: #000000\">das 14hs \u00e0s 18hs.<\/span><\/p>\n<p><strong><span style=\"color: #993300\">Local:<\/span><\/strong> <span style=\"color: #800000\"><span style=\"color: #000000\">Audit\u00f3rio do <\/span><\/span><span style=\"color: #000000\">Campus II &#8211; Rua Almirante Barroso, 1202, Centro &#8211; Pelotas.<\/span><\/p>\n<p><strong><span style=\"color: #993300\">Programa\u00e7\u00e3o:<\/span><\/strong> Mesas redondas, rodas de conversa e minicurso de GEOBEBRA.<\/p>\n<p style=\"text-align: center\">Fa\u00e7a <span style=\"color: #0000ff\">AQUI<\/span> a sua inscri\u00e7\u00e3o<\/p>\n","protected":false},"excerpt":{"rendered":"<p>Est\u00e3o abertas as inscri\u00e7\u00f5es para o Primeiro Integrando com o GAMA de 2019, oferecido pelo Projeto GAMA: Grupo de Apoio em Matem\u00e1tica. Inscri\u00e7\u00f5es: de 15\/04\/19 a 18\/04\/19 (at\u00e9 \u00e0s 10hs). [&hellip;]<\/p>\n","protected":false},"author":437,"featured_media":0,"comment_status":"closed","ping_status":"closed","sticky":false,"template":"","format":"standard","meta":{"jetpack_post_was_ever_published":false,"_jetpack_newsletter_access":"","_jetpack_dont_email_post_to_subs":false,"_jetpack_newsletter_tier_id":0,"_jetpack_memberships_contains_paywalled_content":false,"_jetpack_memberships_contains_paid_content":false,"footnotes":"","jetpack_publicize_message":"","jetpack_publicize_feature_enabled":true,"jetpack_social_post_already_shared":true,"jetpack_social_options":{"image_generator_settings":{"template":"highway","default_image_id":0,"font":"","enabled":false},"version":2}},"categories":[18],"tags":[],"class_list":["post-3499","post","type-post","status-publish","format-standard","hentry","category-inicio-inicio"],"jetpack_publicize_connections":[],"jetpack_featured_media_url":"","jetpack_sharing_enabled":true,"jetpack_shortlink":"https:\/\/wp.me\/p6Slop-Ur","_links":{"self":[{"href":"https:\/\/wp.ufpel.edu.br\/projetogama\/wp-json\/wp\/v2\/posts\/3499","targetHints":{"allow":["GET"]}}],"collection":[{"href":"https:\/\/wp.ufpel.edu.br\/projetogama\/wp-json\/wp\/v2\/posts"}],"about":[{"href":"https:\/\/wp.ufpel.edu.br\/projetogama\/wp-json\/wp\/v2\/types\/post"}],"author":[{"embeddable":true,"href":"https:\/\/wp.ufpel.edu.br\/projetogama\/wp-json\/wp\/v2\/users\/437"}],"replies":[{"embeddable":true,"href":"https:\/\/wp.ufpel.edu.br\/projetogama\/wp-json\/wp\/v2\/comments?post=3499"}],"version-history":[{"count":6,"href":"https:\/\/wp.ufpel.edu.br\/projetogama\/wp-json\/wp\/v2\/posts\/3499\/revisions"}],"predecessor-version":[{"id":3506,"href":"https:\/\/wp.ufpel.edu.br\/projetogama\/wp-json\/wp\/v2\/posts\/3499\/revisions\/3506"}],"wp:attachment":[{"href":"https:\/\/wp.ufpel.edu.br\/projetogama\/wp-json\/wp\/v2\/media?parent=3499"}],"wp:term":[{"taxonomy":"category","embeddable":true,"href":"https:\/\/wp.ufpel.edu.br\/projetogama\/wp-json\/wp\/v2\/categories?post=3499"},{"taxonomy":"post_tag","embeddable":true,"href":"https:\/\/wp.ufpel.edu.br\/projetogama\/wp-json\/wp\/v2\/tags?post=3499"}],"curies":[{"name":"wp","href":"https:\/\/api.w.org\/{rel}","templated":true}]}}