{"id":3492,"date":"2019-04-12T15:13:03","date_gmt":"2019-04-12T18:13:03","guid":{"rendered":"https:\/\/wp.ufpel.edu.br\/projetogama\/?p=3492"},"modified":"2019-04-12T15:16:27","modified_gmt":"2019-04-12T18:16:27","slug":"turma-para-o-primeiro-encontro-de-alga-de-2019-1-2","status":"publish","type":"post","link":"https:\/\/wp.ufpel.edu.br\/projetogama\/2019\/04\/12\/turma-para-o-primeiro-encontro-de-alga-de-2019-1-2\/","title":{"rendered":"Turma para o Primeiro Encontro de C\u00e1lculo 1 de 2019\/1"},"content":{"rendered":"<p><span style=\"color: #800000\"><strong>Turma para o Primeiro Encontro de C\u00e1lculo 1 de 2019\/1<\/strong><\/span><\/p>\n<p>Dia: 13\/04 &#8211; S\u00e1bado<\/p>\n<p>Hor\u00e1rio: das 14:00 \u00e0s 18:00.<\/p>\n<p>Local: Audit\u00f3rio &#8211; Campus II &#8211; Rua Almirante Barroso, 1202.<\/p>\n<table width=\"712\">\n<tbody>\n<tr>\n<td width=\"107\"><strong>MATR\u00cdCULA<\/strong><\/td>\n<td width=\"324\"><strong>NOME<\/strong><\/td>\n<\/tr>\n<tr>\n<td width=\"107\">19100243<\/td>\n<td width=\"324\">ADRIANO IRIBARREM MOTA<\/td>\n<\/tr>\n<tr>\n<td width=\"107\">19103611<\/td>\n<td width=\"324\">ALESSANDRA OLIVEIRA BREHM<\/td>\n<\/tr>\n<tr>\n<td width=\"107\">19100498<\/td>\n<td width=\"324\">Ana Carolina Cunha Ribeiro<\/td>\n<\/tr>\n<tr>\n<td width=\"107\">17102668<\/td>\n<td width=\"324\">ANDREZA ALEGRE BITTENCURT<\/td>\n<\/tr>\n<tr>\n<td width=\"107\">19102176<\/td>\n<td width=\"324\">B\u00e1rbara Rafaela da Rosa<\/td>\n<\/tr>\n<tr>\n<td width=\"107\">19101594<\/td>\n<td width=\"324\">Beatriz Domingas da Cor\u00f4a<\/td>\n<\/tr>\n<tr>\n<td width=\"107\">19100430<\/td>\n<td width=\"324\">BIANCA REDIESS WILLE<\/td>\n<\/tr>\n<tr>\n<td width=\"107\">19102294<\/td>\n<td width=\"324\">Bruna Machado Henrique<\/td>\n<\/tr>\n<tr>\n<td width=\"107\">19101407<\/td>\n<td width=\"324\">BRUNA RAFAELA PIZZI<\/td>\n<\/tr>\n<tr>\n<td width=\"107\">19100289<\/td>\n<td width=\"324\">BRUNA RAZEIRA WAHAST<\/td>\n<\/tr>\n<tr>\n<td width=\"107\">19102072<\/td>\n<td width=\"324\">BRUNO LOUZADA NASCIMENTO<\/td>\n<\/tr>\n<tr>\n<td width=\"107\">19103143<\/td>\n<td width=\"324\">Caroline Ribeiro Pereira<\/td>\n<\/tr>\n<tr>\n<td width=\"107\">19101130<\/td>\n<td width=\"324\">Caroline Vieira de Mello<\/td>\n<\/tr>\n<tr>\n<td width=\"107\">16101933<\/td>\n<td width=\"324\">Daniel Andr\u00e9 de Carvalho<\/td>\n<\/tr>\n<tr>\n<td width=\"107\">19100435<\/td>\n<td width=\"324\">Diego Rodrigues Saraiva<\/td>\n<\/tr>\n<tr>\n<td width=\"107\">19103102<\/td>\n<td width=\"324\">EDUARDA DA SILVA FERNANDES<\/td>\n<\/tr>\n<tr>\n<td width=\"107\">19103096<\/td>\n<td width=\"324\">EDUARDO GON\u00c7ALVES RITA<\/td>\n<\/tr>\n<tr>\n<td width=\"107\">15100957<\/td>\n<td width=\"324\">Eduardo St\u00e9fano Tomasi<\/td>\n<\/tr>\n<tr>\n<td width=\"107\">19102065<\/td>\n<td width=\"324\">ELLEN WESTPHAL ZANATTA<\/td>\n<\/tr>\n<tr>\n<td width=\"107\">19101704<\/td>\n<td width=\"324\">Emily Gon\u00e7alves Jorge<\/td>\n<\/tr>\n<tr>\n<td width=\"107\">18100276<\/td>\n<td width=\"324\">Evandro Medeiros Souza<\/td>\n<\/tr>\n<tr>\n<td width=\"107\">19101262<\/td>\n<td width=\"324\">FELIPE CARVALHO DA SILVA<\/td>\n<\/tr>\n<tr>\n<td width=\"107\">19103004<\/td>\n<td width=\"324\">Gabriel Chagas Gon\u00e7alves<\/td>\n<\/tr>\n<tr>\n<td width=\"107\">17201220<\/td>\n<td width=\"324\">GABRIEL DA SILVA SEGUNDO<\/td>\n<\/tr>\n<tr>\n<td width=\"107\">18201365<\/td>\n<td width=\"324\">GABRIELA BORCHARTT DA SILVA<\/td>\n<\/tr>\n<tr>\n<td width=\"107\">19100897<\/td>\n<td width=\"324\">GUSTAVO DE SOUZA COSTA<\/td>\n<\/tr>\n<tr>\n<td width=\"107\">19100790<\/td>\n<td width=\"324\">Henrique Radmann Scaglioni<\/td>\n<\/tr>\n<tr>\n<td width=\"107\">19102994<\/td>\n<td width=\"324\">HERICA CORTINAZ MACHADO<\/td>\n<\/tr>\n<tr>\n<td width=\"107\">18101207<\/td>\n<td width=\"324\">Igor Borges Soares<\/td>\n<\/tr>\n<tr>\n<td width=\"107\">19103487<\/td>\n<td width=\"324\">IRIS BRAND\u00c3O MONBAQUE<\/td>\n<\/tr>\n<tr>\n<td width=\"107\">19101468<\/td>\n<td width=\"324\">isabel gomes vieira<\/td>\n<\/tr>\n<tr>\n<td width=\"107\">19101672<\/td>\n<td width=\"324\">ISABELA GON\u00c7ALVES NUNES<\/td>\n<\/tr>\n<tr>\n<td width=\"107\">19102576<\/td>\n<td width=\"324\">ISADORA DE PINHO BRITO<\/td>\n<\/tr>\n<tr>\n<td width=\"107\">19100483<\/td>\n<td width=\"324\">Jaqueline Gehling Fischer<\/td>\n<\/tr>\n<tr>\n<td width=\"107\">16200918<\/td>\n<td width=\"324\">Jhulyana Campos Cardoso<\/td>\n<\/tr>\n<tr>\n<td width=\"107\">19101576<\/td>\n<td width=\"324\">JO\u00c3O VITOR ALVES SOARES DE PAULO<\/td>\n<\/tr>\n<tr>\n<td width=\"107\">19100292<\/td>\n<td width=\"324\">Juan Lopes Baartz<\/td>\n<\/tr>\n<tr>\n<td width=\"107\">19103017<\/td>\n<td width=\"324\">JULIANE TAROUCO DE MEDEIROS<\/td>\n<\/tr>\n<tr>\n<td width=\"107\">19103513<\/td>\n<td width=\"324\">JULIANE TIETZ PETER<\/td>\n<\/tr>\n<tr>\n<td width=\"107\">19101562<\/td>\n<td width=\"324\">KAROLINE OLIVEIRA DA SILVA<\/td>\n<\/tr>\n<tr>\n<td width=\"107\">19101456<\/td>\n<td width=\"324\">KAROLINE TEIXEIRA LOPES<\/td>\n<\/tr>\n<tr>\n<td width=\"107\">17202168<\/td>\n<td width=\"324\">Katharina Dias Zanetti<\/td>\n<\/tr>\n<tr>\n<td width=\"107\">16104554<\/td>\n<td width=\"324\">Katiele Melo da Silva<\/td>\n<\/tr>\n<tr>\n<td width=\"107\">19103005<\/td>\n<td width=\"324\">KETLIN NOVACK KLUG<\/td>\n<\/tr>\n<tr>\n<td width=\"107\">19102222<\/td>\n<td width=\"324\">LA\u00cdS CARDOSO VALAD\u00c3O<\/td>\n<\/tr>\n<tr>\n<td width=\"107\">19100772<\/td>\n<td width=\"324\">LARISSA CARVALHO SCHMECHEL<\/td>\n<\/tr>\n<tr>\n<td width=\"107\">17200740<\/td>\n<td width=\"324\">Larissa de Lima Mateus<\/td>\n<\/tr>\n<tr>\n<td width=\"107\">19100488<\/td>\n<td width=\"324\">Liliane Hackbarth K\u00fctter<\/td>\n<\/tr>\n<tr>\n<td width=\"107\">19101711<\/td>\n<td width=\"324\">LIZANDRO DOS SANTOS LOPES<\/td>\n<\/tr>\n<tr>\n<td width=\"107\">19101673<\/td>\n<td width=\"324\">Lucas Seidy Ribeiro dos Santos Ikenoue<\/td>\n<\/tr>\n<tr>\n<td width=\"107\">18101465<\/td>\n<td width=\"324\">LUIS FELIPE BASSO<\/td>\n<\/tr>\n<tr>\n<td width=\"107\">19102794<\/td>\n<td width=\"324\">MARIANE GUEDES PEREIRA<\/td>\n<\/tr>\n<tr>\n<td width=\"107\">19104832<\/td>\n<td width=\"324\">MARINA DE MATTOS PETERSON<\/td>\n<\/tr>\n<tr>\n<td width=\"107\">19101281<\/td>\n<td width=\"324\">MATHEUS CARVALHO DA SILVA<\/td>\n<\/tr>\n<tr>\n<td width=\"107\">17200653<\/td>\n<td width=\"324\">MOARA DE CARDOZO DAQUINO<\/td>\n<\/tr>\n<tr>\n<td width=\"107\">17102590<\/td>\n<td width=\"324\">Natiele Brochado<\/td>\n<\/tr>\n<tr>\n<td width=\"107\">19101172<\/td>\n<td width=\"324\">PATR\u00cdCIA OLIVEIRA WERLE<\/td>\n<\/tr>\n<tr>\n<td width=\"107\">19100896<\/td>\n<td width=\"324\">PAULA LAYNI BARROS BARBOSA<\/td>\n<\/tr>\n<tr>\n<td width=\"107\">19103084<\/td>\n<td width=\"324\">Priscila Pedrotti<\/td>\n<\/tr>\n<tr>\n<td width=\"107\">18104446<\/td>\n<td width=\"324\">RAFAEL SILVEIRA DA SILVA<\/td>\n<\/tr>\n<tr>\n<td width=\"107\">19101738<\/td>\n<td width=\"324\">RAFAELA FAO NUNES<\/td>\n<\/tr>\n<tr>\n<td width=\"107\">18201000<\/td>\n<td width=\"324\">RA\u00cd AREVALO ACOSTA<\/td>\n<\/tr>\n<tr>\n<td width=\"107\">19101444<\/td>\n<td width=\"324\">RODRIGO GUIMAR\u00c3ES MOTTA<\/td>\n<\/tr>\n<tr>\n<td width=\"107\">19103731<\/td>\n<td width=\"324\">ROSANA HARTWIG SCHWANKE<\/td>\n<\/tr>\n<tr>\n<td width=\"107\">19100330<\/td>\n<td width=\"324\">RUAN DE FREITAS LIMA<\/td>\n<\/tr>\n<tr>\n<td width=\"107\">19102482<\/td>\n<td width=\"324\">SABRINA RIBEIRO DA COSTA<\/td>\n<\/tr>\n<tr>\n<td width=\"107\">19104616<\/td>\n<td width=\"324\">SCHEILA DIAS QUINTANA<\/td>\n<\/tr>\n<tr>\n<td width=\"107\">19100504<\/td>\n<td width=\"324\">TAIN\u00c1 CRUGER GON\u00c7ALVES<\/td>\n<\/tr>\n<tr>\n<td width=\"107\">19101989<\/td>\n<td width=\"324\">THALIA FABRES ZANETTI<\/td>\n<\/tr>\n<tr>\n<td width=\"107\">19101991<\/td>\n<td width=\"324\">THALIA GABRIELA TORBES DE OLIVEIRA<\/td>\n<\/tr>\n<tr>\n<td width=\"107\">19102374<\/td>\n<td width=\"324\">THAYS AVILA ZIMERMANN<\/td>\n<\/tr>\n<tr>\n<td width=\"107\">19101636<\/td>\n<td width=\"324\">THIAGO IOOST CALDEIRA<\/td>\n<\/tr>\n<\/tbody>\n<\/table>\n<p>&nbsp;<\/p>\n","protected":false},"excerpt":{"rendered":"<p>Turma para o Primeiro Encontro de C\u00e1lculo 1 de 2019\/1 Dia: 13\/04 &#8211; S\u00e1bado Hor\u00e1rio: das 14:00 \u00e0s 18:00. Local: Audit\u00f3rio &#8211; Campus II &#8211; Rua Almirante Barroso, 1202. MATR\u00cdCULA [&hellip;]<\/p>\n","protected":false},"author":437,"featured_media":0,"comment_status":"closed","ping_status":"closed","sticky":false,"template":"","format":"standard","meta":{"jetpack_post_was_ever_published":false,"_jetpack_newsletter_access":"","_jetpack_dont_email_post_to_subs":false,"_jetpack_newsletter_tier_id":0,"_jetpack_memberships_contains_paywalled_content":false,"_jetpack_memberships_contains_paid_content":false,"footnotes":"","jetpack_publicize_message":"","jetpack_publicize_feature_enabled":true,"jetpack_social_post_already_shared":true,"jetpack_social_options":{"image_generator_settings":{"template":"highway","default_image_id":0,"font":"","enabled":false},"version":2}},"categories":[18],"tags":[],"class_list":["post-3492","post","type-post","status-publish","format-standard","hentry","category-inicio-inicio"],"jetpack_publicize_connections":[],"jetpack_featured_media_url":"","jetpack_sharing_enabled":true,"jetpack_shortlink":"https:\/\/wp.me\/p6Slop-Uk","_links":{"self":[{"href":"https:\/\/wp.ufpel.edu.br\/projetogama\/wp-json\/wp\/v2\/posts\/3492","targetHints":{"allow":["GET"]}}],"collection":[{"href":"https:\/\/wp.ufpel.edu.br\/projetogama\/wp-json\/wp\/v2\/posts"}],"about":[{"href":"https:\/\/wp.ufpel.edu.br\/projetogama\/wp-json\/wp\/v2\/types\/post"}],"author":[{"embeddable":true,"href":"https:\/\/wp.ufpel.edu.br\/projetogama\/wp-json\/wp\/v2\/users\/437"}],"replies":[{"embeddable":true,"href":"https:\/\/wp.ufpel.edu.br\/projetogama\/wp-json\/wp\/v2\/comments?post=3492"}],"version-history":[{"count":3,"href":"https:\/\/wp.ufpel.edu.br\/projetogama\/wp-json\/wp\/v2\/posts\/3492\/revisions"}],"predecessor-version":[{"id":3496,"href":"https:\/\/wp.ufpel.edu.br\/projetogama\/wp-json\/wp\/v2\/posts\/3492\/revisions\/3496"}],"wp:attachment":[{"href":"https:\/\/wp.ufpel.edu.br\/projetogama\/wp-json\/wp\/v2\/media?parent=3492"}],"wp:term":[{"taxonomy":"category","embeddable":true,"href":"https:\/\/wp.ufpel.edu.br\/projetogama\/wp-json\/wp\/v2\/categories?post=3492"},{"taxonomy":"post_tag","embeddable":true,"href":"https:\/\/wp.ufpel.edu.br\/projetogama\/wp-json\/wp\/v2\/tags?post=3492"}],"curies":[{"name":"wp","href":"https:\/\/api.w.org\/{rel}","templated":true}]}}