{"id":3489,"date":"2019-04-12T15:01:22","date_gmt":"2019-04-12T18:01:22","guid":{"rendered":"https:\/\/wp.ufpel.edu.br\/projetogama\/?p=3489"},"modified":"2019-04-12T15:19:15","modified_gmt":"2019-04-12T18:19:15","slug":"turma-para-o-primeiro-encontro-de-alga-de-2019-1","status":"publish","type":"post","link":"https:\/\/wp.ufpel.edu.br\/projetogama\/2019\/04\/12\/turma-para-o-primeiro-encontro-de-alga-de-2019-1\/","title":{"rendered":"Turma para o Primeiro Encontro de ALGA de 2019\/1"},"content":{"rendered":"<p><span style=\"color: #800000\"><strong>Turma para o Primeiro Encontro de ALGA de 2019\/1<\/strong><\/span><\/p>\n<p>Dia: 13\/04 &#8211; S\u00e1bado<\/p>\n<p>Hor\u00e1rio: das 08:00 \u00e0s 12:00.<\/p>\n<p>Local: Audit\u00f3rio &#8211; Campus II &#8211; Rua Almirante Barroso, 1202.<\/p>\n<table width=\"712\">\n<tbody>\n<tr>\n<td width=\"107\"><strong>MATR\u00cdCULA<\/strong><\/td>\n<td width=\"324\"><strong>NOME<\/strong><\/td>\n<\/tr>\n<tr>\n<td width=\"107\">19100243<\/td>\n<td width=\"324\">ADRIANO IRIBARREM MOTA<\/td>\n<\/tr>\n<tr>\n<td width=\"107\">18101115<\/td>\n<td width=\"324\">ANA AM\u00c9LIA TRAVERSI<\/td>\n<\/tr>\n<tr>\n<td width=\"107\">18100417<\/td>\n<td width=\"324\">ANA CLAUDIA SIQUEIRA RODRIGUES MAGALHAES<\/td>\n<\/tr>\n<tr>\n<td width=\"107\">15201910<\/td>\n<td width=\"324\">Ana L\u00facia Bueno da Silva schaun<\/td>\n<\/tr>\n<tr>\n<td width=\"107\">18101933<\/td>\n<td width=\"324\">ANNA NACHTIGALL DA CRUZ<\/td>\n<\/tr>\n<tr>\n<td width=\"107\">19101594<\/td>\n<td width=\"324\">Beatriz Domingas da Cor\u00f4a<\/td>\n<\/tr>\n<tr>\n<td width=\"107\">14200506<\/td>\n<td width=\"324\">BRUNO HELENO BARCELLOS DE SOUZA<\/td>\n<\/tr>\n<tr>\n<td width=\"107\">19103143<\/td>\n<td width=\"324\">Caroline Ribeiro Pereira<\/td>\n<\/tr>\n<tr>\n<td width=\"107\">14200885<\/td>\n<td width=\"324\">DOUGLAS JANOVIK MALISZEWSKI<\/td>\n<\/tr>\n<tr>\n<td width=\"107\">18102002<\/td>\n<td width=\"324\">FELIPE RODRIGUES CASSONI<\/td>\n<\/tr>\n<tr>\n<td width=\"107\">18103202<\/td>\n<td width=\"324\">FRANTCHESCOLE BORGES CARDOSO<\/td>\n<\/tr>\n<tr>\n<td width=\"107\">19103004<\/td>\n<td width=\"324\">Gabriel Chagas Gon\u00e7alves<\/td>\n<\/tr>\n<tr>\n<td width=\"107\">19100131<\/td>\n<td width=\"324\">Gabrielle Carvalho Medeiros<\/td>\n<\/tr>\n<tr>\n<td width=\"107\">19102994<\/td>\n<td width=\"324\">HERICA CORTINAZ MACHADO<\/td>\n<\/tr>\n<tr>\n<td width=\"107\">19100614<\/td>\n<td width=\"324\">IGOR SOUZA DOS SANTOS<\/td>\n<\/tr>\n<tr>\n<td width=\"107\">19101576<\/td>\n<td width=\"324\">JO\u00c3O VITOR ALVES SOARES DE PAULO<\/td>\n<\/tr>\n<tr>\n<td width=\"107\">19103513<\/td>\n<td width=\"324\">JULIANE TIETZ PETER<\/td>\n<\/tr>\n<tr>\n<td width=\"107\">19103042<\/td>\n<td width=\"324\">KEMILLIN SANTOS BORGES<\/td>\n<\/tr>\n<tr>\n<td width=\"107\">18103296<\/td>\n<td width=\"324\">LEONARDO BENTO FRANCO MODESTO<\/td>\n<\/tr>\n<tr>\n<td width=\"107\">19102592<\/td>\n<td width=\"324\">LOHANA MAIA SODR\u00c9<\/td>\n<\/tr>\n<tr>\n<td width=\"107\">18200099<\/td>\n<td width=\"324\">MARIANA GON\u00c7ALVES RODRIGUES<\/td>\n<\/tr>\n<tr>\n<td width=\"107\">19102794<\/td>\n<td width=\"324\">MARIANE GUEDES PEREIRA<\/td>\n<\/tr>\n<tr>\n<td width=\"107\">19101281<\/td>\n<td width=\"324\">MATHEUS CARVALHO DA SILVA<\/td>\n<\/tr>\n<tr>\n<td width=\"107\">19102636<\/td>\n<td width=\"324\">MAURICIO DIAS DE LIMA<\/td>\n<\/tr>\n<tr>\n<td width=\"107\">14103067<\/td>\n<td width=\"324\">PAULO ROBERTO NUNES DA ROSA<\/td>\n<\/tr>\n<tr>\n<td width=\"107\">14103778<\/td>\n<td width=\"324\">PEDRO AUGUSTO NUNES MARCHAND<\/td>\n<\/tr>\n<tr>\n<td width=\"107\">19103084<\/td>\n<td width=\"324\">PRISCILA PEDROTTI<\/td>\n<\/tr>\n<tr>\n<td width=\"107\">19101444<\/td>\n<td width=\"324\">RODRIGO GUIMAR\u00c3ES MOTTA<\/td>\n<\/tr>\n<tr>\n<td width=\"107\">19102445<\/td>\n<td width=\"324\">Ronytta Dos Santos Ribeiro<\/td>\n<\/tr>\n<tr>\n<td width=\"107\">18101983<\/td>\n<td width=\"324\">SARA LUIZA PETRY<\/td>\n<\/tr>\n<tr>\n<td width=\"107\">18101890<\/td>\n<td width=\"324\">Teddy willian da silva espindola<\/td>\n<\/tr>\n<tr>\n<td width=\"107\">19101991<\/td>\n<td width=\"324\">THALIA GABRIELA TORBES DE OLIVEIRA<\/td>\n<\/tr>\n<tr>\n<td width=\"107\">19101636<\/td>\n<td width=\"324\">THIAGO IOOST CALDEIRA<\/td>\n<\/tr>\n<tr>\n<td width=\"107\">19102511<\/td>\n<td width=\"324\">WILLIAN PACHECO DE OLIVEIRA<\/td>\n<\/tr>\n<tr>\n<td width=\"107\">19101001<\/td>\n<td width=\"324\">WILLIAN PRUDENCIO BANDEIRA<\/td>\n<\/tr>\n<tr>\n<td width=\"107\">18200759<\/td>\n<td width=\"324\">YORRANA CRISTINA SANTOS VIEIRA<\/td>\n<\/tr>\n<\/tbody>\n<\/table>\n<p>&nbsp;<\/p>\n","protected":false},"excerpt":{"rendered":"<p>Turma para o Primeiro Encontro de ALGA de 2019\/1 Dia: 13\/04 &#8211; S\u00e1bado Hor\u00e1rio: das 08:00 \u00e0s 12:00. Local: Audit\u00f3rio &#8211; Campus II &#8211; Rua Almirante Barroso, 1202. MATR\u00cdCULA NOME [&hellip;]<\/p>\n","protected":false},"author":437,"featured_media":0,"comment_status":"closed","ping_status":"closed","sticky":false,"template":"","format":"standard","meta":{"jetpack_post_was_ever_published":false,"_jetpack_newsletter_access":"","_jetpack_dont_email_post_to_subs":false,"_jetpack_newsletter_tier_id":0,"_jetpack_memberships_contains_paywalled_content":false,"_jetpack_memberships_contains_paid_content":false,"footnotes":"","jetpack_publicize_message":"","jetpack_publicize_feature_enabled":true,"jetpack_social_post_already_shared":true,"jetpack_social_options":{"image_generator_settings":{"template":"highway","default_image_id":0,"font":"","enabled":false},"version":2}},"categories":[18],"tags":[],"class_list":["post-3489","post","type-post","status-publish","format-standard","hentry","category-inicio-inicio"],"jetpack_publicize_connections":[],"jetpack_featured_media_url":"","jetpack_sharing_enabled":true,"jetpack_shortlink":"https:\/\/wp.me\/p6Slop-Uh","_links":{"self":[{"href":"https:\/\/wp.ufpel.edu.br\/projetogama\/wp-json\/wp\/v2\/posts\/3489","targetHints":{"allow":["GET"]}}],"collection":[{"href":"https:\/\/wp.ufpel.edu.br\/projetogama\/wp-json\/wp\/v2\/posts"}],"about":[{"href":"https:\/\/wp.ufpel.edu.br\/projetogama\/wp-json\/wp\/v2\/types\/post"}],"author":[{"embeddable":true,"href":"https:\/\/wp.ufpel.edu.br\/projetogama\/wp-json\/wp\/v2\/users\/437"}],"replies":[{"embeddable":true,"href":"https:\/\/wp.ufpel.edu.br\/projetogama\/wp-json\/wp\/v2\/comments?post=3489"}],"version-history":[{"count":2,"href":"https:\/\/wp.ufpel.edu.br\/projetogama\/wp-json\/wp\/v2\/posts\/3489\/revisions"}],"predecessor-version":[{"id":3497,"href":"https:\/\/wp.ufpel.edu.br\/projetogama\/wp-json\/wp\/v2\/posts\/3489\/revisions\/3497"}],"wp:attachment":[{"href":"https:\/\/wp.ufpel.edu.br\/projetogama\/wp-json\/wp\/v2\/media?parent=3489"}],"wp:term":[{"taxonomy":"category","embeddable":true,"href":"https:\/\/wp.ufpel.edu.br\/projetogama\/wp-json\/wp\/v2\/categories?post=3489"},{"taxonomy":"post_tag","embeddable":true,"href":"https:\/\/wp.ufpel.edu.br\/projetogama\/wp-json\/wp\/v2\/tags?post=3489"}],"curies":[{"name":"wp","href":"https:\/\/api.w.org\/{rel}","templated":true}]}}