{"id":3387,"date":"2019-02-16T16:47:17","date_gmt":"2019-02-16T18:47:17","guid":{"rendered":"https:\/\/wp.ufpel.edu.br\/projetogama\/?p=3387"},"modified":"2019-02-25T13:46:41","modified_gmt":"2019-02-25T16:46:41","slug":"inscricoes-para-o-curso-preparatorio-para-o-calculo-2","status":"publish","type":"post","link":"https:\/\/wp.ufpel.edu.br\/projetogama\/2019\/02\/16\/inscricoes-para-o-curso-preparatorio-para-o-calculo-2\/","title":{"rendered":"Inscri\u00e7\u00f5es para o Curso Preparat\u00f3rio para o C\u00e1lculo"},"content":{"rendered":"<p style=\"text-align: justify\">Est\u00e3o abertas as inscri\u00e7\u00f5es para as pr\u00f3ximas turmas dos <span style=\"color: #800000\"><b>Curso Preparat\u00f3rio para o C\u00e1lculo<\/b><\/span>, oferecidas pelo Projeto GAMA: Grupo de Apoio em Matem\u00e1tica.<\/p>\n<p style=\"text-align: center\"><span style=\"color: #800000\">O Curso Preparat\u00f3rio para o C\u00e1lculo possui o mesmo conte\u00fado program\u00e1tico do M\u00f3dulo de Matem\u00e1tica B\u00e1sica, oferecido pelo GAMA no per\u00edodo de 06\/02\/19 a 08\/02\/19, mas com carga hor\u00e1ria maior pois inclui aulas de exerc\u00edcios. Quem j\u00e1 fez o M\u00f3dulo de Matem\u00e1tica B\u00e1sica, poder\u00e1 fazer tamb\u00e9m o Curso Preparat\u00f3rio para o C\u00e1lculo, se achar interessante.<\/span><\/p>\n<p><span style=\"color: #800000\"><strong>Inscri\u00e7\u00f5es:<\/strong> <\/span>De 16\/02\/19 a 22\/02\/19 (at\u00e9 \u00e0s 18hs).<\/p>\n<p><span style=\"color: #800000\"><strong>Per\u00edodo do curso:<\/strong><\/span> de 25\/02\/19 a 01\/03\/19.<\/p>\n<p><strong><span style=\"color: #800000\">Turmas:<\/span>\u00a0<\/strong>Manh\u00e3 (das\u00a08:00 \u00e0s 12:00) ou noite (das 18:00 \u00e0s 22:00).<\/p>\n<p><span style=\"color: #800000\"><strong>Local: <\/strong><\/span>Campus II &#8211; Rua Almirante Barroso, 1202, Centro &#8211; Pelotas.<\/p>\n<p><span style=\"color: #800000\"><strong>Divulga\u00e7\u00e3o das turmas: <\/strong><\/span>23\/02\/19.<\/p>\n<p style=\"text-align: justify\"><span style=\"color: #800000\"><strong>Conte\u00fados abordados no Curso (revis\u00e3o da teoria e exerc\u00edcios):\u00a0<\/strong><\/span>Teoria b\u00e1sica dos conjuntos. Conjuntos num\u00e9ricos e intervalos. Opera\u00e7\u00f5es com fra\u00e7\u00f5es. Potencia\u00e7\u00e3o. Radicia\u00e7\u00e3o. Racionaliza\u00e7\u00e3o de denominadores. Fatora\u00e7\u00e3o e produtos not\u00e1veis. Opera\u00e7\u00f5es e simplifica\u00e7\u00e3o de fra\u00e7\u00f5es alg\u00e9bricas. Opera\u00e7\u00f5es com polin\u00f4mios.<\/p>\n<p style=\"text-align: center\">Fa\u00e7a <span style=\"color: #0000ff\">AQUI<\/span> a sua inscri\u00e7\u00e3o<\/p>\n<p><span style=\"color: #800000\"><strong>Observa\u00e7\u00f5es importantes:<\/strong><\/span><\/p>\n<ol>\n<li>Prioridade para acad\u00eamicos ingressantes em 2019\/1 que possuem matem\u00e1tica em sua grade curricular;<\/li>\n<li>50% das vagas com prioridade para bolsistas da PRAE;<\/li>\n<li>Dentro da prioridade acima, a sele\u00e7\u00e3o se dar\u00e1 de acordo com a ordem de inscri\u00e7\u00e3o;<\/li>\n<li>O n\u00famero m\u00ednimo de alunos inscritos para a abertura de uma turma \u00e9 10 (dez);<\/li>\n<li>Certificado de 12 (doze) horas para os participantes que obtiverem pelos menos 75% de frequ\u00eancia.<\/li>\n<\/ol>\n","protected":false},"excerpt":{"rendered":"<p>Est\u00e3o abertas as inscri\u00e7\u00f5es para as pr\u00f3ximas turmas dos Curso Preparat\u00f3rio para o C\u00e1lculo, oferecidas pelo Projeto GAMA: Grupo de Apoio em Matem\u00e1tica. O Curso Preparat\u00f3rio para o C\u00e1lculo possui [&hellip;]<\/p>\n","protected":false},"author":437,"featured_media":0,"comment_status":"closed","ping_status":"closed","sticky":false,"template":"","format":"standard","meta":{"jetpack_post_was_ever_published":false,"_jetpack_newsletter_access":"","_jetpack_dont_email_post_to_subs":false,"_jetpack_newsletter_tier_id":0,"_jetpack_memberships_contains_paywalled_content":false,"_jetpack_memberships_contains_paid_content":false,"footnotes":"","jetpack_publicize_message":"","jetpack_publicize_feature_enabled":true,"jetpack_social_post_already_shared":true,"jetpack_social_options":{"image_generator_settings":{"template":"highway","default_image_id":0,"font":"","enabled":false},"version":2}},"categories":[18],"tags":[],"class_list":["post-3387","post","type-post","status-publish","format-standard","hentry","category-inicio-inicio"],"jetpack_publicize_connections":[],"jetpack_featured_media_url":"","jetpack_sharing_enabled":true,"jetpack_shortlink":"https:\/\/wp.me\/p6Slop-SD","_links":{"self":[{"href":"https:\/\/wp.ufpel.edu.br\/projetogama\/wp-json\/wp\/v2\/posts\/3387","targetHints":{"allow":["GET"]}}],"collection":[{"href":"https:\/\/wp.ufpel.edu.br\/projetogama\/wp-json\/wp\/v2\/posts"}],"about":[{"href":"https:\/\/wp.ufpel.edu.br\/projetogama\/wp-json\/wp\/v2\/types\/post"}],"author":[{"embeddable":true,"href":"https:\/\/wp.ufpel.edu.br\/projetogama\/wp-json\/wp\/v2\/users\/437"}],"replies":[{"embeddable":true,"href":"https:\/\/wp.ufpel.edu.br\/projetogama\/wp-json\/wp\/v2\/comments?post=3387"}],"version-history":[{"count":10,"href":"https:\/\/wp.ufpel.edu.br\/projetogama\/wp-json\/wp\/v2\/posts\/3387\/revisions"}],"predecessor-version":[{"id":3408,"href":"https:\/\/wp.ufpel.edu.br\/projetogama\/wp-json\/wp\/v2\/posts\/3387\/revisions\/3408"}],"wp:attachment":[{"href":"https:\/\/wp.ufpel.edu.br\/projetogama\/wp-json\/wp\/v2\/media?parent=3387"}],"wp:term":[{"taxonomy":"category","embeddable":true,"href":"https:\/\/wp.ufpel.edu.br\/projetogama\/wp-json\/wp\/v2\/categories?post=3387"},{"taxonomy":"post_tag","embeddable":true,"href":"https:\/\/wp.ufpel.edu.br\/projetogama\/wp-json\/wp\/v2\/tags?post=3387"}],"curies":[{"name":"wp","href":"https:\/\/api.w.org\/{rel}","templated":true}]}}