{"id":3382,"date":"2019-02-16T11:25:46","date_gmt":"2019-02-16T13:25:46","guid":{"rendered":"https:\/\/wp.ufpel.edu.br\/projetogama\/?p=3382"},"modified":"2019-02-16T13:35:39","modified_gmt":"2019-02-16T15:35:39","slug":"turmas-para-o-modulo-de-funcoes-trigonometricas-exponenciais-e-logaritmicas","status":"publish","type":"post","link":"https:\/\/wp.ufpel.edu.br\/projetogama\/2019\/02\/16\/turmas-para-o-modulo-de-funcoes-trigonometricas-exponenciais-e-logaritmicas\/","title":{"rendered":"Turmas para o m\u00f3dulo de Fun\u00e7\u00f5es Trigonom\u00e9tricas, Exponenciais e Logar\u00edtmicas"},"content":{"rendered":"<p style=\"text-align: center\"><span style=\"color: #800000\"><strong>M\u00f3dulo de Fun\u00e7\u00f5es Trigonom\u00e9tricas, Exponenciais e Logar\u00edtmicas<br \/>\n<\/strong><\/span><\/p>\n<p style=\"text-align: left\"><span style=\"color: #800000\"><strong>Turma 1<\/strong><\/span><\/p>\n<p>Aulas te\u00f3ricas: Segunda-feira (18\/02), quarta-feira (20\/02) e sexta-feira (22\/02), das 08:00 \u00e0s 12:00.<\/p>\n<p>Monitorias: Ter\u00e7a-feira (19\/02) e quinta-feira (21\/02), das 08:00 \u00e0s 12:00.<\/p>\n<p>Local: Sala 202 \u2013 Campus II \u2013 Rua Almirante Barroso, 1202.<\/p>\n<table class=\" aligncenter\" style=\"width: 304px\" width=\"310\">\n<tbody>\n<tr>\n<td style=\"width: 361px\">Nome<\/td>\n<\/tr>\n<tr>\n<td style=\"width: 361px\">ADRIAN HEIMBERG AIRES<\/td>\n<\/tr>\n<tr>\n<td style=\"width: 361px\">ADRIANE VIEIRA GRIMM<\/td>\n<\/tr>\n<tr>\n<td style=\"width: 361px\">ALEXANDRE RODRIGUES CARDOSO JUNIOR<\/td>\n<\/tr>\n<tr>\n<td style=\"width: 361px\">AMAURI GON\u00c7ALVES LEAL<\/td>\n<\/tr>\n<tr>\n<td style=\"width: 361px\">Anderson Fernandes Moreira<\/td>\n<\/tr>\n<tr>\n<td style=\"width: 361px\">Aniele Moraes Furtado<\/td>\n<\/tr>\n<tr>\n<td style=\"width: 361px\">Anna J\u00falia Menger Tietbohl<\/td>\n<\/tr>\n<tr>\n<td style=\"width: 361px\">Arlene Fehrenbach<\/td>\n<\/tr>\n<tr>\n<td style=\"width: 361px\">Armando Rodrigues Correa Tavares<\/td>\n<\/tr>\n<tr>\n<td style=\"width: 361px\">ARNALDO PORCIUNCULA GONCALVES<\/td>\n<\/tr>\n<tr>\n<td style=\"width: 361px\">ARTHUR LEGUISSAMO MEDEIROS LOUREIRO<\/td>\n<\/tr>\n<tr>\n<td style=\"width: 361px\">ARTHUR WEIRICH<\/td>\n<\/tr>\n<tr>\n<td style=\"width: 361px\">Beatriz Domingas da Cor\u00f4a<\/td>\n<\/tr>\n<tr>\n<td style=\"width: 361px\">Bernardo Pinto Silveira<\/td>\n<\/tr>\n<tr>\n<td style=\"width: 361px\">BRUNO ADLLER MARTINEZ DA SILVA<\/td>\n<\/tr>\n<tr>\n<td style=\"width: 361px\">Bruno Arruda Caldas<\/td>\n<\/tr>\n<tr>\n<td style=\"width: 361px\">CAROLINA M\u00dcLLER CARDOSO<\/td>\n<\/tr>\n<tr>\n<td style=\"width: 361px\">CAROLINE SOARES SANTOS<\/td>\n<\/tr>\n<tr>\n<td style=\"width: 361px\">CAROLINE SOARES SANTOS<\/td>\n<\/tr>\n<tr>\n<td style=\"width: 361px\">CATIA ROSANE DE PAULA MACEDO<\/td>\n<\/tr>\n<tr>\n<td style=\"width: 361px\">CHEIRLI DOS SANTOS MATOS OLIVEIRA<\/td>\n<\/tr>\n<tr>\n<td style=\"width: 361px\">CHEIRLI DOS SANTOS MATOS OLIVEIRA<\/td>\n<\/tr>\n<tr>\n<td style=\"width: 361px\">CLEITON JESUS ANDRADE PEREIRA<\/td>\n<\/tr>\n<tr>\n<td style=\"width: 361px\">DANIEL NOGU\u00caS DE OLIVEIRA<\/td>\n<\/tr>\n<tr>\n<td style=\"width: 361px\">DANIELA PIRES F\u00c9LIX<\/td>\n<\/tr>\n<tr>\n<td style=\"width: 361px\">DANIELA PIRES F\u00c9LIX<\/td>\n<\/tr>\n<tr>\n<td style=\"width: 361px\">DANIELA WICKBOLDT PINZ<\/td>\n<\/tr>\n<tr>\n<td style=\"width: 361px\">DANIELE CARDOSO DE ALMEIDA<\/td>\n<\/tr>\n<tr>\n<td style=\"width: 361px\">DANTON DE SOUZA CAMACHO<\/td>\n<\/tr>\n<tr>\n<td style=\"width: 361px\">DIULIA CAMARGO VIEIRA<\/td>\n<\/tr>\n<tr>\n<td style=\"width: 361px\">DOUGLAS SOUZA GOMES<\/td>\n<\/tr>\n<tr>\n<td style=\"width: 361px\">EDMILSON DOS SANTOS PIRES<\/td>\n<\/tr>\n<tr>\n<td style=\"width: 361px\">EDUARDA BERNARDI FERRO<\/td>\n<\/tr>\n<tr>\n<td style=\"width: 361px\">Eduardo de Souza Barbosa<\/td>\n<\/tr>\n<tr>\n<td style=\"width: 361px\">EDUARDO MONTEIRO MACHADO<\/td>\n<\/tr>\n<tr>\n<td style=\"width: 361px\">EMERSON LIMA RIBEIRO<\/td>\n<\/tr>\n<tr>\n<td style=\"width: 361px\">EMILY QUEVEDO DA SILVA<\/td>\n<\/tr>\n<tr>\n<td style=\"width: 361px\">Evandro Lemes<\/td>\n<\/tr>\n<tr>\n<td style=\"width: 361px\">Everton Rodrigues Zirbes<\/td>\n<\/tr>\n<tr>\n<td style=\"width: 361px\">Fernanda Dias Jesus<\/td>\n<\/tr>\n<tr>\n<td style=\"width: 361px\">Gabriel Lucero Rodrigues<\/td>\n<\/tr>\n<tr>\n<td style=\"width: 361px\">GABRIEL MELLO PORTO<\/td>\n<\/tr>\n<tr>\n<td style=\"width: 361px\">GISELE ALVES DA SILVA<\/td>\n<\/tr>\n<tr>\n<td style=\"width: 361px\">Guilherme BUCHWEITZ N\u00d6RNBERG<\/td>\n<\/tr>\n<tr>\n<td style=\"width: 361px\">GUILHERME DA SILVA SABAR\u00c1<\/td>\n<\/tr>\n<tr>\n<td style=\"width: 361px\">GUILHERME DE ALMEIDA FIGUEIRA<\/td>\n<\/tr>\n<tr>\n<td style=\"width: 361px\">HELENIZE CALDERIPE VELEDA DA SILVA<\/td>\n<\/tr>\n<tr>\n<td style=\"width: 361px\">Hellen Rafaela Silva<\/td>\n<\/tr>\n<tr>\n<td style=\"width: 361px\">HENRIQUE MATHIAS REIS<\/td>\n<\/tr>\n<tr>\n<td style=\"width: 361px\">IGOR YUJI ISHIHARA SAKUMA<\/td>\n<\/tr>\n<tr>\n<td style=\"width: 361px\">\u00cdRIA MACHADO KUSMA<\/td>\n<\/tr>\n<tr>\n<td style=\"width: 361px\">isac heres lopes<\/td>\n<\/tr>\n<tr>\n<td style=\"width: 361px\">ISADORA RODRIGUES OLIVEIRA<\/td>\n<\/tr>\n<tr>\n<td style=\"width: 361px\">JADE LACERDA FERNANDES<\/td>\n<\/tr>\n<tr>\n<td style=\"width: 361px\">Jaqueline de Souza Medeiros<\/td>\n<\/tr>\n<tr>\n<td style=\"width: 361px\">JAQUELINE PEREIRA DA ROSA<\/td>\n<\/tr>\n<tr>\n<td style=\"width: 361px\">JESSICA VALERIA DE OLIVEIRA SPECHT<\/td>\n<\/tr>\n<tr>\n<td style=\"width: 361px\">JO\u00c3O PEDRO LADEIRA REZENDE<\/td>\n<\/tr>\n<\/tbody>\n<\/table>\n<p>&nbsp;<\/p>\n<p style=\"text-align: left\"><span style=\"color: #800000\"><strong>Turma 2<\/strong><\/span><\/p>\n<p>Aulas te\u00f3ricas: Segunda-feira (18\/02), quarta-feira (20\/02) e sexta-feira (22\/02), das 08:00 \u00e0s 12:00.<\/p>\n<p>Monitorias: Ter\u00e7a-feira (19\/02) e quinta-feira (21\/02), das 08:00 \u00e0s 12:00.<\/p>\n<p>Local: Sala 204 \u2013 Campus II \u2013 Rua Almirante Barroso, 1202.<\/p>\n<table style=\"width: 430px;height: 1532px\" width=\"310\">\n<tbody>\n<tr>\n<td style=\"width: 420px\">Nome<\/td>\n<\/tr>\n<tr>\n<td style=\"width: 420px\">JORDANA MULLER GUIMARAES<\/td>\n<\/tr>\n<tr>\n<td style=\"width: 420px\">JULIANA PEIL KR\u00dcGER<\/td>\n<\/tr>\n<tr>\n<td style=\"width: 420px\">KATSUE ISHIKAME MACHADO<\/td>\n<\/tr>\n<tr>\n<td style=\"width: 420px\">Kelen Bernardi<\/td>\n<\/tr>\n<tr>\n<td style=\"width: 420px\">KERMELIN DE BITTENCOURT DIAS<\/td>\n<\/tr>\n<tr>\n<td style=\"width: 420px\">Krisley Marques Gon\u00e7alves<\/td>\n<\/tr>\n<tr>\n<td style=\"width: 420px\">Larissa Borges Silveira<\/td>\n<\/tr>\n<tr>\n<td style=\"width: 420px\">Larissa Gabriele Neves do Nascimento<\/td>\n<\/tr>\n<tr>\n<td style=\"width: 420px\">Larissa valente da luz<\/td>\n<\/tr>\n<tr>\n<td style=\"width: 420px\">LET\u00cdCIA SOARES DE SOARES<\/td>\n<\/tr>\n<tr>\n<td style=\"width: 420px\">Luan Martin Arejano<\/td>\n<\/tr>\n<tr>\n<td style=\"width: 420px\">Lucas Dias Dos Santos<\/td>\n<\/tr>\n<tr>\n<td style=\"width: 420px\">LUIS CLAUDIO LIMA DE AGUIAR<\/td>\n<\/tr>\n<tr>\n<td style=\"width: 420px\">LUIS RENATO MACEDO SANCHES<\/td>\n<\/tr>\n<tr>\n<td style=\"width: 420px\">LUIZ GIMENES RAMOS NETO<\/td>\n<\/tr>\n<tr>\n<td style=\"width: 420px\">MARCELLI GUIMAR\u00c3ES SANCHES<\/td>\n<\/tr>\n<tr>\n<td style=\"width: 420px\">MARCELO DA SILVA RIBEIRO<\/td>\n<\/tr>\n<tr>\n<td style=\"width: 420px\">MARCOS PIZZATTO DE AZEREDO<\/td>\n<\/tr>\n<tr>\n<td style=\"width: 420px\">MARIA EDUARDA SILVA DA SILVA<\/td>\n<\/tr>\n<tr>\n<td style=\"width: 420px\">MARINA DE BORBA AIRES<\/td>\n<\/tr>\n<tr>\n<td style=\"width: 420px\">MARKUS DE FIGUEIREDO FERRAZ WIRZ<\/td>\n<\/tr>\n<tr>\n<td style=\"width: 420px\">MARLOS PEVERADA JAQUES<\/td>\n<\/tr>\n<tr>\n<td style=\"width: 420px\">MELINA MARTIN PEREIRA<\/td>\n<\/tr>\n<tr>\n<td style=\"width: 420px\">MELISSA DE LIMA BACH<\/td>\n<\/tr>\n<tr>\n<td style=\"width: 420px\">MIRELA ADAMI BRANCO<\/td>\n<\/tr>\n<tr>\n<td style=\"width: 420px\">MURILO AUGUSTO DE SOUSA CANAIS<\/td>\n<\/tr>\n<tr>\n<td style=\"width: 420px\">NATA OLIVEIRA DA SILVA<\/td>\n<\/tr>\n<tr>\n<td style=\"width: 420px\">N\u00e1tali Dornelles Pacheco<\/td>\n<\/tr>\n<tr>\n<td style=\"width: 420px\">NATHALIA FARIAS GOMES<\/td>\n<\/tr>\n<tr>\n<td style=\"width: 420px\">neilson lopes de sousa<\/td>\n<\/tr>\n<tr>\n<td style=\"width: 420px\">OLIVIA GUIMARAES CAMPOS<\/td>\n<\/tr>\n<tr>\n<td style=\"width: 420px\">Pedro Henrique Arriada Beskow<\/td>\n<\/tr>\n<tr>\n<td style=\"width: 420px\">PEDRO RENATO CARDOSO DE PAULA FILHO<\/td>\n<\/tr>\n<tr>\n<td style=\"width: 420px\">PEDRO VERNETTI GONCALVES<\/td>\n<\/tr>\n<tr>\n<td style=\"width: 420px\">Priscila Schuch Ribeiro<\/td>\n<\/tr>\n<tr>\n<td style=\"width: 420px\">RAFAEL GRIMMLER DA ROCHA<\/td>\n<\/tr>\n<tr>\n<td style=\"width: 420px\">RAFAEL NOGUEIRA DECKER<\/td>\n<\/tr>\n<tr>\n<td style=\"width: 420px\">RODRIGO BARROS QUINTANA<\/td>\n<\/tr>\n<tr>\n<td style=\"width: 420px\">RODRIGO GUIMAR\u00c3ES MOTTA<\/td>\n<\/tr>\n<tr>\n<td style=\"width: 420px\">RONALDO SOTORIVA DE CASTRO JUNIOR<\/td>\n<\/tr>\n<tr>\n<td style=\"width: 420px\">S\u00c9PHANIE OLIVEIRA HERRMANN<\/td>\n<\/tr>\n<tr>\n<td style=\"width: 420px\">SUZAN VIVIANE NUNES E SILVA<\/td>\n<\/tr>\n<tr>\n<td style=\"width: 420px\">TALISSA DA SILVA DUARTE<\/td>\n<\/tr>\n<tr>\n<td style=\"width: 420px\">TALISSON COUTINHO DA ROSA<\/td>\n<\/tr>\n<tr>\n<td style=\"width: 420px\">TASSIA REGINA DETTMANN<\/td>\n<\/tr>\n<tr>\n<td style=\"width: 420px\">VANESSA PRESTES<\/td>\n<\/tr>\n<tr>\n<td style=\"width: 420px\">VICTOR HUGO DA CUNHA SANTOS<\/td>\n<\/tr>\n<tr>\n<td style=\"width: 420px\">VITHORIO DA CONCEI\u00c7\u00c3O DUTRA<\/td>\n<\/tr>\n<tr>\n<td style=\"width: 420px\">VIT\u00d3RIA DURO VELLAR<\/td>\n<\/tr>\n<tr>\n<td style=\"width: 420px\">WILLIAM GARCIA ANDRADE<\/td>\n<\/tr>\n<\/tbody>\n<\/table>\n<p>&nbsp;<\/p>\n","protected":false},"excerpt":{"rendered":"<p>M\u00f3dulo de Fun\u00e7\u00f5es Trigonom\u00e9tricas, Exponenciais e Logar\u00edtmicas Turma 1 Aulas te\u00f3ricas: Segunda-feira (18\/02), quarta-feira (20\/02) e sexta-feira (22\/02), das 08:00 \u00e0s 12:00. Monitorias: Ter\u00e7a-feira (19\/02) e quinta-feira (21\/02), das 08:00 [&hellip;]<\/p>\n","protected":false},"author":437,"featured_media":0,"comment_status":"closed","ping_status":"closed","sticky":false,"template":"","format":"standard","meta":{"jetpack_post_was_ever_published":false,"_jetpack_newsletter_access":"","_jetpack_dont_email_post_to_subs":false,"_jetpack_newsletter_tier_id":0,"_jetpack_memberships_contains_paywalled_content":false,"_jetpack_memberships_contains_paid_content":false,"footnotes":"","jetpack_publicize_message":"","jetpack_publicize_feature_enabled":true,"jetpack_social_post_already_shared":true,"jetpack_social_options":{"image_generator_settings":{"template":"highway","default_image_id":0,"font":"","enabled":false},"version":2}},"categories":[18],"tags":[],"class_list":["post-3382","post","type-post","status-publish","format-standard","hentry","category-inicio-inicio"],"jetpack_publicize_connections":[],"jetpack_featured_media_url":"","jetpack_sharing_enabled":true,"jetpack_shortlink":"https:\/\/wp.me\/p6Slop-Sy","_links":{"self":[{"href":"https:\/\/wp.ufpel.edu.br\/projetogama\/wp-json\/wp\/v2\/posts\/3382","targetHints":{"allow":["GET"]}}],"collection":[{"href":"https:\/\/wp.ufpel.edu.br\/projetogama\/wp-json\/wp\/v2\/posts"}],"about":[{"href":"https:\/\/wp.ufpel.edu.br\/projetogama\/wp-json\/wp\/v2\/types\/post"}],"author":[{"embeddable":true,"href":"https:\/\/wp.ufpel.edu.br\/projetogama\/wp-json\/wp\/v2\/users\/437"}],"replies":[{"embeddable":true,"href":"https:\/\/wp.ufpel.edu.br\/projetogama\/wp-json\/wp\/v2\/comments?post=3382"}],"version-history":[{"count":5,"href":"https:\/\/wp.ufpel.edu.br\/projetogama\/wp-json\/wp\/v2\/posts\/3382\/revisions"}],"predecessor-version":[{"id":3392,"href":"https:\/\/wp.ufpel.edu.br\/projetogama\/wp-json\/wp\/v2\/posts\/3382\/revisions\/3392"}],"wp:attachment":[{"href":"https:\/\/wp.ufpel.edu.br\/projetogama\/wp-json\/wp\/v2\/media?parent=3382"}],"wp:term":[{"taxonomy":"category","embeddable":true,"href":"https:\/\/wp.ufpel.edu.br\/projetogama\/wp-json\/wp\/v2\/categories?post=3382"},{"taxonomy":"post_tag","embeddable":true,"href":"https:\/\/wp.ufpel.edu.br\/projetogama\/wp-json\/wp\/v2\/tags?post=3382"}],"curies":[{"name":"wp","href":"https:\/\/api.w.org\/{rel}","templated":true}]}}