{"id":3375,"date":"2019-02-11T15:08:06","date_gmt":"2019-02-11T17:08:06","guid":{"rendered":"https:\/\/wp.ufpel.edu.br\/projetogama\/?p=3375"},"modified":"2019-02-16T11:08:26","modified_gmt":"2019-02-16T13:08:26","slug":"inscricoes-para-o-modulo-de-funcoes-trigonometricas-exponenciais-e-logaritmicas","status":"publish","type":"post","link":"https:\/\/wp.ufpel.edu.br\/projetogama\/2019\/02\/11\/inscricoes-para-o-modulo-de-funcoes-trigonometricas-exponenciais-e-logaritmicas\/","title":{"rendered":"Inscri\u00e7\u00f5es para o M\u00f3dulo de Fun\u00e7\u00f5es Trigonom\u00e9tricas, Exponenciais e Logar\u00edtmicas"},"content":{"rendered":"<p style=\"text-align: justify\">Est\u00e3o abertas as inscri\u00e7\u00f5es para as pr\u00f3ximas turmas das <span style=\"color: #800000\"><b>Atividades de Refor\u00e7o em C\u00e1lculo: M\u00f3dulo de Fun\u00e7\u00f5es Trigonom\u00e9tricas, Exponenciais e Logar\u00edtmicas<\/b><\/span>, oferecidas pelo Projeto GAMA: Grupo de Apoio em Matem\u00e1tica.<\/p>\n<p><span style=\"color: #800000\"><strong>Inscri\u00e7\u00f5es:<\/strong> <\/span>De 11\/02\/19 a 15\/02\/19 (at\u00e9 \u00e0s 18hs).<\/p>\n<p><span style=\"color: #800000\"><strong>Per\u00edodo do curso:<\/strong><\/span> de 18\/02\/19 a 22\/02\/19.<\/p>\n<p><strong><span style=\"color: #800000\">Hor\u00e1rio:<\/span> <\/strong>das 8hs \u00e0s 12hs.<\/p>\n<p><span style=\"color: #800000\"><strong>Local: <\/strong><\/span>Campus II &#8211; Rua Almirante Barroso, 1202, Centro &#8211; Pelotas.<\/p>\n<p><span style=\"color: #800000\"><strong>Divulga\u00e7\u00e3o das turmas: <\/strong><\/span>16\/02\/19.<\/p>\n<p style=\"text-align: justify\"><span style=\"color: #800000\"><strong>Conte\u00fados abordados no Curso (revis\u00e3o da teoria e exerc\u00edcios):\u00a0<\/strong><\/span>Raz\u00f5es trigonom\u00e9tricas no tri\u00e2ngulo ret\u00e2ngulo. Principais identidades trigonom\u00e9tricas. O ciclo trigonom\u00e9trico. Arcos not\u00e1veis. Raz\u00f5es trigonom\u00e9tricas no ciclo trigonom\u00e9trico. Fun\u00e7\u00f5es trigonom\u00e9tricas (seno, cosseno, tangente, cotangente, secante e cossecante) e fun\u00e7\u00f5es trigonom\u00e9tricas inversas. Fun\u00e7\u00f5es exponenciais e fun\u00e7\u00f5es logar\u00edtmicas.<\/p>\n<p style=\"text-align: center\">Fa\u00e7a <span style=\"color: #0000ff\">AQUI<\/span> a sua inscri\u00e7\u00e3o<\/p>\n<p><span style=\"color: #800000\"><strong>Observa\u00e7\u00f5es importantes:<\/strong><\/span><\/p>\n<ol>\n<li>Prioridade para acad\u00eamicos ingressantes em 2019\/1 que possuem matem\u00e1tica em sua grade curricular;<\/li>\n<li>50% das vagas com prioridade para bolsistas da PRAE;<\/li>\n<li>Dentro da prioridade acima, a sele\u00e7\u00e3o se dar\u00e1 de acordo com a ordem de inscri\u00e7\u00e3o;<\/li>\n<li>O n\u00famero m\u00ednimo de alunos inscritos para a abertura de uma turma \u00e9 10 (dez);<\/li>\n<li>Certificado de 12 (doze) horas para os participantes que obtiverem pelos menos 75% de frequ\u00eancia.<\/li>\n<\/ol>\n","protected":false},"excerpt":{"rendered":"<p>Est\u00e3o abertas as inscri\u00e7\u00f5es para as pr\u00f3ximas turmas das Atividades de Refor\u00e7o em C\u00e1lculo: M\u00f3dulo de Fun\u00e7\u00f5es Trigonom\u00e9tricas, Exponenciais e Logar\u00edtmicas, oferecidas pelo Projeto GAMA: Grupo de Apoio em Matem\u00e1tica. [&hellip;]<\/p>\n","protected":false},"author":437,"featured_media":0,"comment_status":"closed","ping_status":"closed","sticky":false,"template":"","format":"standard","meta":{"jetpack_post_was_ever_published":false,"_jetpack_newsletter_access":"","_jetpack_dont_email_post_to_subs":false,"_jetpack_newsletter_tier_id":0,"_jetpack_memberships_contains_paywalled_content":false,"_jetpack_memberships_contains_paid_content":false,"footnotes":"","jetpack_publicize_message":"","jetpack_publicize_feature_enabled":true,"jetpack_social_post_already_shared":true,"jetpack_social_options":{"image_generator_settings":{"template":"highway","default_image_id":0,"font":"","enabled":false},"version":2}},"categories":[18],"tags":[],"class_list":["post-3375","post","type-post","status-publish","format-standard","hentry","category-inicio-inicio"],"jetpack_publicize_connections":[],"jetpack_featured_media_url":"","jetpack_sharing_enabled":true,"jetpack_shortlink":"https:\/\/wp.me\/p6Slop-Sr","_links":{"self":[{"href":"https:\/\/wp.ufpel.edu.br\/projetogama\/wp-json\/wp\/v2\/posts\/3375","targetHints":{"allow":["GET"]}}],"collection":[{"href":"https:\/\/wp.ufpel.edu.br\/projetogama\/wp-json\/wp\/v2\/posts"}],"about":[{"href":"https:\/\/wp.ufpel.edu.br\/projetogama\/wp-json\/wp\/v2\/types\/post"}],"author":[{"embeddable":true,"href":"https:\/\/wp.ufpel.edu.br\/projetogama\/wp-json\/wp\/v2\/users\/437"}],"replies":[{"embeddable":true,"href":"https:\/\/wp.ufpel.edu.br\/projetogama\/wp-json\/wp\/v2\/comments?post=3375"}],"version-history":[{"count":4,"href":"https:\/\/wp.ufpel.edu.br\/projetogama\/wp-json\/wp\/v2\/posts\/3375\/revisions"}],"predecessor-version":[{"id":3381,"href":"https:\/\/wp.ufpel.edu.br\/projetogama\/wp-json\/wp\/v2\/posts\/3375\/revisions\/3381"}],"wp:attachment":[{"href":"https:\/\/wp.ufpel.edu.br\/projetogama\/wp-json\/wp\/v2\/media?parent=3375"}],"wp:term":[{"taxonomy":"category","embeddable":true,"href":"https:\/\/wp.ufpel.edu.br\/projetogama\/wp-json\/wp\/v2\/categories?post=3375"},{"taxonomy":"post_tag","embeddable":true,"href":"https:\/\/wp.ufpel.edu.br\/projetogama\/wp-json\/wp\/v2\/tags?post=3375"}],"curies":[{"name":"wp","href":"https:\/\/api.w.org\/{rel}","templated":true}]}}