{"id":3363,"date":"2019-02-05T22:09:47","date_gmt":"2019-02-06T00:09:47","guid":{"rendered":"https:\/\/wp.ufpel.edu.br\/projetogama\/?p=3363"},"modified":"2019-02-09T20:01:18","modified_gmt":"2019-02-09T22:01:18","slug":"inscricoes-para-o-modulo-de-funcoes-oferecido-nas-ferias","status":"publish","type":"post","link":"https:\/\/wp.ufpel.edu.br\/projetogama\/2019\/02\/05\/inscricoes-para-o-modulo-de-funcoes-oferecido-nas-ferias\/","title":{"rendered":"Inscri\u00e7\u00f5es para o M\u00f3dulo de Fun\u00e7\u00f5es"},"content":{"rendered":"<p>Est\u00e3o abertas as inscri\u00e7\u00f5es para as pr\u00f3ximas turmas das <span style=\"color: #800000\"><b>Atividades de Refor\u00e7o em C\u00e1lculo: M\u00f3dulo de Fun\u00e7\u00f5es<\/b><\/span><b><\/b>, oferecidas pelo Projeto GAMA: Grupo de Apoio em Matem\u00e1tica.<\/p>\n<p><span style=\"color: #800000\"><strong>Inscri\u00e7\u00f5es:<\/strong> <\/span>De 05\/02\/19 a 09\/02\/19 (at\u00e9 \u00e0s 18hs).<\/p>\n<p><span style=\"color: #800000\"><strong>Per\u00edodo do curso:<\/strong> <\/span>de 11\/02\/19 a 15\/02\/19.<\/p>\n<p><strong><span style=\"color: #800000\">Hor\u00e1rio:<\/span> <\/strong>das 8hs \u00e0s 12hs.<\/p>\n<p><span style=\"color: #800000\"><strong>Local: <\/strong><\/span>Campus II &#8211; Rua Almirante Barroso, 1202, Centro &#8211; Pelotas.<\/p>\n<p><span style=\"color: #800000\"><strong>Divulga\u00e7\u00e3o das turmas: <\/strong><\/span>10\/02\/19.<\/p>\n<p><strong><span style=\"color: #800000\">Conte\u00fados abordados no Curso (revis\u00e3o da teoria e exerc\u00edcios):<\/span>\u00a0<\/strong>Defini\u00e7\u00e3o de fun\u00e7\u00e3o; dom\u00ednio e imagem; lei de forma\u00e7\u00e3o; valor num\u00e9rico; esbo\u00e7o de gr\u00e1ficos; fun\u00e7\u00e3o do primeiro grau; fun\u00e7\u00e3o do segundo grau; fun\u00e7\u00f5es definidas por v\u00e1rias senten\u00e7as e fun\u00e7\u00e3o modular; fun\u00e7\u00e3o pot\u00eancia e fun\u00e7\u00e3o raiz; fun\u00e7\u00e3o composta; fun\u00e7\u00e3o inversa.<\/p>\n<p style=\"text-align: center\">Fa\u00e7a <span style=\"color: #0000ff\">AQUI<\/span> a sua inscri\u00e7\u00e3o<\/p>\n<p><span style=\"color: #800000\"><strong>Observa\u00e7\u00f5es importantes:<\/strong><\/span><\/p>\n<ol>\n<li>Prioridade para acad\u00eamicos ingressantes em 2019\/1 que possuem matem\u00e1tica em sua grade curricular;<\/li>\n<li>50% das vagas com prioridade para bolsistas da PRAE;<\/li>\n<li>Dentro da prioridade acima, a sele\u00e7\u00e3o se dar\u00e1 de acordo com a ordem de inscri\u00e7\u00e3o;<\/li>\n<li>O n\u00famero m\u00ednimo de alunos inscritos para a abertura de uma turma \u00e9 10 (dez);<\/li>\n<li>Certificado de 12 (doze) horas para os participantes que obtiverem pelos menos 75% de frequ\u00eancia.<\/li>\n<\/ol>\n","protected":false},"excerpt":{"rendered":"<p>Est\u00e3o abertas as inscri\u00e7\u00f5es para as pr\u00f3ximas turmas das Atividades de Refor\u00e7o em C\u00e1lculo: M\u00f3dulo de Fun\u00e7\u00f5es, oferecidas pelo Projeto GAMA: Grupo de Apoio em Matem\u00e1tica. Inscri\u00e7\u00f5es: De 05\/02\/19 a [&hellip;]<\/p>\n","protected":false},"author":437,"featured_media":0,"comment_status":"closed","ping_status":"closed","sticky":false,"template":"","format":"standard","meta":{"jetpack_post_was_ever_published":false,"_jetpack_newsletter_access":"","_jetpack_dont_email_post_to_subs":false,"_jetpack_newsletter_tier_id":0,"_jetpack_memberships_contains_paywalled_content":false,"_jetpack_memberships_contains_paid_content":false,"footnotes":"","jetpack_publicize_message":"","jetpack_publicize_feature_enabled":true,"jetpack_social_post_already_shared":true,"jetpack_social_options":{"image_generator_settings":{"template":"highway","default_image_id":0,"font":"","enabled":false},"version":2}},"categories":[18],"tags":[],"class_list":["post-3363","post","type-post","status-publish","format-standard","hentry","category-inicio-inicio"],"jetpack_publicize_connections":[],"jetpack_featured_media_url":"","jetpack_sharing_enabled":true,"jetpack_shortlink":"https:\/\/wp.me\/p6Slop-Sf","_links":{"self":[{"href":"https:\/\/wp.ufpel.edu.br\/projetogama\/wp-json\/wp\/v2\/posts\/3363","targetHints":{"allow":["GET"]}}],"collection":[{"href":"https:\/\/wp.ufpel.edu.br\/projetogama\/wp-json\/wp\/v2\/posts"}],"about":[{"href":"https:\/\/wp.ufpel.edu.br\/projetogama\/wp-json\/wp\/v2\/types\/post"}],"author":[{"embeddable":true,"href":"https:\/\/wp.ufpel.edu.br\/projetogama\/wp-json\/wp\/v2\/users\/437"}],"replies":[{"embeddable":true,"href":"https:\/\/wp.ufpel.edu.br\/projetogama\/wp-json\/wp\/v2\/comments?post=3363"}],"version-history":[{"count":4,"href":"https:\/\/wp.ufpel.edu.br\/projetogama\/wp-json\/wp\/v2\/posts\/3363\/revisions"}],"predecessor-version":[{"id":3371,"href":"https:\/\/wp.ufpel.edu.br\/projetogama\/wp-json\/wp\/v2\/posts\/3363\/revisions\/3371"}],"wp:attachment":[{"href":"https:\/\/wp.ufpel.edu.br\/projetogama\/wp-json\/wp\/v2\/media?parent=3363"}],"wp:term":[{"taxonomy":"category","embeddable":true,"href":"https:\/\/wp.ufpel.edu.br\/projetogama\/wp-json\/wp\/v2\/categories?post=3363"},{"taxonomy":"post_tag","embeddable":true,"href":"https:\/\/wp.ufpel.edu.br\/projetogama\/wp-json\/wp\/v2\/tags?post=3363"}],"curies":[{"name":"wp","href":"https:\/\/api.w.org\/{rel}","templated":true}]}}