{"id":2347,"date":"2017-11-09T17:46:21","date_gmt":"2017-11-09T19:46:21","guid":{"rendered":"https:\/\/wp.ufpel.edu.br\/projetogama\/?p=2347"},"modified":"2017-11-09T17:57:02","modified_gmt":"2017-11-09T19:57:02","slug":"turmas-para-o-modulo-de-limites-do-projeto-gama","status":"publish","type":"post","link":"https:\/\/wp.ufpel.edu.br\/projetogama\/2017\/11\/09\/turmas-para-o-modulo-de-limites-do-projeto-gama\/","title":{"rendered":"Turmas para o M\u00f3dulo de Limites do Projeto GAMA"},"content":{"rendered":"<p>O projeto GAMA divulga as turmas para o M\u00f3dulo de Limites:<\/p>\n<p><span style=\"color: #993300\"><b>Turma 1 <\/b><\/span>&#8211; Segunda-feira e quinta-feira das 17:00 \u00e0s 19:00.<br \/>\nLocal: Sala 437 &#8211; Campus ANGLO &#8211; Rua Gomes Carneiro, 1 (IN\u00cdCIO 13\/11)<\/p>\n<table class=\" aligncenter\" width=\"689\">\n<tbody>\n<tr>\n<td width=\"107\"><strong>MATR\u00cdCULA<\/strong><\/td>\n<td width=\"305\"><strong>NOME<\/strong><\/td>\n<\/tr>\n<tr>\n<td width=\"107\">17103772<\/td>\n<td width=\"305\">Aline Dittgen Blaz<\/td>\n<\/tr>\n<tr>\n<td width=\"107\">17101237<\/td>\n<td width=\"305\">\u00c2ndrea Bandeira Xavier<\/td>\n<\/tr>\n<tr>\n<td width=\"107\">17101268<\/td>\n<td width=\"305\">Andressa Corr\u00eaa de Barros<\/td>\n<\/tr>\n<tr>\n<td width=\"107\">17102668<\/td>\n<td width=\"305\">Andreza Alegre Bittencurt<\/td>\n<\/tr>\n<tr>\n<td width=\"107\">17103972<\/td>\n<td width=\"305\">ANGELA MARIA VICTORIA GIACUMMO ELVIRA<\/td>\n<\/tr>\n<tr>\n<td width=\"107\">16101563<\/td>\n<td width=\"305\">BEATRIZ TIMM RUTZ<\/td>\n<\/tr>\n<tr>\n<td width=\"107\">17102324<\/td>\n<td width=\"305\">Brendon Henrique santos silva<\/td>\n<\/tr>\n<tr>\n<td width=\"107\">17102129<\/td>\n<td width=\"305\">BRUNA ROSSALES VIANA<\/td>\n<\/tr>\n<tr>\n<td width=\"107\">17100092<\/td>\n<td width=\"305\">Camila Carduz Coelho<\/td>\n<\/tr>\n<tr>\n<td width=\"107\">17200527<\/td>\n<td width=\"305\">CAROLINE GON\u00c7ALVES DA COSTA<\/td>\n<\/tr>\n<tr>\n<td width=\"107\">14100086<\/td>\n<td width=\"305\">CHARLES FERREIRA BARBOSA<\/td>\n<\/tr>\n<tr>\n<td width=\"107\">16100634<\/td>\n<td width=\"305\">EMANOELA DE BORTOLLI<\/td>\n<\/tr>\n<tr>\n<td width=\"107\">17200792<\/td>\n<td width=\"305\">EMILY CARDOSO COSTA<\/td>\n<\/tr>\n<tr>\n<td width=\"107\">17102630<\/td>\n<td width=\"305\">Fabiana Silva Pereira<\/td>\n<\/tr>\n<tr>\n<td width=\"107\">17102431<\/td>\n<td width=\"305\">Felipe Saraiva dos santos<\/td>\n<\/tr>\n<tr>\n<td width=\"107\">17200682<\/td>\n<td width=\"305\">FERNANDA MELO CARRASCO PINTO<\/td>\n<\/tr>\n<tr>\n<td width=\"107\">16200349<\/td>\n<td width=\"305\">Gabriel Puccinelly Dias<\/td>\n<\/tr>\n<tr>\n<td width=\"107\">17102057<\/td>\n<td width=\"305\">Gustavo Bruno Pereira Artmann<\/td>\n<\/tr>\n<tr>\n<td width=\"107\">17101215<\/td>\n<td width=\"305\">JO\u00c3O PEDRO DE OLIVEIRA ALOY<\/td>\n<\/tr>\n<tr>\n<td width=\"107\">17103629<\/td>\n<td width=\"305\">JO\u00c3O V\u00cdTOR PAZ CORRALES<\/td>\n<\/tr>\n<tr>\n<td width=\"107\">17202334<\/td>\n<td width=\"305\">JULIANA SILVA DA SILVA<\/td>\n<\/tr>\n<tr>\n<td width=\"107\">17202168<\/td>\n<td width=\"305\">Katharina Dias Zanetti<\/td>\n<\/tr>\n<tr>\n<td width=\"107\">15101223<\/td>\n<td width=\"305\">MAICON DE MENEZES OLIVEIRA<\/td>\n<\/tr>\n<tr>\n<td width=\"107\">17200586<\/td>\n<td width=\"305\">Manoela Vieira<\/td>\n<\/tr>\n<tr>\n<td width=\"107\">17200134<\/td>\n<td width=\"305\">Mariana Swensson Nunes<\/td>\n<\/tr>\n<tr>\n<td width=\"107\">15104508<\/td>\n<td width=\"305\">Marlos Humberto Farias Gomes<\/td>\n<\/tr>\n<tr>\n<td width=\"107\">17102254<\/td>\n<td width=\"305\">MATHEUS JURAK SANAIOTTO<\/td>\n<\/tr>\n<tr>\n<td width=\"107\">17200005<\/td>\n<td width=\"305\">NATALIA DA LUZ STONE<\/td>\n<\/tr>\n<tr>\n<td width=\"107\">17200897<\/td>\n<td width=\"305\">Nath\u00e1lia de Aguiar<\/td>\n<\/tr>\n<tr>\n<td width=\"107\">17200172<\/td>\n<td width=\"305\">NATHALIA FURTADO LUCAS<\/td>\n<\/tr>\n<tr>\n<td width=\"107\">16100909<\/td>\n<td width=\"305\">NATHAN WILGES COELHO<\/td>\n<\/tr>\n<tr>\n<td width=\"107\">17102724<\/td>\n<td width=\"305\">OT\u00c1VIO PEREIRA BORGES<\/td>\n<\/tr>\n<tr>\n<td width=\"107\">17102091<\/td>\n<td width=\"305\">PEDRO HENRIQUE EGRES DA SILVEIRA<\/td>\n<\/tr>\n<tr>\n<td width=\"107\">17103694<\/td>\n<td width=\"305\">Robledo Pereira da rosa<\/td>\n<\/tr>\n<tr>\n<td width=\"107\">17102250<\/td>\n<td width=\"305\">Sergio Augusto Esteves de Avila Junior<\/td>\n<\/tr>\n<tr>\n<td width=\"107\">17103760<\/td>\n<td width=\"305\">Suelen Teixeira Saija<\/td>\n<\/tr>\n<tr>\n<td width=\"107\">17202176<\/td>\n<td width=\"305\">TATIANA ACEVEDO LADERECHE<\/td>\n<\/tr>\n<tr>\n<td width=\"107\">17200202<\/td>\n<td width=\"305\">Th\u00e1bata Barbosa Duarte<\/td>\n<\/tr>\n<tr>\n<td width=\"107\">17101213<\/td>\n<td width=\"305\">VICTORIA BERGER VOLZ<\/td>\n<\/tr>\n<tr>\n<td width=\"107\">17100064<\/td>\n<td width=\"305\">YASMIN SOARES GOMES<\/td>\n<\/tr>\n<\/tbody>\n<\/table>\n<p>&nbsp;<\/p>\n<p><span style=\"color: #993300\"><b>Turma 2 <\/b><\/span>&#8211; Segunda-feira e sexta-feira das 17:00 \u00e0s 19:00.<br \/>\nLocal: Sala 437 &#8211; Campus ANGLO &#8211; Rua Gomes Carneiro, 1 (IN\u00cdCIO 13\/11)<\/p>\n<p>Obs.: A quantidade de inscritos para a turma 02 n\u00e3o atingiu o n\u00famero m\u00ednimos para abertura da mesma e os interessados, na medida do poss\u00edvel, foram distribu\u00eddos em outras turmas, de acordo com a disponibilidade informada como segunda op\u00e7\u00e3o de turma no ato da inscri\u00e7\u00e3o.<\/p>\n<p>&nbsp;<\/p>\n<p><span style=\"color: #993300\"><b>Turma 3 <\/b><\/span>&#8211; Ter\u00e7a-feira e quinta-feira das 17:00 \u00e0s 19:00.<br \/>\nLocal: Sala 437 &#8211; Campus ANGLO &#8211; Rua Gomes Carneiro, 1 (IN\u00cdCIO 14\/11)<\/p>\n<table class=\" aligncenter\" width=\"689\">\n<tbody>\n<tr>\n<td width=\"107\"><strong>MATR\u00cdCULA<\/strong><\/td>\n<td width=\"305\"><strong>NOME<\/strong><\/td>\n<\/tr>\n<tr>\n<td width=\"107\">17200696<\/td>\n<td width=\"305\">Adrianne Roxo<\/td>\n<\/tr>\n<tr>\n<td width=\"107\">17100075<\/td>\n<td width=\"305\">Andrei dos Santos da Costa<\/td>\n<\/tr>\n<tr>\n<td width=\"107\">17103709<\/td>\n<td width=\"305\">BRUNA GABRIELAFALCAO<\/td>\n<\/tr>\n<tr>\n<td width=\"107\">17102662<\/td>\n<td width=\"305\">CLAUDIO ANTONIO RODRIGUES FERREIRA<\/td>\n<\/tr>\n<tr>\n<td width=\"107\">17102476<\/td>\n<td width=\"305\">EMERSON LIMA RIBEIRO<\/td>\n<\/tr>\n<tr>\n<td width=\"107\">17105213<\/td>\n<td width=\"305\">GABRIEL SCHNEIDER<\/td>\n<\/tr>\n<tr>\n<td width=\"107\">17100436<\/td>\n<td width=\"305\">GABRIELA SEGATTO BERSCH<\/td>\n<\/tr>\n<tr>\n<td width=\"107\">17100314<\/td>\n<td width=\"305\">GABRIELE LUANA LEDERMANN<\/td>\n<\/tr>\n<tr>\n<td width=\"107\">17106011<\/td>\n<td width=\"305\">Gilberto Viero Junior<\/td>\n<\/tr>\n<tr>\n<td width=\"107\">17100321<\/td>\n<td width=\"305\">GILMAR ROSSI FILHO<\/td>\n<\/tr>\n<tr>\n<td width=\"107\">17100079<\/td>\n<td width=\"305\">GIULIANO NEVES DAMASCENO<\/td>\n<\/tr>\n<tr>\n<td width=\"107\">16200307<\/td>\n<td width=\"305\">JOAOVITORSILVADELIRA<\/td>\n<\/tr>\n<tr>\n<td width=\"107\">16103678<\/td>\n<td width=\"305\">KAROLINE MADEIRA PIRES<\/td>\n<\/tr>\n<tr>\n<td width=\"107\">17102685<\/td>\n<td width=\"305\">LUANA NICOLY MARTINS TOMAZ<\/td>\n<\/tr>\n<tr>\n<td width=\"107\">17103712<\/td>\n<td width=\"305\">Lucas Lopes Hartmann<\/td>\n<\/tr>\n<tr>\n<td width=\"107\">1,61E+11<\/td>\n<td width=\"305\">Luiza Rosa Gouv\u00eaa<\/td>\n<\/tr>\n<tr>\n<td width=\"107\">17101181<\/td>\n<td width=\"305\">M\u00c1RCIA ELIANE NUNES GOMES<\/td>\n<\/tr>\n<tr>\n<td width=\"107\">17100434<\/td>\n<td width=\"305\">Marina M\u00f3l Bessa<\/td>\n<\/tr>\n<tr>\n<td width=\"107\">14200504<\/td>\n<td width=\"305\">Marina Pinheiro Cortez<\/td>\n<\/tr>\n<tr>\n<td width=\"107\">17102672<\/td>\n<td width=\"305\">Natalia da cruz Figueroa<\/td>\n<\/tr>\n<tr>\n<td width=\"107\">17101993<\/td>\n<td width=\"305\">Paula De Guimar\u00e3es Dimer<\/td>\n<\/tr>\n<tr>\n<td width=\"107\">16103603<\/td>\n<td width=\"305\">RAFAEL FONSECA DE SOUZA<\/td>\n<\/tr>\n<tr>\n<td width=\"107\">17102753<\/td>\n<td width=\"305\">Sarah Fontenele de Oliveira<\/td>\n<\/tr>\n<tr>\n<td width=\"107\">16100435<\/td>\n<td width=\"305\">TAIANE CAROLINE C\u00c2NDIDO<\/td>\n<\/tr>\n<tr>\n<td width=\"107\">17100736<\/td>\n<td width=\"305\">Tamiris Ara\u00fajo Duarte Castro<\/td>\n<\/tr>\n<tr>\n<td width=\"107\">15104613<\/td>\n<td width=\"305\">ulysses sartoretto<\/td>\n<\/tr>\n<tr>\n<td width=\"107\">16102717<\/td>\n<td width=\"305\">WAGNER MAYER DA SILVA JUNIOR<\/td>\n<\/tr>\n<tr>\n<td width=\"107\">17102434<\/td>\n<td width=\"305\">Yago Felipe Scholl Correa<\/td>\n<\/tr>\n<tr>\n<td width=\"107\">16103606<\/td>\n<td width=\"305\">Yuri de Avila Soares<\/td>\n<\/tr>\n<\/tbody>\n<\/table>\n<p>&nbsp;<\/p>\n<p><span style=\"color: #993300\"><b>Turma 4 <\/b><\/span>&#8211; Ter\u00e7a-feira e sexta-feira das 17:00 \u00e0s 19:00.<br \/>\nLocal: Sala 437 &#8211; Campus ANGLO &#8211; Rua Gomes Carneiro, 1 (IN\u00cdCIO 10\/10)<\/p>\n<p>Obs.: A quantidade de inscritos para a turma 04 n\u00e3o atingiu o n\u00famero m\u00ednimos para abertura da mesma e os interessados, na medida do poss\u00edvel, foram distribu\u00eddos em outras turmas, de acordo com a disponibilidade informada como segunda op\u00e7\u00e3o de turma no ato da inscri\u00e7\u00e3o.<\/p>\n<p>&nbsp;<\/p>\n<p><span style=\"color: #993300\"><b>Turma 5 <\/b><\/span>&#8211; S\u00e1bado das 08:00 \u00e0s 12:00.<br \/>\nLocal: Sala 206 &#8211; Campus II &#8211; Rua Almirante Barroso, 1202 (IN\u00cdCIO 18\/11)<\/p>\n<table class=\" aligncenter\" width=\"689\">\n<tbody>\n<tr>\n<td width=\"107\"><strong>MATR\u00cdCULA<\/strong><\/td>\n<td width=\"305\"><strong>NOME<\/strong><\/td>\n<\/tr>\n<tr>\n<td width=\"107\">17104213<\/td>\n<td width=\"305\">Adriane Leites Strothmann<\/td>\n<\/tr>\n<tr>\n<td width=\"107\">17200752<\/td>\n<td width=\"305\">Aline de Oliveira Alves<\/td>\n<\/tr>\n<tr>\n<td width=\"107\">17200238<\/td>\n<td width=\"305\">Aline Machado Alves<\/td>\n<\/tr>\n<tr>\n<td width=\"107\">17200717<\/td>\n<td width=\"305\">Analice Barcellos Balhego<\/td>\n<\/tr>\n<tr>\n<td width=\"107\">17102302<\/td>\n<td width=\"305\">ANDREI MONTIERRE RENCK<\/td>\n<\/tr>\n<tr>\n<td width=\"107\">17200681<\/td>\n<td width=\"305\">ANDRESSA KONRAD CORREA<\/td>\n<\/tr>\n<tr>\n<td width=\"107\">17103707<\/td>\n<td width=\"305\">ANDRIELI VERLI MULLER<\/td>\n<\/tr>\n<tr>\n<td width=\"107\">17201341<\/td>\n<td width=\"305\">CAMILA SILVEIRA LAUTENSCHLAGER<\/td>\n<\/tr>\n<tr>\n<td width=\"107\">17101183<\/td>\n<td width=\"305\">Celso Moacir Ribeiro<\/td>\n<\/tr>\n<tr>\n<td width=\"107\">15102499<\/td>\n<td width=\"305\">Cristiane Soares Meiatto<\/td>\n<\/tr>\n<tr>\n<td width=\"107\">16200368<\/td>\n<td width=\"305\">Cristielen dos Santos Bandeira<\/td>\n<\/tr>\n<tr>\n<td width=\"107\">16105012<\/td>\n<td width=\"305\">Daiane Rodrigues Dias<\/td>\n<\/tr>\n<tr>\n<td width=\"107\">14100532<\/td>\n<td width=\"305\">DANIELA RODRIGUERO WOZEAK<\/td>\n<\/tr>\n<tr>\n<td width=\"107\">17100510<\/td>\n<td width=\"305\">ERICK DE SALES<\/td>\n<\/tr>\n<tr>\n<td width=\"107\">17202167<\/td>\n<td width=\"305\">Estephany Ferreira Botelho<\/td>\n<\/tr>\n<tr>\n<td width=\"107\">17100940<\/td>\n<td width=\"305\">Felipe Matheus Mendes Barbosa<\/td>\n<\/tr>\n<tr>\n<td width=\"107\">16103736<\/td>\n<td width=\"305\">Fernanda Costa Lopes<\/td>\n<\/tr>\n<tr>\n<td width=\"107\">17100524<\/td>\n<td width=\"305\">Fernando Fernandes Ribeiro<\/td>\n<\/tr>\n<tr>\n<td width=\"107\">16100806<\/td>\n<td width=\"305\">Gabriel Carvalho Arantes<\/td>\n<\/tr>\n<tr>\n<td width=\"107\">16100347<\/td>\n<td width=\"305\">Gerado Oliveira da Silva<\/td>\n<\/tr>\n<tr>\n<td width=\"107\">17102119<\/td>\n<td width=\"305\">Giovanna Mezzomo Pavanato<\/td>\n<\/tr>\n<tr>\n<td width=\"107\">17201014<\/td>\n<td width=\"305\">Kathrim botelho Vasconcellos<\/td>\n<\/tr>\n<tr>\n<td width=\"107\">17200508<\/td>\n<td width=\"305\">LAILA VALERIO CONSTANTINO<\/td>\n<\/tr>\n<tr>\n<td width=\"107\">15200209<\/td>\n<td width=\"305\">MARIA ANT\u00d4NIA SANTOS FLORES<\/td>\n<\/tr>\n<tr>\n<td width=\"107\">17200110<\/td>\n<td width=\"305\">Matheus Martins Pereira<\/td>\n<\/tr>\n<tr>\n<td width=\"107\">15200405<\/td>\n<td width=\"305\">PEDRO ALCANTRO LIMA<\/td>\n<\/tr>\n<tr>\n<td width=\"107\">11200072<\/td>\n<td width=\"305\">PEDRO HENRIQUE MEZZOMO<\/td>\n<\/tr>\n<tr>\n<td width=\"107\">16101229<\/td>\n<td width=\"305\">PRISTIAN SANTANA SOUZA BERNARDINO<\/td>\n<\/tr>\n<tr>\n<td width=\"107\">16200785<\/td>\n<td width=\"305\">ROBERTA PEREIRA DIAS<\/td>\n<\/tr>\n<tr>\n<td width=\"107\">14103390<\/td>\n<td width=\"305\">RODRIGO DE CASTRO E SILVA<\/td>\n<\/tr>\n<tr>\n<td width=\"107\">12103564<\/td>\n<td width=\"305\">R\u00d4MULO ARAUJO RODRIGUES<\/td>\n<\/tr>\n<tr>\n<td width=\"107\">17200421<\/td>\n<td width=\"305\">TALIA BEHNEN MARTA<\/td>\n<\/tr>\n<tr>\n<td width=\"107\">17103623<\/td>\n<td width=\"305\">TCHESCIA NAIUME KAROW<\/td>\n<\/tr>\n<tr>\n<td width=\"107\">17200910<\/td>\n<td width=\"305\">Ver\u00f4nica Lemos Vargas<\/td>\n<\/tr>\n<tr>\n<td width=\"107\">17100896<\/td>\n<td width=\"305\">V\u00edtor Eduardo Schuh<\/td>\n<\/tr>\n<\/tbody>\n<\/table>\n<p>&nbsp;<\/p>\n<p><span style=\"color: #993300\"><b>Turma 6 <\/b><\/span>&#8211; S\u00e1bado das 08:00 \u00e0s 12:00.<br \/>\nLocal: Sala 208 &#8211; Campus II &#8211; Rua Almirante Barroso, 1202 (IN\u00cdCIO 18\/11)<\/p>\n<table class=\" aligncenter\" width=\"689\">\n<tbody>\n<tr>\n<td width=\"107\"><strong>MATR\u00cdCULA<\/strong><\/td>\n<td width=\"305\"><strong>NOME<\/strong><\/td>\n<\/tr>\n<tr>\n<td width=\"107\">17200181<\/td>\n<td width=\"305\">Alvim Caetano Neto<\/td>\n<\/tr>\n<tr>\n<td width=\"107\">16103590<\/td>\n<td width=\"305\">ANGELA BEATRIZ BORCHHARDT BELONI<\/td>\n<\/tr>\n<tr>\n<td width=\"107\">15201157<\/td>\n<td width=\"305\">BRUCE WILLIAM MACHADO PONTES<\/td>\n<\/tr>\n<tr>\n<td width=\"107\">17200351<\/td>\n<td width=\"305\">CAMILA VI\u00c9GAS NUNES<\/td>\n<\/tr>\n<tr>\n<td width=\"107\">17200381<\/td>\n<td width=\"305\">CAROLINA FERREIRA VERGARA<\/td>\n<\/tr>\n<tr>\n<td width=\"107\">17200895<\/td>\n<td width=\"305\">Claudia maeina ferreira vargas<\/td>\n<\/tr>\n<tr>\n<td width=\"107\">17200895<\/td>\n<td width=\"305\">Claudia Marina Ferreira Vargas<\/td>\n<\/tr>\n<tr>\n<td width=\"107\">17103839<\/td>\n<td width=\"305\">CRISTIANE DE OLIVEIRA NOBRE<\/td>\n<\/tr>\n<tr>\n<td width=\"107\">17200644<\/td>\n<td width=\"305\">DIANER NORNBERG STRELOW<\/td>\n<\/tr>\n<tr>\n<td width=\"107\">15104322<\/td>\n<td width=\"305\">EDINEIA ALVES GARCIA<\/td>\n<\/tr>\n<tr>\n<td width=\"107\">17200254<\/td>\n<td width=\"305\">EMILY DUARTE BOTELHO<\/td>\n<\/tr>\n<tr>\n<td width=\"107\">16200978<\/td>\n<td width=\"305\">FELIPE TORRES NACHTIGALL<\/td>\n<\/tr>\n<tr>\n<td width=\"107\">16100762<\/td>\n<td width=\"305\">Fernando Salvador Rodrigues de Sousa<\/td>\n<\/tr>\n<tr>\n<td width=\"107\">17103692<\/td>\n<td width=\"305\">HENRIQUE MUNHOZ SILVA SANTOS<\/td>\n<\/tr>\n<tr>\n<td width=\"107\">17200397<\/td>\n<td width=\"305\">Iasmine da Silva Cardenas Rocha<\/td>\n<\/tr>\n<tr>\n<td width=\"107\">17200247<\/td>\n<td width=\"305\">Jennifer Moreles Garcia<\/td>\n<\/tr>\n<tr>\n<td width=\"107\">17104557<\/td>\n<td width=\"305\">JULLYNE IGLECIAS KOSBY<\/td>\n<\/tr>\n<tr>\n<td width=\"107\">17103374<\/td>\n<td width=\"305\">Litielli de Lima Alves<\/td>\n<\/tr>\n<tr>\n<td width=\"107\">17200284<\/td>\n<td width=\"305\">Lucas Mattos Candiota<\/td>\n<\/tr>\n<tr>\n<td width=\"107\">17102402<\/td>\n<td width=\"305\">MARIANA RIBAS DE S\u00c1<\/td>\n<\/tr>\n<tr>\n<td width=\"107\">17102136<\/td>\n<td width=\"305\">NAYARA CRISTALDO CENTURI\u00c3O<\/td>\n<\/tr>\n<tr>\n<td width=\"107\">17103394<\/td>\n<td width=\"305\">N\u00edvea Maria Rodrigues Farias<\/td>\n<\/tr>\n<tr>\n<td width=\"107\">17103696<\/td>\n<td width=\"305\">PEDRO HENRIQUE XAVIER DA ROCHA<\/td>\n<\/tr>\n<tr>\n<td width=\"107\">15102427<\/td>\n<td width=\"305\">Quelen Corr\u00eaa Furtado<\/td>\n<\/tr>\n<tr>\n<td width=\"107\">17201036<\/td>\n<td width=\"305\">SHARA SILVA GOMES<\/td>\n<\/tr>\n<tr>\n<td width=\"107\">17102053<\/td>\n<td width=\"305\">THAMIRIS PARACY<\/td>\n<\/tr>\n<tr>\n<td width=\"107\">17200295<\/td>\n<td width=\"305\">VIT\u00d3RIA RIBEIRO PINTO<\/td>\n<\/tr>\n<tr>\n<td width=\"107\">15104326<\/td>\n<td width=\"305\">William Leonardo Peixoto Pereira<\/td>\n<\/tr>\n<\/tbody>\n<\/table>\n<p>&nbsp;<\/p>\n","protected":false},"excerpt":{"rendered":"<p>O projeto GAMA divulga as turmas para o M\u00f3dulo de Limites: Turma 1 &#8211; Segunda-feira e quinta-feira das 17:00 \u00e0s 19:00. Local: Sala 437 &#8211; Campus ANGLO &#8211; Rua Gomes [&hellip;]<\/p>\n","protected":false},"author":437,"featured_media":0,"comment_status":"closed","ping_status":"closed","sticky":false,"template":"","format":"standard","meta":{"jetpack_post_was_ever_published":false,"_jetpack_newsletter_access":"","_jetpack_dont_email_post_to_subs":false,"_jetpack_newsletter_tier_id":0,"_jetpack_memberships_contains_paywalled_content":false,"_jetpack_memberships_contains_paid_content":false,"footnotes":"","jetpack_publicize_message":"","jetpack_publicize_feature_enabled":true,"jetpack_social_post_already_shared":true,"jetpack_social_options":{"image_generator_settings":{"template":"highway","default_image_id":0,"font":"","enabled":false},"version":2}},"categories":[18],"tags":[],"class_list":["post-2347","post","type-post","status-publish","format-standard","hentry","category-inicio-inicio"],"jetpack_publicize_connections":[],"jetpack_featured_media_url":"","jetpack_sharing_enabled":true,"jetpack_shortlink":"https:\/\/wp.me\/p6Slop-BR","_links":{"self":[{"href":"https:\/\/wp.ufpel.edu.br\/projetogama\/wp-json\/wp\/v2\/posts\/2347","targetHints":{"allow":["GET"]}}],"collection":[{"href":"https:\/\/wp.ufpel.edu.br\/projetogama\/wp-json\/wp\/v2\/posts"}],"about":[{"href":"https:\/\/wp.ufpel.edu.br\/projetogama\/wp-json\/wp\/v2\/types\/post"}],"author":[{"embeddable":true,"href":"https:\/\/wp.ufpel.edu.br\/projetogama\/wp-json\/wp\/v2\/users\/437"}],"replies":[{"embeddable":true,"href":"https:\/\/wp.ufpel.edu.br\/projetogama\/wp-json\/wp\/v2\/comments?post=2347"}],"version-history":[{"count":7,"href":"https:\/\/wp.ufpel.edu.br\/projetogama\/wp-json\/wp\/v2\/posts\/2347\/revisions"}],"predecessor-version":[{"id":2355,"href":"https:\/\/wp.ufpel.edu.br\/projetogama\/wp-json\/wp\/v2\/posts\/2347\/revisions\/2355"}],"wp:attachment":[{"href":"https:\/\/wp.ufpel.edu.br\/projetogama\/wp-json\/wp\/v2\/media?parent=2347"}],"wp:term":[{"taxonomy":"category","embeddable":true,"href":"https:\/\/wp.ufpel.edu.br\/projetogama\/wp-json\/wp\/v2\/categories?post=2347"},{"taxonomy":"post_tag","embeddable":true,"href":"https:\/\/wp.ufpel.edu.br\/projetogama\/wp-json\/wp\/v2\/tags?post=2347"}],"curies":[{"name":"wp","href":"https:\/\/api.w.org\/{rel}","templated":true}]}}