{"id":173,"date":"2020-07-08T15:45:00","date_gmt":"2020-07-08T18:45:00","guid":{"rendered":"https:\/\/wp.ufpel.edu.br\/projetoauxilia\/?p=173"},"modified":"2020-07-08T15:45:00","modified_gmt":"2020-07-08T18:45:00","slug":"aula-inaugural","status":"publish","type":"post","link":"https:\/\/wp.ufpel.edu.br\/projetoauxilia\/2020\/07\/08\/aula-inaugural\/","title":{"rendered":"Aula Inaugural"},"content":{"rendered":"<p>Hoje damos inicio a nossa jornada de estudos rumo a prova do Enem.<\/p>\n<p>Ocorrer\u00e1 hoje, dia 08\/07, \u00e0s 20h, nossa aula inaugural, voltada para a apresenta\u00e7\u00e3o dos professores e alunos, d\u00favidas sobre as plataformas e informes sobre o andamento do curso.<img loading=\"lazy\" decoding=\"async\" class=\"size-medium wp-image-174 alignright\" src=\"https:\/\/wp.ufpel.edu.br\/projetoauxilia\/files\/2020\/07\/Aula-Inaugural-400x335.png\" alt=\"\" width=\"400\" height=\"335\" srcset=\"https:\/\/wp.ufpel.edu.br\/projetoauxilia\/files\/2020\/07\/Aula-Inaugural-400x335.png 400w, https:\/\/wp.ufpel.edu.br\/projetoauxilia\/files\/2020\/07\/Aula-Inaugural-768x644.png 768w, https:\/\/wp.ufpel.edu.br\/projetoauxilia\/files\/2020\/07\/Aula-Inaugural.png 940w\" sizes=\"auto, (max-width: 400px) 100vw, 400px\" \/><\/p>\n<p>Desejamos a todos os alunos momentos recheados de muito conhecimento e trocas com seus colegas e professores, para que todos consigam alcan\u00e7ar seus sonhos e objetivos!<\/p>\n<p>Sejam todos muito bem-vindos!<\/p>\n<p>\u00c9 um prazer para n\u00f3s fazer parte da caminhada de voc\u00eas, que possamos aprender muito juntos!<\/p>\n<p>Sucesso \u00e0 todos!<\/p>\n<p>Universidades, ai vamos n\u00f3s!!!!!!<\/p>\n","protected":false},"excerpt":{"rendered":"<p>Hoje damos inicio a nossa jornada de estudos rumo a prova do Enem. Ocorrer\u00e1 hoje, dia 08\/07, \u00e0s 20h, nossa aula inaugural, voltada para a apresenta\u00e7\u00e3o dos professores e alunos, d\u00favidas sobre as plataformas e informes sobre o andamento do curso. Desejamos a todos os alunos momentos recheados de muito conhecimento e trocas com seus &hellip; <\/p>\n<p><a class=\"more-link btn\" href=\"https:\/\/wp.ufpel.edu.br\/projetoauxilia\/2020\/07\/08\/aula-inaugural\/\">Continue lendo<\/a><\/p>\n","protected":false},"author":1019,"featured_media":0,"comment_status":"closed","ping_status":"closed","sticky":false,"template":"","format":"standard","meta":{"footnotes":""},"categories":[1],"tags":[],"class_list":["post-173","post","type-post","status-publish","format-standard","hentry","category-noticias","item-wrap"],"jetpack_featured_media_url":"","_links":{"self":[{"href":"https:\/\/wp.ufpel.edu.br\/projetoauxilia\/wp-json\/wp\/v2\/posts\/173","targetHints":{"allow":["GET"]}}],"collection":[{"href":"https:\/\/wp.ufpel.edu.br\/projetoauxilia\/wp-json\/wp\/v2\/posts"}],"about":[{"href":"https:\/\/wp.ufpel.edu.br\/projetoauxilia\/wp-json\/wp\/v2\/types\/post"}],"author":[{"embeddable":true,"href":"https:\/\/wp.ufpel.edu.br\/projetoauxilia\/wp-json\/wp\/v2\/users\/1019"}],"replies":[{"embeddable":true,"href":"https:\/\/wp.ufpel.edu.br\/projetoauxilia\/wp-json\/wp\/v2\/comments?post=173"}],"version-history":[{"count":1,"href":"https:\/\/wp.ufpel.edu.br\/projetoauxilia\/wp-json\/wp\/v2\/posts\/173\/revisions"}],"predecessor-version":[{"id":175,"href":"https:\/\/wp.ufpel.edu.br\/projetoauxilia\/wp-json\/wp\/v2\/posts\/173\/revisions\/175"}],"wp:attachment":[{"href":"https:\/\/wp.ufpel.edu.br\/projetoauxilia\/wp-json\/wp\/v2\/media?parent=173"}],"wp:term":[{"taxonomy":"category","embeddable":true,"href":"https:\/\/wp.ufpel.edu.br\/projetoauxilia\/wp-json\/wp\/v2\/categories?post=173"},{"taxonomy":"post_tag","embeddable":true,"href":"https:\/\/wp.ufpel.edu.br\/projetoauxilia\/wp-json\/wp\/v2\/tags?post=173"}],"curies":[{"name":"wp","href":"https:\/\/api.w.org\/{rel}","templated":true}]}}