{"id":107,"date":"2020-06-17T11:45:00","date_gmt":"2020-06-17T14:45:00","guid":{"rendered":"https:\/\/wp.ufpel.edu.br\/projetoauxilia\/?p=107"},"modified":"2020-06-17T11:45:00","modified_gmt":"2020-06-17T14:45:00","slug":"inicio-do-curso","status":"publish","type":"post","link":"https:\/\/wp.ufpel.edu.br\/projetoauxilia\/2020\/06\/17\/inicio-do-curso\/","title":{"rendered":"Inicio do Curso"},"content":{"rendered":"<p style=\"text-align: justify\">\u00a0 \u00a0 \u00a0\u00c9 com muita alegria que anunciamos que a primeira edi\u00e7\u00e3o do AUXILIA \u2013 Preparat\u00f3rio para o Enem foi um SUCESSO!! Totalizamos mais de 500 inscri\u00e7\u00f5es!!!!<br \/>\nInfelizmente n\u00e3o conseguiremos atender todos da forma<img loading=\"lazy\" decoding=\"async\" class=\" wp-image-108 alignleft\" src=\"https:\/\/wp.ufpel.edu.br\/projetoauxilia\/files\/2020\/06\/Inicio-das-aulas-400x335.png\" alt=\"\" width=\"325\" height=\"273\" srcset=\"https:\/\/wp.ufpel.edu.br\/projetoauxilia\/files\/2020\/06\/Inicio-das-aulas-400x335.png 400w, https:\/\/wp.ufpel.edu.br\/projetoauxilia\/files\/2020\/06\/Inicio-das-aulas-768x644.png 768w, https:\/\/wp.ufpel.edu.br\/projetoauxilia\/files\/2020\/06\/Inicio-das-aulas.png 940w\" sizes=\"auto, (max-width: 325px) 100vw, 325px\" \/> que gostar\u00edamos. Selecionamos 50 alunos para participar do curso. O m\u00e9todo de sele\u00e7\u00e3o utilizado foi o sorteio, isso torna a escolha mais justa, com todos os inscritos possuindo as mesmas chances. Das 50 vagas, 35 foram destinadas a alunos com renda igual ou inferior a um sal\u00e1rio m\u00ednimo e meio e as 15 vagas restantes foram sorteadas entre os demais inscritos.<br \/>\nOs alunos selecionados j\u00e1 receberam um e-mail e precisam confirmar seu interesse em participar do curso at\u00e9 essa sexta-feira (19\/06\/20). Os demais, que n\u00e3o foram selecionados, gostar\u00edamos de dizer que sentimos muito e que apesar disso, vamos disponibilizar os planos de estudos e materiais semanais aqui no site.<br \/>\nAcompanhem nossas redes sociais, em breve teremos muitas novidades: dicas de prepara\u00e7\u00e3o para as provas do ENEM e lives com convidados especiais.<br \/>\nLembramos que o in\u00edcio do curso est\u00e1 previsto para julho.<\/p>\n<p>&nbsp;<\/p>\n<p style=\"text-align: justify\">\u00a0 \u00a0 \u00a0 \u00a0 \u00a0 \u00a0 \u00a0 \u00a0 \u00a0 \u00a0 \u00a0 \u00a0 \u00a0 \u00a0 \u00a0 \u00a0 \u00a0 \u00a0 \u00a0 \u00a0 \u00a0 \u00a0 \u00a0 \u00a0 \u00a0 \u00a0 \u00a0 \u00a0 \u00a0 \u00a0 \u00a0 \u00a0 \u00a0 \u00a0 \u00a0 \u00a0 \u00a0 \u00a0 \u00a0 \u00a0 \u00a0 \u00a0 \u00a0 \u00a0BORA ESTUDAR E ARRASAR NO ENEM!<\/p>\n","protected":false},"excerpt":{"rendered":"<p>\u00a0 \u00a0 \u00a0\u00c9 com muita alegria que anunciamos que a primeira edi\u00e7\u00e3o do AUXILIA \u2013 Preparat\u00f3rio para o Enem foi um SUCESSO!! Totalizamos mais de 500 inscri\u00e7\u00f5es!!!! Infelizmente n\u00e3o conseguiremos atender todos da forma que gostar\u00edamos. Selecionamos 50 alunos para participar do curso. O m\u00e9todo de sele\u00e7\u00e3o utilizado foi o sorteio, isso torna a escolha &hellip; <\/p>\n<p><a class=\"more-link btn\" href=\"https:\/\/wp.ufpel.edu.br\/projetoauxilia\/2020\/06\/17\/inicio-do-curso\/\">Continue lendo<\/a><\/p>\n","protected":false},"author":1019,"featured_media":0,"comment_status":"closed","ping_status":"closed","sticky":false,"template":"","format":"standard","meta":{"footnotes":""},"categories":[1],"tags":[],"class_list":["post-107","post","type-post","status-publish","format-standard","hentry","category-noticias","item-wrap"],"jetpack_featured_media_url":"","_links":{"self":[{"href":"https:\/\/wp.ufpel.edu.br\/projetoauxilia\/wp-json\/wp\/v2\/posts\/107","targetHints":{"allow":["GET"]}}],"collection":[{"href":"https:\/\/wp.ufpel.edu.br\/projetoauxilia\/wp-json\/wp\/v2\/posts"}],"about":[{"href":"https:\/\/wp.ufpel.edu.br\/projetoauxilia\/wp-json\/wp\/v2\/types\/post"}],"author":[{"embeddable":true,"href":"https:\/\/wp.ufpel.edu.br\/projetoauxilia\/wp-json\/wp\/v2\/users\/1019"}],"replies":[{"embeddable":true,"href":"https:\/\/wp.ufpel.edu.br\/projetoauxilia\/wp-json\/wp\/v2\/comments?post=107"}],"version-history":[{"count":1,"href":"https:\/\/wp.ufpel.edu.br\/projetoauxilia\/wp-json\/wp\/v2\/posts\/107\/revisions"}],"predecessor-version":[{"id":109,"href":"https:\/\/wp.ufpel.edu.br\/projetoauxilia\/wp-json\/wp\/v2\/posts\/107\/revisions\/109"}],"wp:attachment":[{"href":"https:\/\/wp.ufpel.edu.br\/projetoauxilia\/wp-json\/wp\/v2\/media?parent=107"}],"wp:term":[{"taxonomy":"category","embeddable":true,"href":"https:\/\/wp.ufpel.edu.br\/projetoauxilia\/wp-json\/wp\/v2\/categories?post=107"},{"taxonomy":"post_tag","embeddable":true,"href":"https:\/\/wp.ufpel.edu.br\/projetoauxilia\/wp-json\/wp\/v2\/tags?post=107"}],"curies":[{"name":"wp","href":"https:\/\/api.w.org\/{rel}","templated":true}]}}