{"id":3117,"date":"2025-11-26T09:38:30","date_gmt":"2025-11-26T12:38:30","guid":{"rendered":"https:\/\/wp.ufpel.edu.br\/prograufaurb\/?p=3117"},"modified":"2025-11-26T09:38:30","modified_gmt":"2025-11-26T12:38:30","slug":"v-congresso-internacional-passive-house-brasil-2025","status":"publish","type":"post","link":"https:\/\/wp.ufpel.edu.br\/prograufaurb\/2025\/11\/26\/v-congresso-internacional-passive-house-brasil-2025\/","title":{"rendered":"V Congresso Internacional Passive House Brasil 2025."},"content":{"rendered":"<p style=\"text-align: justify;\">O\u00a0<strong>V Congresso Internacional Passive House Brasil 2025<\/strong>\u00a0\u00e9 um evento de debate sobre solu\u00e7\u00f5es t\u00e9cnicas e pr\u00e1ticas dos conceitos da norma alem\u00e3, aplicados ao clima brasileiro, que\u00a0<strong>ocorrer\u00e1 no dia 02 de dezembro de 2025, de maneira remota (online) e com participa\u00e7\u00e3o gratuita<\/strong>.<br \/>\nO conceito da Passivhaus (Passive House ou Casa Passiva) traz solu\u00e7\u00f5es para edif\u00edcios com elevado n\u00edvel de conforto t\u00e9rmico interior e baixo consumo de energia, ou seja, com alto desempenho termoenerg\u00e9tico.<br \/>\nO evento ocorre a n\u00edvel nacional e \u00e9 o \u00fanico nesta \u00e1rea no pa\u00eds. Os palestrantes s\u00e3o convidados internacionais com vasta experi\u00eancia na \u00e1rea da constru\u00e7\u00e3o e na aplica\u00e7\u00e3o dos conceitos da norma Passive House em v\u00e1rios contextos clim\u00e1ticos.<\/p>\n<blockquote class=\"wp-embedded-content\" data-secret=\"BpHLOW4h5i\"><p><a href=\"https:\/\/wp.ufpel.edu.br\/passivehousebrasil2025\/programacao\/\">PROGRAMA\u00c7\u00c3O<\/a><\/p><\/blockquote>\n<p><iframe loading=\"lazy\" class=\"wp-embedded-content\" sandbox=\"allow-scripts\" security=\"restricted\" style=\"position: absolute; visibility: hidden;\" title=\"&#8220;PROGRAMA\u00c7\u00c3O&#8221; &#8212; V Congresso Internacional Passive House Brasil 2025\" src=\"https:\/\/wp.ufpel.edu.br\/passivehousebrasil2025\/programacao\/embed\/#?secret=NbTqrGDad6#?secret=BpHLOW4h5i\" data-secret=\"BpHLOW4h5i\" width=\"600\" height=\"338\" frameborder=\"0\" marginwidth=\"0\" marginheight=\"0\" scrolling=\"no\"><\/iframe><\/p>\n","protected":false},"excerpt":{"rendered":"<p>O\u00a0V Congresso Internacional Passive House Brasil 2025\u00a0\u00e9 um evento de debate sobre solu\u00e7\u00f5es t\u00e9cnicas e pr\u00e1ticas dos conceitos da norma alem\u00e3, aplicados ao clima brasileiro, que\u00a0ocorrer\u00e1 no dia 02 de dezembro de 2025, de maneira remota (online) e com participa\u00e7\u00e3o gratuita. O conceito da Passivhaus (Passive House ou Casa Passiva) traz solu\u00e7\u00f5es para edif\u00edcios com [&hellip;]<\/p>\n","protected":false},"author":1345,"featured_media":3119,"comment_status":"closed","ping_status":"closed","sticky":false,"template":"","format":"standard","meta":{"footnotes":""},"categories":[1],"tags":[],"class_list":["post-3117","post","type-post","status-publish","format-standard","has-post-thumbnail","hentry","category-noticias"],"jetpack_featured_media_url":"https:\/\/wp.ufpel.edu.br\/prograufaurb\/files\/2025\/11\/Passive-House.jpg","_links":{"self":[{"href":"https:\/\/wp.ufpel.edu.br\/prograufaurb\/wp-json\/wp\/v2\/posts\/3117","targetHints":{"allow":["GET"]}}],"collection":[{"href":"https:\/\/wp.ufpel.edu.br\/prograufaurb\/wp-json\/wp\/v2\/posts"}],"about":[{"href":"https:\/\/wp.ufpel.edu.br\/prograufaurb\/wp-json\/wp\/v2\/types\/post"}],"author":[{"embeddable":true,"href":"https:\/\/wp.ufpel.edu.br\/prograufaurb\/wp-json\/wp\/v2\/users\/1345"}],"replies":[{"embeddable":true,"href":"https:\/\/wp.ufpel.edu.br\/prograufaurb\/wp-json\/wp\/v2\/comments?post=3117"}],"version-history":[{"count":1,"href":"https:\/\/wp.ufpel.edu.br\/prograufaurb\/wp-json\/wp\/v2\/posts\/3117\/revisions"}],"predecessor-version":[{"id":3120,"href":"https:\/\/wp.ufpel.edu.br\/prograufaurb\/wp-json\/wp\/v2\/posts\/3117\/revisions\/3120"}],"wp:featuredmedia":[{"embeddable":true,"href":"https:\/\/wp.ufpel.edu.br\/prograufaurb\/wp-json\/wp\/v2\/media\/3119"}],"wp:attachment":[{"href":"https:\/\/wp.ufpel.edu.br\/prograufaurb\/wp-json\/wp\/v2\/media?parent=3117"}],"wp:term":[{"taxonomy":"category","embeddable":true,"href":"https:\/\/wp.ufpel.edu.br\/prograufaurb\/wp-json\/wp\/v2\/categories?post=3117"},{"taxonomy":"post_tag","embeddable":true,"href":"https:\/\/wp.ufpel.edu.br\/prograufaurb\/wp-json\/wp\/v2\/tags?post=3117"}],"curies":[{"name":"wp","href":"https:\/\/api.w.org\/{rel}","templated":true}]}}