{"id":2774,"date":"2025-07-15T11:58:25","date_gmt":"2025-07-15T14:58:25","guid":{"rendered":"https:\/\/wp.ufpel.edu.br\/prograufaurb\/?p=2774"},"modified":"2025-07-17T08:44:58","modified_gmt":"2025-07-17T11:44:58","slug":"palestra-moradia-autogestao-panorama-do-ciclo-recente-no-brasil","status":"publish","type":"post","link":"https:\/\/wp.ufpel.edu.br\/prograufaurb\/2025\/07\/15\/palestra-moradia-autogestao-panorama-do-ciclo-recente-no-brasil\/","title":{"rendered":"Palestra &#8211; Moradia &#038; autogest\u00e3o: panorama do ciclo recente no Brasil (aten\u00e7\u00e3o para a mudan\u00e7a de local)"},"content":{"rendered":"<p><img loading=\"lazy\" decoding=\"async\" class=\"alignnone size-medium wp-image-2825 aligncenter\" src=\"https:\/\/wp.ufpel.edu.br\/prograufaurb\/files\/2025\/06\/WhatsApp-Image-2025-07-15-at-13.54.00-320x400.jpeg\" alt=\"\" width=\"320\" height=\"400\" srcset=\"https:\/\/wp.ufpel.edu.br\/prograufaurb\/files\/2025\/06\/WhatsApp-Image-2025-07-15-at-13.54.00-320x400.jpeg 320w, https:\/\/wp.ufpel.edu.br\/prograufaurb\/files\/2025\/06\/WhatsApp-Image-2025-07-15-at-13.54.00-819x1024.jpeg 819w, https:\/\/wp.ufpel.edu.br\/prograufaurb\/files\/2025\/06\/WhatsApp-Image-2025-07-15-at-13.54.00-768x960.jpeg 768w, https:\/\/wp.ufpel.edu.br\/prograufaurb\/files\/2025\/06\/WhatsApp-Image-2025-07-15-at-13.54.00.jpeg 1024w\" sizes=\"auto, (max-width: 320px) 100vw, 320px\" \/><\/p>\n","protected":false},"excerpt":{"rendered":"","protected":false},"author":1345,"featured_media":2825,"comment_status":"closed","ping_status":"closed","sticky":false,"template":"","format":"standard","meta":{"footnotes":""},"categories":[1],"tags":[],"class_list":["post-2774","post","type-post","status-publish","format-standard","has-post-thumbnail","hentry","category-noticias"],"jetpack_featured_media_url":"https:\/\/wp.ufpel.edu.br\/prograufaurb\/files\/2025\/06\/WhatsApp-Image-2025-07-15-at-13.54.00.jpeg","_links":{"self":[{"href":"https:\/\/wp.ufpel.edu.br\/prograufaurb\/wp-json\/wp\/v2\/posts\/2774","targetHints":{"allow":["GET"]}}],"collection":[{"href":"https:\/\/wp.ufpel.edu.br\/prograufaurb\/wp-json\/wp\/v2\/posts"}],"about":[{"href":"https:\/\/wp.ufpel.edu.br\/prograufaurb\/wp-json\/wp\/v2\/types\/post"}],"author":[{"embeddable":true,"href":"https:\/\/wp.ufpel.edu.br\/prograufaurb\/wp-json\/wp\/v2\/users\/1345"}],"replies":[{"embeddable":true,"href":"https:\/\/wp.ufpel.edu.br\/prograufaurb\/wp-json\/wp\/v2\/comments?post=2774"}],"version-history":[{"count":3,"href":"https:\/\/wp.ufpel.edu.br\/prograufaurb\/wp-json\/wp\/v2\/posts\/2774\/revisions"}],"predecessor-version":[{"id":2829,"href":"https:\/\/wp.ufpel.edu.br\/prograufaurb\/wp-json\/wp\/v2\/posts\/2774\/revisions\/2829"}],"wp:featuredmedia":[{"embeddable":true,"href":"https:\/\/wp.ufpel.edu.br\/prograufaurb\/wp-json\/wp\/v2\/media\/2825"}],"wp:attachment":[{"href":"https:\/\/wp.ufpel.edu.br\/prograufaurb\/wp-json\/wp\/v2\/media?parent=2774"}],"wp:term":[{"taxonomy":"category","embeddable":true,"href":"https:\/\/wp.ufpel.edu.br\/prograufaurb\/wp-json\/wp\/v2\/categories?post=2774"},{"taxonomy":"post_tag","embeddable":true,"href":"https:\/\/wp.ufpel.edu.br\/prograufaurb\/wp-json\/wp\/v2\/tags?post=2774"}],"curies":[{"name":"wp","href":"https:\/\/api.w.org\/{rel}","templated":true}]}}