{"id":2769,"date":"2025-07-15T11:55:57","date_gmt":"2025-07-15T14:55:57","guid":{"rendered":"https:\/\/wp.ufpel.edu.br\/prograufaurb\/?p=2769"},"modified":"2025-07-15T16:14:50","modified_gmt":"2025-07-15T19:14:50","slug":"seminario-metodologias-participativas-em-estudos-urbanos-para-justica-social","status":"publish","type":"post","link":"https:\/\/wp.ufpel.edu.br\/prograufaurb\/2025\/07\/15\/seminario-metodologias-participativas-em-estudos-urbanos-para-justica-social\/","title":{"rendered":"SEMIN\u00c1RIO METODOLOGIAS PARTICIPATIVAS EM ESTUDOS URBANOS PARA JUSTI\u00c7A SOCIAL (aten\u00e7\u00e3o para a mudan\u00e7a de local)"},"content":{"rendered":"<p style=\"text-align: center;\"><img loading=\"lazy\" decoding=\"async\" class=\"alignnone size-medium wp-image-2827\" src=\"https:\/\/wp.ufpel.edu.br\/prograufaurb\/files\/2025\/06\/WhatsApp-Image-2025-07-15-at-13.51.13-400x289.jpeg\" alt=\"\" width=\"400\" height=\"289\" srcset=\"https:\/\/wp.ufpel.edu.br\/prograufaurb\/files\/2025\/06\/WhatsApp-Image-2025-07-15-at-13.51.13-400x289.jpeg 400w, https:\/\/wp.ufpel.edu.br\/prograufaurb\/files\/2025\/06\/WhatsApp-Image-2025-07-15-at-13.51.13-1024x741.jpeg 1024w, https:\/\/wp.ufpel.edu.br\/prograufaurb\/files\/2025\/06\/WhatsApp-Image-2025-07-15-at-13.51.13-768x556.jpeg 768w, https:\/\/wp.ufpel.edu.br\/prograufaurb\/files\/2025\/06\/WhatsApp-Image-2025-07-15-at-13.51.13.jpeg 1280w\" sizes=\"auto, (max-width: 400px) 100vw, 400px\" \/><\/p>\n<p>&nbsp;<\/p>\n<p style=\"text-align: center;\"><span style=\"font-family: arial, helvetica, sans-serif; font-size: 14pt;\">Cronograma: <span style=\"color: #ff9900;\"><strong><a style=\"color: #ff9900;\" href=\"https:\/\/wp.ufpel.edu.br\/prograufaurb\/files\/2025\/06\/UFPEL_seminario_metodologias_participativas.pdf\" target=\"_blank\" rel=\"noopener\">UFPEL_seminario_metodologias_participativas<\/a><\/strong><\/span><\/span><\/p>\n","protected":false},"excerpt":{"rendered":"<p>&nbsp; Cronograma: UFPEL_seminario_metodologias_participativas<\/p>\n","protected":false},"author":1345,"featured_media":2771,"comment_status":"closed","ping_status":"closed","sticky":false,"template":"","format":"standard","meta":{"footnotes":""},"categories":[1],"tags":[],"class_list":["post-2769","post","type-post","status-publish","format-standard","has-post-thumbnail","hentry","category-noticias"],"jetpack_featured_media_url":"https:\/\/wp.ufpel.edu.br\/prograufaurb\/files\/2025\/06\/WhatsApp-Image-2025-06-30-at-11.33.28.jpeg","_links":{"self":[{"href":"https:\/\/wp.ufpel.edu.br\/prograufaurb\/wp-json\/wp\/v2\/posts\/2769","targetHints":{"allow":["GET"]}}],"collection":[{"href":"https:\/\/wp.ufpel.edu.br\/prograufaurb\/wp-json\/wp\/v2\/posts"}],"about":[{"href":"https:\/\/wp.ufpel.edu.br\/prograufaurb\/wp-json\/wp\/v2\/types\/post"}],"author":[{"embeddable":true,"href":"https:\/\/wp.ufpel.edu.br\/prograufaurb\/wp-json\/wp\/v2\/users\/1345"}],"replies":[{"embeddable":true,"href":"https:\/\/wp.ufpel.edu.br\/prograufaurb\/wp-json\/wp\/v2\/comments?post=2769"}],"version-history":[{"count":3,"href":"https:\/\/wp.ufpel.edu.br\/prograufaurb\/wp-json\/wp\/v2\/posts\/2769\/revisions"}],"predecessor-version":[{"id":2830,"href":"https:\/\/wp.ufpel.edu.br\/prograufaurb\/wp-json\/wp\/v2\/posts\/2769\/revisions\/2830"}],"wp:featuredmedia":[{"embeddable":true,"href":"https:\/\/wp.ufpel.edu.br\/prograufaurb\/wp-json\/wp\/v2\/media\/2771"}],"wp:attachment":[{"href":"https:\/\/wp.ufpel.edu.br\/prograufaurb\/wp-json\/wp\/v2\/media?parent=2769"}],"wp:term":[{"taxonomy":"category","embeddable":true,"href":"https:\/\/wp.ufpel.edu.br\/prograufaurb\/wp-json\/wp\/v2\/categories?post=2769"},{"taxonomy":"post_tag","embeddable":true,"href":"https:\/\/wp.ufpel.edu.br\/prograufaurb\/wp-json\/wp\/v2\/tags?post=2769"}],"curies":[{"name":"wp","href":"https:\/\/api.w.org\/{rel}","templated":true}]}}