{"id":2344,"date":"2025-03-08T01:23:31","date_gmt":"2025-03-08T04:23:31","guid":{"rendered":"https:\/\/wp.ufpel.edu.br\/prograufaurb\/?p=2344"},"modified":"2025-03-08T01:26:01","modified_gmt":"2025-03-08T04:26:01","slug":"salas-semestre-1-2025-prograu","status":"publish","type":"post","link":"https:\/\/wp.ufpel.edu.br\/prograufaurb\/2025\/03\/08\/salas-semestre-1-2025-prograu\/","title":{"rendered":"Salas semestre 1\/2025 PROGRAU"},"content":{"rendered":"<h1>Acesse a grade de hor\u00e1rios com as respectivas salas referente ao semestre que inicia na segunda-feira, 10\/03:<span style=\"color: #ff9900;\"> <a style=\"color: #ff9900;\" href=\"https:\/\/wp.ufpel.edu.br\/prograufaurb\/files\/2025\/03\/horario-1-semestre-2025.pdf\">horario 1\u00b0 semestre 2025<\/a><\/span><\/h1>\n<p style=\"text-align: center;\"><span style=\"color: #ff0000;\"><strong>Obs.: \u00c0 disciplina de &#8220;Preserva\u00e7\u00e3o de bens culturais: Abordagens te\u00f3ricas e metodol\u00f3gicas&#8221; ser\u00e1 acrescentado mais um hor\u00e1rio todas as quinta-feiras. Em breve divulgaremos a sala de aula e atualiza\u00e7\u00e3o da grade de hor\u00e1rios.<\/strong><\/span><\/p>\n","protected":false},"excerpt":{"rendered":"<p>Acesse a grade de hor\u00e1rios com as respectivas salas referente ao semestre que inicia na segunda-feira, 10\/03: horario 1\u00b0 semestre 2025 Obs.: \u00c0 disciplina de &#8220;Preserva\u00e7\u00e3o de bens culturais: Abordagens te\u00f3ricas e metodol\u00f3gicas&#8221; ser\u00e1 acrescentado mais um hor\u00e1rio todas as quinta-feiras. Em breve divulgaremos a sala de aula e atualiza\u00e7\u00e3o da grade de hor\u00e1rios.<\/p>\n","protected":false},"author":1345,"featured_media":1587,"comment_status":"closed","ping_status":"closed","sticky":false,"template":"","format":"standard","meta":{"footnotes":""},"categories":[1],"tags":[],"class_list":["post-2344","post","type-post","status-publish","format-standard","has-post-thumbnail","hentry","category-noticias"],"jetpack_featured_media_url":"https:\/\/wp.ufpel.edu.br\/prograufaurb\/files\/2024\/04\/11.jpg","_links":{"self":[{"href":"https:\/\/wp.ufpel.edu.br\/prograufaurb\/wp-json\/wp\/v2\/posts\/2344","targetHints":{"allow":["GET"]}}],"collection":[{"href":"https:\/\/wp.ufpel.edu.br\/prograufaurb\/wp-json\/wp\/v2\/posts"}],"about":[{"href":"https:\/\/wp.ufpel.edu.br\/prograufaurb\/wp-json\/wp\/v2\/types\/post"}],"author":[{"embeddable":true,"href":"https:\/\/wp.ufpel.edu.br\/prograufaurb\/wp-json\/wp\/v2\/users\/1345"}],"replies":[{"embeddable":true,"href":"https:\/\/wp.ufpel.edu.br\/prograufaurb\/wp-json\/wp\/v2\/comments?post=2344"}],"version-history":[{"count":3,"href":"https:\/\/wp.ufpel.edu.br\/prograufaurb\/wp-json\/wp\/v2\/posts\/2344\/revisions"}],"predecessor-version":[{"id":2348,"href":"https:\/\/wp.ufpel.edu.br\/prograufaurb\/wp-json\/wp\/v2\/posts\/2344\/revisions\/2348"}],"wp:featuredmedia":[{"embeddable":true,"href":"https:\/\/wp.ufpel.edu.br\/prograufaurb\/wp-json\/wp\/v2\/media\/1587"}],"wp:attachment":[{"href":"https:\/\/wp.ufpel.edu.br\/prograufaurb\/wp-json\/wp\/v2\/media?parent=2344"}],"wp:term":[{"taxonomy":"category","embeddable":true,"href":"https:\/\/wp.ufpel.edu.br\/prograufaurb\/wp-json\/wp\/v2\/categories?post=2344"},{"taxonomy":"post_tag","embeddable":true,"href":"https:\/\/wp.ufpel.edu.br\/prograufaurb\/wp-json\/wp\/v2\/tags?post=2344"}],"curies":[{"name":"wp","href":"https:\/\/api.w.org\/{rel}","templated":true}]}}