{"id":1450,"date":"2024-02-15T09:09:02","date_gmt":"2024-02-15T12:09:02","guid":{"rendered":"https:\/\/wp.ufpel.edu.br\/prograufaurb\/?p=1450"},"modified":"2024-02-15T09:09:02","modified_gmt":"2024-02-15T12:09:02","slug":"professora-lisandra-krebs-recebe-reconhecimento-em-comemoracao-ao-dia-internacional-de-mulheres-e-meninas-na-ciencia","status":"publish","type":"post","link":"https:\/\/wp.ufpel.edu.br\/prograufaurb\/2024\/02\/15\/professora-lisandra-krebs-recebe-reconhecimento-em-comemoracao-ao-dia-internacional-de-mulheres-e-meninas-na-ciencia\/","title":{"rendered":"Professora Lisandra Krebs recebe reconhecimento em comemora\u00e7\u00e3o ao dia internacional de mulheres e meninas na ci\u00eancia"},"content":{"rendered":"<p>Confira a publica\u00e7\u00e3o em comemora\u00e7\u00e3o ao dia internacional de mulheres e meninas na ci\u00eancia, 11 de fevereiro, que foi feita na p\u00e1gina do CAU:\u00a0<a href=\"https:\/\/www.instagram.com\/p\/C3NiKrmvEaD\/?img_index=3\">https:\/\/www.instagram.com\/p\/C3NiKrmvEaD\/?img_index=3<\/a><\/p>\n<p>\u201cArquitetas e urbanistas cientistas s\u00e3o profissionais fundamentais para o desenvolvimento da profiss\u00e3o, pesquisando e desenvolvendo solu\u00e7\u00f5es para melhorar a vida na casa e na cidade.<\/p>\n<p>\u27a1\ufe0f\u00a0Conhe\u00e7a diversos exemplos para as atuais e futuras gera\u00e7\u00f5es de mulheres e meninas da ci\u00eancia!\u201d<\/p>\n<p>&nbsp;<\/p>\n<p><img loading=\"lazy\" decoding=\"async\" class=\"alignnone size-medium wp-image-5026\" src=\"https:\/\/wp.ufpel.edu.br\/prograu\/files\/2024\/02\/1-331x400.jpeg\" sizes=\"auto, (max-width: 331px) 100vw, 331px\" srcset=\"https:\/\/wp.ufpel.edu.br\/prograu\/files\/2024\/02\/1-331x400.jpeg 331w, https:\/\/wp.ufpel.edu.br\/prograu\/files\/2024\/02\/1.jpeg 640w\" alt=\"\" width=\"331\" height=\"400\" \/>\u00a0<img loading=\"lazy\" decoding=\"async\" class=\"alignnone size-medium wp-image-5027\" src=\"https:\/\/wp.ufpel.edu.br\/prograu\/files\/2024\/02\/2-330x400.jpeg\" sizes=\"auto, (max-width: 330px) 100vw, 330px\" srcset=\"https:\/\/wp.ufpel.edu.br\/prograu\/files\/2024\/02\/2-330x400.jpeg 330w, https:\/\/wp.ufpel.edu.br\/prograu\/files\/2024\/02\/2.jpeg 640w\" alt=\"\" width=\"330\" height=\"400\" \/>\u00a0<img loading=\"lazy\" decoding=\"async\" class=\"alignnone size-medium wp-image-5028\" src=\"https:\/\/wp.ufpel.edu.br\/prograu\/files\/2024\/02\/3-329x400.jpeg\" sizes=\"auto, (max-width: 329px) 100vw, 329px\" srcset=\"https:\/\/wp.ufpel.edu.br\/prograu\/files\/2024\/02\/3-329x400.jpeg 329w, https:\/\/wp.ufpel.edu.br\/prograu\/files\/2024\/02\/3.jpeg 640w\" alt=\"\" width=\"329\" height=\"400\" \/>\u00a0<img loading=\"lazy\" decoding=\"async\" class=\"alignnone size-medium wp-image-5029\" src=\"https:\/\/wp.ufpel.edu.br\/prograu\/files\/2024\/02\/4-326x400.jpeg\" sizes=\"auto, (max-width: 326px) 100vw, 326px\" srcset=\"https:\/\/wp.ufpel.edu.br\/prograu\/files\/2024\/02\/4-326x400.jpeg 326w, https:\/\/wp.ufpel.edu.br\/prograu\/files\/2024\/02\/4.jpeg 640w\" alt=\"\" width=\"326\" height=\"400\" \/>\u00a0<img loading=\"lazy\" decoding=\"async\" class=\"alignnone size-medium wp-image-5030\" src=\"https:\/\/wp.ufpel.edu.br\/prograu\/files\/2024\/02\/5-333x400.jpeg\" sizes=\"auto, (max-width: 333px) 100vw, 333px\" srcset=\"https:\/\/wp.ufpel.edu.br\/prograu\/files\/2024\/02\/5-333x400.jpeg 333w, https:\/\/wp.ufpel.edu.br\/prograu\/files\/2024\/02\/5.jpeg 640w\" alt=\"\" width=\"333\" height=\"400\" \/>\u00a0<img loading=\"lazy\" decoding=\"async\" class=\"alignnone size-medium wp-image-5031\" src=\"https:\/\/wp.ufpel.edu.br\/prograu\/files\/2024\/02\/6-330x400.jpeg\" sizes=\"auto, (max-width: 330px) 100vw, 330px\" srcset=\"https:\/\/wp.ufpel.edu.br\/prograu\/files\/2024\/02\/6-330x400.jpeg 330w, https:\/\/wp.ufpel.edu.br\/prograu\/files\/2024\/02\/6.jpeg 640w\" alt=\"\" width=\"330\" height=\"400\" \/><\/p>\n","protected":false},"excerpt":{"rendered":"<p>Confira a publica\u00e7\u00e3o em comemora\u00e7\u00e3o ao dia internacional de mulheres e meninas na ci\u00eancia, 11 de fevereiro, que foi feita na p\u00e1gina do CAU:\u00a0https:\/\/www.instagram.com\/p\/C3NiKrmvEaD\/?img_index=3 \u201cArquitetas e urbanistas cientistas s\u00e3o profissionais fundamentais para o desenvolvimento da profiss\u00e3o, pesquisando e desenvolvendo solu\u00e7\u00f5es para melhorar a vida na casa e na cidade. \u27a1\ufe0f\u00a0Conhe\u00e7a diversos exemplos para as atuais [&hellip;]<\/p>\n","protected":false},"author":1345,"featured_media":1452,"comment_status":"closed","ping_status":"closed","sticky":false,"template":"","format":"standard","meta":{"footnotes":""},"categories":[1],"tags":[],"class_list":["post-1450","post","type-post","status-publish","format-standard","has-post-thumbnail","hentry","category-noticias"],"jetpack_featured_media_url":"https:\/\/wp.ufpel.edu.br\/prograufaurb\/files\/2024\/02\/3.jpeg","_links":{"self":[{"href":"https:\/\/wp.ufpel.edu.br\/prograufaurb\/wp-json\/wp\/v2\/posts\/1450","targetHints":{"allow":["GET"]}}],"collection":[{"href":"https:\/\/wp.ufpel.edu.br\/prograufaurb\/wp-json\/wp\/v2\/posts"}],"about":[{"href":"https:\/\/wp.ufpel.edu.br\/prograufaurb\/wp-json\/wp\/v2\/types\/post"}],"author":[{"embeddable":true,"href":"https:\/\/wp.ufpel.edu.br\/prograufaurb\/wp-json\/wp\/v2\/users\/1345"}],"replies":[{"embeddable":true,"href":"https:\/\/wp.ufpel.edu.br\/prograufaurb\/wp-json\/wp\/v2\/comments?post=1450"}],"version-history":[{"count":1,"href":"https:\/\/wp.ufpel.edu.br\/prograufaurb\/wp-json\/wp\/v2\/posts\/1450\/revisions"}],"predecessor-version":[{"id":1453,"href":"https:\/\/wp.ufpel.edu.br\/prograufaurb\/wp-json\/wp\/v2\/posts\/1450\/revisions\/1453"}],"wp:featuredmedia":[{"embeddable":true,"href":"https:\/\/wp.ufpel.edu.br\/prograufaurb\/wp-json\/wp\/v2\/media\/1452"}],"wp:attachment":[{"href":"https:\/\/wp.ufpel.edu.br\/prograufaurb\/wp-json\/wp\/v2\/media?parent=1450"}],"wp:term":[{"taxonomy":"category","embeddable":true,"href":"https:\/\/wp.ufpel.edu.br\/prograufaurb\/wp-json\/wp\/v2\/categories?post=1450"},{"taxonomy":"post_tag","embeddable":true,"href":"https:\/\/wp.ufpel.edu.br\/prograufaurb\/wp-json\/wp\/v2\/tags?post=1450"}],"curies":[{"name":"wp","href":"https:\/\/api.w.org\/{rel}","templated":true}]}}