{"id":7145,"date":"2014-11-19T13:56:17","date_gmt":"2014-11-19T15:56:17","guid":{"rendered":"https:\/\/wp.ufpel.edu.br\/progep\/?p=7145"},"modified":"2014-11-19T13:56:52","modified_gmt":"2014-11-19T15:56:52","slug":"homologacao-de-ferias-janeiro2015","status":"publish","type":"post","link":"https:\/\/wp.ufpel.edu.br\/progep\/2014\/11\/19\/homologacao-de-ferias-janeiro2015\/","title":{"rendered":"Homologa\u00e7\u00e3o de F\u00e9rias &#8211; Janeiro\/2015"},"content":{"rendered":"<p style=\"text-align: justify\">A Coordena\u00e7\u00e3o de Administra\u00e7\u00e3o de Pessoal, em virtude da indisponibilidade do Sistema Integrado de Administra\u00e7\u00e3o de Recursos Humanos &#8211; SIAPE nesta semana, alerta que o prazo para homologa\u00e7\u00e3o da f\u00e9rias programadas para terem seu in\u00edcio em Janeiro de 2015, \u00e9 a\u00a0data limite de fechamento da Folha de Pagamento m\u00eas\/ano <strong>DEZEMBRO\/2014<\/strong>, conforme\u00a0disp\u00f5e o <span style=\"color: #ff9900\"><a style=\"color: #ff9900\" href=\"https:\/\/wp.ufpel.edu.br\/progep\/files\/2014\/11\/Memorando-Circular-no-13_2014.pdf\">Memorando Circular n\u00ba 13\/2014<\/a>\u00a0<\/span>e que a partir do dia 24 de novembro o sistema estar\u00e1 reaberto para realiza\u00e7\u00e3o das homologa\u00e7\u00f5es.<\/p>\n<p style=\"text-align: justify\">Ressalta-se ainda, que dia 20 de novembro de 2014, finda o prazo para o servidores <strong><span style=\"text-decoration: underline\">SOLICITAREM<\/span><\/strong> suas f\u00e9rias com in\u00edcio em Janeiro de 2015, atrav\u00e9s dos portais <span style=\"text-decoration: underline;color: #ff9900\"><a style=\"color: #ff9900;text-decoration: underline\" href=\"www.siapenet.gov.br\">www.siapenet.gov.br<\/a><\/span><span style=\"color: #3366ff\">\u00a0<\/span>ou\u00a0<span style=\"color: #ff9900\"><a style=\"color: #ff9900\" href=\"https:\/\/servicosdoservidor.planejamento.gov.br\/web\/portal-publico-sigepe\/portal-do-servidor\"><span style=\"text-decoration: underline\">https:\/\/servicosdoservidor.planejamento.gov.br\/web\/portal-publico-sigepe\/portal-do-servidor.<\/span><\/a><\/span><\/p>\n<p style=\"text-align: justify\">Em breve informaremos a\u00a0data de fechamento da\u00a0Folha de Pagamento m\u00eas\/ano <strong>DEZEMBRO\/2014.<\/strong><\/p>\n","protected":false},"excerpt":{"rendered":"<p>A Coordena\u00e7\u00e3o de Administra\u00e7\u00e3o de Pessoal, em virtude da indisponibilidade do Sistema Integrado de Administra\u00e7\u00e3o de Recursos Humanos &#8211; SIAPE nesta semana, alerta que o prazo para homologa\u00e7\u00e3o da f\u00e9rias programadas para terem seu in\u00edcio em Janeiro de 2015, \u00e9 a\u00a0data limite de fechamento da Folha de Pagamento m\u00eas\/ano DEZEMBRO\/2014, conforme\u00a0disp\u00f5e o Memorando Circular n\u00ba [&hellip;]<\/p>\n","protected":false},"author":52,"featured_media":0,"comment_status":"closed","ping_status":"closed","sticky":false,"template":"","format":"standard","meta":{"footnotes":""},"categories":[1],"tags":[],"class_list":["post-7145","post","type-post","status-publish","format-standard","hentry","category-noticias"],"jetpack_featured_media_url":"","_links":{"self":[{"href":"https:\/\/wp.ufpel.edu.br\/progep\/wp-json\/wp\/v2\/posts\/7145","targetHints":{"allow":["GET"]}}],"collection":[{"href":"https:\/\/wp.ufpel.edu.br\/progep\/wp-json\/wp\/v2\/posts"}],"about":[{"href":"https:\/\/wp.ufpel.edu.br\/progep\/wp-json\/wp\/v2\/types\/post"}],"author":[{"embeddable":true,"href":"https:\/\/wp.ufpel.edu.br\/progep\/wp-json\/wp\/v2\/users\/52"}],"replies":[{"embeddable":true,"href":"https:\/\/wp.ufpel.edu.br\/progep\/wp-json\/wp\/v2\/comments?post=7145"}],"version-history":[{"count":3,"href":"https:\/\/wp.ufpel.edu.br\/progep\/wp-json\/wp\/v2\/posts\/7145\/revisions"}],"predecessor-version":[{"id":7148,"href":"https:\/\/wp.ufpel.edu.br\/progep\/wp-json\/wp\/v2\/posts\/7145\/revisions\/7148"}],"wp:attachment":[{"href":"https:\/\/wp.ufpel.edu.br\/progep\/wp-json\/wp\/v2\/media?parent=7145"}],"wp:term":[{"taxonomy":"category","embeddable":true,"href":"https:\/\/wp.ufpel.edu.br\/progep\/wp-json\/wp\/v2\/categories?post=7145"},{"taxonomy":"post_tag","embeddable":true,"href":"https:\/\/wp.ufpel.edu.br\/progep\/wp-json\/wp\/v2\/tags?post=7145"}],"curies":[{"name":"wp","href":"https:\/\/api.w.org\/{rel}","templated":true}]}}